{"id":3300,"date":"2023-06-23T19:57:11","date_gmt":"2023-06-24T00:57:11","guid":{"rendered":"http:\/\/derechosinfronteras.pe\/?p=8553"},"modified":"2023-10-21T06:20:41","modified_gmt":"2023-10-21T11:20:41","slug":"taller-macro-sur-andino-identidad-cultural-y-alcances-para-la-actualizacion-de-una-agenda-indigena","status":"publish","type":"post","link":"https:\/\/derechosinfronteras.pe\/ingles\/taller-macro-sur-andino-identidad-cultural-y-alcances-para-la-actualizacion-de-una-agenda-indigena\/","title":{"rendered":"Taller macro Sur Andino: Identidad cultural y alcances para la actualizaci\u00f3n de una agenda ind\u00edgena"},"content":{"rendered":"<figure class=\"wp-block-image aligncenter\"><img decoding=\"async\" src=\"http:\/\/derechosinfronteras.pe\/wp-content\/uploads\/2023\/06\/2.jpeg\" alt=\"\" class=\"wp-image-8557\"\/><\/figure>\n\n\n\n<p><strong>REFLEXI\u00d3N: Construir relaciones de convivencia y complementariedad entre los seres humanos y la naturaleza, reafirmando nuestra identidad ind\u00edgena y promoviendo el buen vivir.&nbsp;<\/strong><\/p>\n\n\n\n<p>Cuando hablamos de \u201cEl Buen Vivir\u201d, podemos reflexionar como la forma de expresar la vida en armon\u00eda y equilibro con la naturaleza, experimentando cambios permanentes hacia la calidad de vida de cada uno de los integrantes de una comunidad o pueblo ind\u00edgena en este caso.<\/p>\n\n\n\n<p>Las comunidades ind\u00edgenas, constituyen peque\u00f1os universos sociales con su propia organizaci\u00f3n, costumbres, tradiciones, pr\u00e1cticas culturales etc., que se distinguen de otras formas o tipos de asentamientos. Estas comunidades que poseen un territorio propio que no solo est\u00e1 vinculado con la tierra, sino tambi\u00e9n con el espacio geogr\u00e1fico y los recursos naturales del lugar.<\/p>\n\n\n\n<p>Bajo esta premisa, creemos importante seguir reflexionando y afirmando la identidad ind\u00edgena dentro de nuestros territorios, consolidar la estructura de las comunidades para un mayor sentido de pertenencia y cohesi\u00f3n social. Es as\u00ed que una coalici\u00f3n de instituciones como la Coordinadora Nacional de Derechos Humanos, Derechos Humanos Sin Fronteras, CooperAcci\u00f3n, Red Muqui y Fedepaz, han organizado un taller de amplia reflexi\u00f3n con m\u00e1s de 60 l\u00edderes y lideresas de las regiones de Cusco, Apurimac, Arequipa, Puno, Moquegua, Cajamarca y Junin, donde se abord\u00f3 diversos temas como:<\/p>\n\n\n\n<figure class=\"wp-block-image aligncenter\"><img decoding=\"async\" src=\"http:\/\/derechosinfronteras.pe\/wp-content\/uploads\/2023\/06\/13.jpeg\" alt=\"\" class=\"wp-image-8555\"\/><\/figure>\n\n\n\n<p>Derecho a la identidad individual y colectiva; cultura e interculturalidad. Tambi\u00e9n territorio, amenazas y gobernanza territorial; asimismo, la autonom\u00eda pol\u00edtica y econ\u00f3mica, cultural y representaci\u00f3n ind\u00edgena. Creemos que este espacio contribuy\u00f3 en la construcci\u00f3n de una agenda ind\u00edgena que promueva el buen vivir.<\/p>\n\n\n\n<p>En esta jornada que tuvo como espacio la ciudad de Cusco, durante los d\u00edas 22 y 23 de junio del presente, salieron reflexiones como: La uni\u00f3n y fortalecimiento de las autoridades originarias, compartir de saberes ancestrales, restituir el sistema de autoridad ancestral, la importancia de determinar lineamientos fundamentales para garantizar el horizonte de la cultura originaria.<\/p>\n\n\n\n<p>Tambi\u00e9n resaltaron la importancia de la mujer, indicando que deben nutrirse de conocimientos para continuar con el empoderamiento de la mujer campesina, contribuir en la defensa del idioma nativo, el fortalecimiento y defensa de los conocimientos ancestrales, sin olvidar la defensa del medio ambiente.<\/p>","protected":false},"excerpt":{"rendered":"<p>REFLEXI\u00d3N: Construir relaciones de convivencia y complementariedad entre los seres humanos y la naturaleza, reafirmando nuestra identidad ind\u00edgena y promoviendo el buen vivir.&nbsp; Cuando hablamos de \u201cEl Buen Vivir\u201d, podemos reflexionar como la forma de expresar la vida en armon\u00eda y equilibro con la naturaleza, experimentando cambios permanentes hacia la calidad de vida de cada [&hellip;]<\/p>\n","protected":false},"author":1,"featured_media":3301,"comment_status":"open","ping_status":"open","sticky":false,"template":"","format":"standard","meta":{"_monsterinsights_skip_tracking":false,"_monsterinsights_sitenote_active":false,"_monsterinsights_sitenote_note":"","_monsterinsights_sitenote_category":0,"_jetpack_memberships_contains_paid_content":false,"footnotes":"","jetpack_publicize_message":"","jetpack_publicize_feature_enabled":true,"jetpack_social_post_already_shared":false,"jetpack_social_options":{"image_generator_settings":{"template":"highway","default_image_id":0,"font":"","enabled":false},"version":2}},"categories":[1],"tags":[16],"class_list":["post-3300","post","type-post","status-publish","format-standard","has-post-thumbnail","hentry","category-sin-categoria","tag-articulos"],"blocksy_meta":[],"jetpack_publicize_connections":[],"jetpack_featured_media_url":"https:\/\/derechosinfronteras.pe\/wp-content\/uploads\/2023\/06\/13.jpeg","jetpack_sharing_enabled":true,"jetpack_likes_enabled":true,"_links":{"self":[{"href":"https:\/\/derechosinfronteras.pe\/ingles\/wp-json\/wp\/v2\/posts\/3300","targetHints":{"allow":["GET"]}}],"collection":[{"href":"https:\/\/derechosinfronteras.pe\/ingles\/wp-json\/wp\/v2\/posts"}],"about":[{"href":"https:\/\/derechosinfronteras.pe\/ingles\/wp-json\/wp\/v2\/types\/post"}],"author":[{"embeddable":true,"href":"https:\/\/derechosinfronteras.pe\/ingles\/wp-json\/wp\/v2\/users\/1"}],"replies":[{"embeddable":true,"href":"https:\/\/derechosinfronteras.pe\/ingles\/wp-json\/wp\/v2\/comments?post=3300"}],"version-history":[{"count":2,"href":"https:\/\/derechosinfronteras.pe\/ingles\/wp-json\/wp\/v2\/posts\/3300\/revisions"}],"predecessor-version":[{"id":5985,"href":"https:\/\/derechosinfronteras.pe\/ingles\/wp-json\/wp\/v2\/posts\/3300\/revisions\/5985"}],"wp:featuredmedia":[{"embeddable":true,"href":"https:\/\/derechosinfronteras.pe\/ingles\/wp-json\/wp\/v2\/media\/3301"}],"wp:attachment":[{"href":"https:\/\/derechosinfronteras.pe\/ingles\/wp-json\/wp\/v2\/media?parent=3300"}],"wp:term":[{"taxonomy":"category","embeddable":true,"href":"https:\/\/derechosinfronteras.pe\/ingles\/wp-json\/wp\/v2\/categories?post=3300"},{"taxonomy":"post_tag","embeddable":true,"href":"https:\/\/derechosinfronteras.pe\/ingles\/wp-json\/wp\/v2\/tags?post=3300"}],"curies":[{"name":"wp","href":"https:\/\/api.w.org\/{rel}","templated":true}]}}