{"id":3303,"date":"2023-05-19T11:09:28","date_gmt":"2023-05-19T16:09:28","guid":{"rendered":"http:\/\/derechosinfronteras.pe\/?p=8549"},"modified":"2023-10-13T21:15:14","modified_gmt":"2023-10-14T02:15:14","slug":"cusco-artivistas-defensoras-de-derechos-y-sobrevivientes-de-esterilizaciones-forzadas-se-unen-en-busqueda-de-verdad-justicia-y-reparaciones-integrales","status":"publish","type":"post","link":"https:\/\/derechosinfronteras.pe\/ingles\/cusco-artivistas-defensoras-de-derechos-y-sobrevivientes-de-esterilizaciones-forzadas-se-unen-en-busqueda-de-verdad-justicia-y-reparaciones-integrales\/","title":{"rendered":"Cusco: Activistas, defensoras de derechos y sobrevivientes de esterilizaciones forzadas se unen en b\u00fasqueda de verdad, justicia y reparaciones integrales"},"content":{"rendered":"<p><span style=\"font-weight: 400;\"><i>A trav\u00e9s de una exposici\u00f3n de arte colectiva, m\u00e1s de dos mil mujeres afectadas por el crimen de lesa humanidad perpetrado por el r\u00e9gimen del exdictador Alberto Fujimori, exigen celeridad y debido proceso para obtener justicia.<\/i><\/span><\/p>\n\n\n\n<p><span style=\"font-weight: 400;\">Este \u00faltimo lunes, un d\u00eda despu\u00e9s del D\u00eda de la Madre, se inaugur\u00f3 en Cusco la exposici\u00f3n de arte colectiva \u201cCr\u00f3nicas de un cuerpo silenciado: una mirada hacia las esterilizaciones forzadas\u201d que congrega las obras de quince artistas, que retratan la historia de dolor y revictimizaci\u00f3n que atraviesan las agraviadas de este delito.<\/span><\/p>\n\n\n\n<p><span style=\"font-weight: 400;\">Durante la ceremonia se hizo presente In\u00e9s Condori, coordinadora de la Asociaci\u00f3n de Mujeres Afectadas por Esterilizaciones Forzadas de la provincia de Chumbivilcas. Ella&nbsp; expres\u00f3 que desde hace 25 a\u00f1os contin\u00faan esperando acceder a la justicia.<\/span><\/p>\n\n\n\n<p><span style=\"font-weight: 400;\">\u201cEn mi provincia (Chumbivilcas) son m\u00e1s de 300 mujeres que fueron operadas, muchas no saben leer ni escribir, nadie conoce al m\u00e9dico que las oper\u00f3, o a la enfermera que las llev\u00f3. Las operaron sin preguntarles\u201d. As\u00ed tambi\u00e9n, indic\u00f3 que la justicia que no llega es una injusticia m\u00e1s.<\/span><\/p>\n\n\n\n<p><span style=\"font-weight: 400;\">Tambi\u00e9n estuvieron en este evento Juana Garc\u00eda, Mar\u00eda Ord\u00f3nez y Mar\u00eda Gurbina, presidenta y representantes de la asociaci\u00f3n en Chumbivilcas y distrito de Colquemarca, respectivamente, quienes sostuvieron que fueron vulnerados sus derechos sexuales y reproductivos.&nbsp;<\/span><\/p>\n\n\n\n<p><span style=\"font-weight: 400;\">Del mismo modo, es importante informar que la justicia chilena ya inici\u00f3 las diligencias para incluir el caso de esterilizaciones forzadas en la extradici\u00f3n de Alberto Fujimori, por lo que este tendr\u00e1 que declarar el pr\u00f3ximo viernes 19 de mayo. Se conf\u00eda que la Corte de Chile ampliar\u00e1 la extradici\u00f3n y as\u00ed el exdictador sea juzgado y condenado por esta pol\u00edtica de terror.&nbsp;<\/span><\/p>\n\n\n\n<p><span style=\"font-weight: 400;\">Por su parte, la abogada de Derechos Humanos Sin Fronteras, Yudith Conto Cantero, anunci\u00f3 que el 13 de julio se realizar\u00e1 una audiencia de vista de la causa para exponer el informe oral sobre la apelaci\u00f3n hecha por procuradur\u00eda del Ministerio de Justicia y Derechos Humanos (MINJUSDH) contra la sentencia a favor de las reparaciones integrales a las v\u00edctimas de las esterilizaciones forzadas en el proceso de amparo en curso.<\/span><\/p>\n\n\n\n<p><span style=\"font-weight: 400;\">Asimismo, Demus, organizaci\u00f3n que patrocina a las 3 hijas de Celia Ramos una de las 18 v\u00edctimas mortales de la pol\u00edtica fujimorista, record\u00f3 que la Comisi\u00f3n interamericana de derechos humanos ya determin\u00f3 que el Estado peruano es responsable de vulnerar sus derechos humanos y exhort\u00f3 a sus integrantes a no otorgar m\u00e1s pr\u00f3rrogas para que el Estado cumpla con el informe de fondo y sus deberes de hacer justicia, reparar y adoptar medidas de no repetici\u00f3n. En julio, se cumplir\u00e1n 27 a\u00f1os de impunidad de las esterilizaciones forzadas seguidas de muerte en el caso de Celia.<\/span><\/p>\n\n\n\n<p><span style=\"font-weight: 400;\">Tambi\u00e9n record\u00f3 que el pr\u00f3ximo 26 de agosto del 2023 se cumplir\u00e1n 20 a\u00f1os de la firma del ASA (Acuerdo de Soluci\u00f3n Amistosa) en el caso de Mam\u00e9rita Mestanza sin que el Estado peruano haya cumplido con sus obligaciones de hacer justicia y reparar conforme lo recomend\u00f3 la Defensor\u00eda del Pueblo.<\/span><\/p>\n\n\n\n<p><span style=\"font-weight: 400;\">El tiempo pasa, y la impunidad abona para que el Fujimorismo practique el negacionismo en perjuicio de la verdad, la justicia y la dignidad de las v\u00edctimas. Y por ello, artivistas, v\u00edctimas y defensoras de derechos humanos se unen por la memoria para que los cr\u00edmenes de lesa humanidad no se repitan y queden impunes.<\/span><\/p>\n\n\n\n<p><span style=\"font-weight: 400;\">Finalmente, la exhibici\u00f3n, bajo la curadur\u00eda de Yar\u00e9 Col\u00e1n, estar\u00e1 abierta al p\u00fablico toda la semana en el local Ukukus Casa Cultural, ubicado en la <\/span><span style=\"font-weight: 400;\">calle Mes\u00f3n de la Estrella N\u00b0 172, Cusco, referencia a tres cuadras de la plaza principal. El mes pasado esta misma muestra fue inaugurada en la Galer\u00eda Fisura, distrito de Barranco, Lima.&nbsp;<\/span><\/p>\n\n\n\n<p><span style=\"font-weight: 400;\">Vale precisar que esta muestra art\u00edstica fue organizada por la plataforma Somos 2074 y Muchas M\u00e1s, Estudio para la Defensa de los Derechos de la Mujer &#8211; DEMUS, Derechos Humanos Sin Fronteras y la Asociaci\u00f3n de Mujeres Afectadas por las Esterilizaciones Forzadas de Chumbivilcas.&nbsp;<\/span><\/p>","protected":false},"excerpt":{"rendered":"<p>A trav\u00e9s de una exposici\u00f3n de arte colectiva, m\u00e1s de dos mil mujeres afectadas por el crimen de lesa humanidad perpetrado por el r\u00e9gimen del exdictador Alberto Fujimori, exigen celeridad y debido proceso para obtener justicia. Este \u00faltimo lunes, un d\u00eda despu\u00e9s del D\u00eda de la Madre, se inaugur\u00f3 en Cusco la exposici\u00f3n de arte [&hellip;]<\/p>\n","protected":false},"author":1,"featured_media":3304,"comment_status":"open","ping_status":"open","sticky":false,"template":"","format":"standard","meta":{"_monsterinsights_skip_tracking":false,"_monsterinsights_sitenote_active":false,"_monsterinsights_sitenote_note":"","_monsterinsights_sitenote_category":0,"_jetpack_memberships_contains_paid_content":false,"footnotes":"","jetpack_publicize_message":"","jetpack_publicize_feature_enabled":true,"jetpack_social_post_already_shared":false,"jetpack_social_options":{"image_generator_settings":{"template":"highway","default_image_id":0,"font":"","enabled":false},"version":2}},"categories":[1],"tags":[],"class_list":["post-3303","post","type-post","status-publish","format-standard","has-post-thumbnail","hentry","category-sin-categoria"],"blocksy_meta":[],"jetpack_publicize_connections":[],"jetpack_featured_media_url":"https:\/\/derechosinfronteras.pe\/wp-content\/uploads\/2023\/05\/eeff.jpg","jetpack_sharing_enabled":true,"jetpack_likes_enabled":true,"_links":{"self":[{"href":"https:\/\/derechosinfronteras.pe\/ingles\/wp-json\/wp\/v2\/posts\/3303","targetHints":{"allow":["GET"]}}],"collection":[{"href":"https:\/\/derechosinfronteras.pe\/ingles\/wp-json\/wp\/v2\/posts"}],"about":[{"href":"https:\/\/derechosinfronteras.pe\/ingles\/wp-json\/wp\/v2\/types\/post"}],"author":[{"embeddable":true,"href":"https:\/\/derechosinfronteras.pe\/ingles\/wp-json\/wp\/v2\/users\/1"}],"replies":[{"embeddable":true,"href":"https:\/\/derechosinfronteras.pe\/ingles\/wp-json\/wp\/v2\/comments?post=3303"}],"version-history":[{"count":2,"href":"https:\/\/derechosinfronteras.pe\/ingles\/wp-json\/wp\/v2\/posts\/3303\/revisions"}],"predecessor-version":[{"id":5849,"href":"https:\/\/derechosinfronteras.pe\/ingles\/wp-json\/wp\/v2\/posts\/3303\/revisions\/5849"}],"wp:featuredmedia":[{"embeddable":true,"href":"https:\/\/derechosinfronteras.pe\/ingles\/wp-json\/wp\/v2\/media\/3304"}],"wp:attachment":[{"href":"https:\/\/derechosinfronteras.pe\/ingles\/wp-json\/wp\/v2\/media?parent=3303"}],"wp:term":[{"taxonomy":"category","embeddable":true,"href":"https:\/\/derechosinfronteras.pe\/ingles\/wp-json\/wp\/v2\/categories?post=3303"},{"taxonomy":"post_tag","embeddable":true,"href":"https:\/\/derechosinfronteras.pe\/ingles\/wp-json\/wp\/v2\/tags?post=3303"}],"curies":[{"name":"wp","href":"https:\/\/api.w.org\/{rel}","templated":true}]}}