{"id":3305,"date":"2023-05-18T10:34:54","date_gmt":"2023-05-18T15:34:54","guid":{"rendered":"http:\/\/derechosinfronteras.pe\/?p=8545"},"modified":"2023-10-13T21:12:15","modified_gmt":"2023-10-14T02:12:15","slug":"espinar-una-ordenanza-municipal-que-devuelve-la-esperanza-a-la-poblacion-afectada-por-metales-pesados","status":"publish","type":"post","link":"https:\/\/derechosinfronteras.pe\/ingles\/espinar-una-ordenanza-municipal-que-devuelve-la-esperanza-a-la-poblacion-afectada-por-metales-pesados\/","title":{"rendered":"Espinar: Una ordenanza municipal que devuelve la esperanza a la poblaci\u00f3n afectada por metales pesados"},"content":{"rendered":"<p><strong>UNA ORDENANZA MUNICIPAL QUE DEVUELVE LA ESPERANZA<\/strong><\/p>\n\n\n\n<p>Espinar, una provincia que convive mas de 40 a\u00f1os con la actividad minera ha denunciado durante d\u00e9cadas los impactos al ambiente y a la salud de las personas por la presencia de metales pesados, las comunidades luchan por vivir o por lo menos por extender su tiempo de vida. Durante los \u00faltimos a\u00f1os, autoridades electas en la provincia solo han hecho promesas vac\u00edas, a\u00fan cuando la agenda de salud ambiental y humana ha prevalecido en todas sus luchas y manifestaciones. Uno de los \u00faltimos avances en favor de la poblaci\u00f3n afectada fue la publicaci\u00f3n del D.S. 037-2021\/MINAM que aprueba el Plan Especial Multisectorial \u2013 PEM para la atenci\u00f3n de personas afectadas por t\u00f3xicos, el cual establece criterios integrales de respuesta que involucran a todos los sectores del Estado, sin embargo, desde su publicaci\u00f3n, el gobierno actual de Dina Boluarte ha mostrado desinter\u00e9s y poca voluntad por implementar las tareas encomendadas.<\/p>\n\n\n\n<p>Ante esa inacci\u00f3n y desinter\u00e9s del gobierno nacional la gesti\u00f3n 2023 \u2013 2026 de la Municipalidad Provincial de Espinar, en abril de este a\u00f1o aprob\u00f3 en sesi\u00f3n de consejo municipal la Ordenanza Municipal 07-2023-CM-MPE\/C, mediante la cual, se declara de inter\u00e9s prioritario la atenci\u00f3n a personas afectadas, por metales pesados, metaloides y otras sustancias qu\u00edmicas toxicas, provincia de Espinar, Regi\u00f3n Cusco. Ordenanza que posteriormente fue publicado el 16 de mayo del 2023. Esta normativa provincial es la primera en la regi\u00f3n del Cusco y el sur del pa\u00eds, el cual debe ser considerado un gran precedente para los territorios andino, amaz\u00f3nicos, costeros del pa\u00eds que est\u00e1n afectados por estas sustancias t\u00f3xicas.<\/p>\n\n\n\n<p>La ordenanza se enfoca en tres acciones, 1) el registro de personas afectadas de la provincia de Espinar (REPROAMPE \u2013 ESPINAR), 2) La creaci\u00f3n del comit\u00e9 de Seguimiento Local -Espinar (COSEL-ESPINAR) y 3) La gesti\u00f3n ante instancias pertinentes de nivel regional y nacional la articulaci\u00f3n, coordinaci\u00f3n, convenios y otras acciones para el cumplimiento del PEM para la intervenci\u00f3n integral a favor de la poblaci\u00f3n expuesta a metales pesados, metaloides y otras sustancias qu\u00edmicas toxicas&nbsp; a cargo de las gerencias de la municipalidad.<\/p>\n\n\n\n<p>Es importante resaltar que en el a\u00f1o 2021 el congreso de la Rep\u00fablica aprob\u00f3 la Ley N\u00b0 31189, Ley para fortalecer la prevenci\u00f3n, mitigaci\u00f3n y atenci\u00f3n de la salud afectada por la contaminaci\u00f3n con metales pesados y otras Sustancias qu\u00edmicas, la ley busca generar un registro nacional de personas afectadas, sin embargo, luego de aprobada la ley el Ministerio de Salud ha tardado m\u00e1s de dos a\u00f1os en establecer su reglamentaci\u00f3n. Es por ello, que la ordenanza dispuesta por la autoridad local en la provincia de Espinar es de gran importancia pues est\u00e1 enmarcada en el PEM y aterriza las acciones indicadas en la Ley N\u00b0 31189. Aun cuando la poblaci\u00f3n afectada cuenta con pol\u00edticas nacionales las comunidades denuncian que las acciones no se implementan en sus territorios por ello, solicitaron el compromiso de las autoridades locales para atender estas problem\u00e1ticas de acuerdo a sus competencias y a la vez exigir a las instancias correspondientes responder a la agenda de los y las afectadas.<\/p>\n\n\n\n<p>Luego de publicada la norma provincial la reacci\u00f3n de la poblaci\u00f3n afectada no se hizo esperar y esperan la pronta implementaci\u00f3n de la ordenanza. En ese marco, en un programa radial local se escuch\u00f3 a Ariana K\u00b4ana regidora de la Municipalidad Provincial de Espinar resaltar que \u201c<em>a partir de la ordenanza tendr\u00e1n rutas para lograr la participaci\u00f3n de los y las afectadas en la mesa de di\u00e1logo y de ser posible en el convenio marco, ya que muchos a\u00f1os la salud de los afectados ha sido relegada y considera que la ordenanza es un instrumento para impulsar todo lo que venga adelante en respuesta a sus exigencias y demandas<\/em>\u201d. Esta precisi\u00f3n es importante puesto que, hasta la fecha los y las afectadas en Espinar no tiene una participaci\u00f3n activa en los espacios de dialogo y en el convenio marco no se ha visto alg\u00fan proyecto que atienda la problem\u00e1tica de salud de la provincia de Espinar.<\/p>\n\n\n\n<p>Es importante que las comunidades, las y los afectados y la sociedad civil en su conjunto se mantengan vigilantes a la implementaci\u00f3n de la ordenanza en favor de la poblaci\u00f3n afectada por metales pesados y otras sustancias qu\u00edmicas toxicas y participen activamente.<\/p>\n\n\n\n<p>Ordenanza Municipal 07-2023-CM-MPE\/C<\/p>\n\n\n\n<p>Por: Liliana Pe\u00f1a \u2013 \u00c1rea Derechos Colectivos y Medio Ambiente \u2013 DHSF<\/p>","protected":false},"excerpt":{"rendered":"<p>UNA ORDENANZA MUNICIPAL QUE DEVUELVE LA ESPERANZA Espinar, una provincia que convive mas de 40 a\u00f1os con la actividad minera ha denunciado durante d\u00e9cadas los impactos al ambiente y a la salud de las personas por la presencia de metales pesados, las comunidades luchan por vivir o por lo menos por extender su tiempo de [&hellip;]<\/p>\n","protected":false},"author":1,"featured_media":3306,"comment_status":"open","ping_status":"open","sticky":false,"template":"","format":"standard","meta":{"_monsterinsights_skip_tracking":false,"_monsterinsights_sitenote_active":false,"_monsterinsights_sitenote_note":"","_monsterinsights_sitenote_category":0,"_jetpack_memberships_contains_paid_content":false,"footnotes":"","jetpack_publicize_message":"","jetpack_publicize_feature_enabled":true,"jetpack_social_post_already_shared":false,"jetpack_social_options":{"image_generator_settings":{"template":"highway","default_image_id":0,"font":"","enabled":false},"version":2}},"categories":[1],"tags":[],"class_list":["post-3305","post","type-post","status-publish","format-standard","has-post-thumbnail","hentry","category-sin-categoria"],"blocksy_meta":[],"jetpack_publicize_connections":[],"jetpack_featured_media_url":"https:\/\/derechosinfronteras.pe\/wp-content\/uploads\/2023\/05\/ORDENANZA-MUNICIPAL-1-1.png","jetpack_sharing_enabled":true,"jetpack_likes_enabled":true,"_links":{"self":[{"href":"https:\/\/derechosinfronteras.pe\/ingles\/wp-json\/wp\/v2\/posts\/3305","targetHints":{"allow":["GET"]}}],"collection":[{"href":"https:\/\/derechosinfronteras.pe\/ingles\/wp-json\/wp\/v2\/posts"}],"about":[{"href":"https:\/\/derechosinfronteras.pe\/ingles\/wp-json\/wp\/v2\/types\/post"}],"author":[{"embeddable":true,"href":"https:\/\/derechosinfronteras.pe\/ingles\/wp-json\/wp\/v2\/users\/1"}],"replies":[{"embeddable":true,"href":"https:\/\/derechosinfronteras.pe\/ingles\/wp-json\/wp\/v2\/comments?post=3305"}],"version-history":[{"count":1,"href":"https:\/\/derechosinfronteras.pe\/ingles\/wp-json\/wp\/v2\/posts\/3305\/revisions"}],"predecessor-version":[{"id":5846,"href":"https:\/\/derechosinfronteras.pe\/ingles\/wp-json\/wp\/v2\/posts\/3305\/revisions\/5846"}],"wp:featuredmedia":[{"embeddable":true,"href":"https:\/\/derechosinfronteras.pe\/ingles\/wp-json\/wp\/v2\/media\/3306"}],"wp:attachment":[{"href":"https:\/\/derechosinfronteras.pe\/ingles\/wp-json\/wp\/v2\/media?parent=3305"}],"wp:term":[{"taxonomy":"category","embeddable":true,"href":"https:\/\/derechosinfronteras.pe\/ingles\/wp-json\/wp\/v2\/categories?post=3305"},{"taxonomy":"post_tag","embeddable":true,"href":"https:\/\/derechosinfronteras.pe\/ingles\/wp-json\/wp\/v2\/tags?post=3305"}],"curies":[{"name":"wp","href":"https:\/\/api.w.org\/{rel}","templated":true}]}}