{"id":3307,"date":"2023-05-11T13:27:37","date_gmt":"2023-05-11T18:27:37","guid":{"rendered":"http:\/\/derechosinfronteras.pe\/?p=8532"},"modified":"2023-10-13T21:13:31","modified_gmt":"2023-10-14T02:13:31","slug":"compania-minera-antapaccay-vs-sergio-huamani-hilario","status":"publish","type":"post","link":"https:\/\/derechosinfronteras.pe\/ingles\/compania-minera-antapaccay-vs-sergio-huamani-hilario\/","title":{"rendered":"Compa\u00f1\u00eda Minera Antapaccay VS Sergio Huamani Hilario"},"content":{"rendered":"<p>Escribe: \u00c1rea Legal DHSF<\/p>\n\n\n\n<p><strong><em>\u201cRealizar denuncias p\u00fablicas o exigencias de derechos sociales y ambientales en espacios libres, no constituye delito de difamaci\u00f3n, al contrario, la criminalizaci\u00f3n de defensores de derechos humanos y ambientales son actos graves y reprochables a nivel nacional e internacional\u201d.<\/em><\/strong><\/p>\n\n\n\n<p>El proceso penal&nbsp; que enfrenta el defensor de derechos humanos y medio ambiente Sergio Huaman\u00ed Hilario fue presentada&nbsp; por la Compa\u00f1\u00eda Minera Antapaccay&nbsp; quien&nbsp; interpuso la querella por el delito de difamaci\u00f3n calumniosa agravada, la cual es considerada por Huaman\u00ed como una estrategia legal que busca silenciarlo e intimidarlo.<\/p>\n\n\n\n<p>La minera, a trav\u00e9s de su representado Marco Antonio Vargas Granilla, solicit\u00f3&nbsp; <strong>una pena privativa de la libertad efectiva<\/strong> <strong>de 3 a\u00f1os y trescientos sesenta y cinco d\u00edas multa<\/strong>, asimismo, la <strong>suma exorbitante de 230 mil soles<\/strong> <strong>como reparaci\u00f3n civil<\/strong>, el cual resulta diminuto seg\u00fan el representante de la Minera.<\/p>\n\n\n\n<p>Con esta querella, el dirigente tiene ocho procesos activos identificados por los presuntos delitos de coacci\u00f3n, da\u00f1os, extorsi\u00f3n, atentado contra la seguridad com\u00fan, secuestro, atentado contra la libertad de trabajo, violaci\u00f3n de medidas sanitarias, entorpecimiento a los servicios p\u00fablicos, disturbios, apolog\u00eda del delito y falsedad gen\u00e9rica (varios de estos delitos se repiten en m\u00e1s de un proceso) todos relacionados por ejercer su derecho a la protesta.<\/p>\n\n\n\n<p>Destacar que en mayo del a\u00f1o 2022 fue declarado inocente junto a Herbert Huam\u00e1n Llave tras 10 a\u00f1os de persecuci\u00f3n judicial por haber ejercido su derecho a la protesta social contra la minera Xtrata Tintaya en el a\u00f1o 2012. Estas movilizaciones marcaron un precedente en la lucha por justicia ambiental y social en la provincia de Espinar.<\/p>\n\n\n\n<p><strong>ANTECEDENTES DE LA QUERELLA<\/strong><\/p>\n\n\n\n<p>Los hechos ocurrieron el 2 de junio de este a\u00f1o, cuando Sergio Huaman\u00ed, presidente del Frente \u00danico de Defensa de los Intereses de la Provincia de Espinar, particip\u00f3 en un webinar organizado por la instituci\u00f3n CooperAcci\u00f3n, para realizar incidencia pol\u00edtica y generar opini\u00f3n p\u00fablica sobre la declaraci\u00f3n de culpabilidad de esquemas de manipulaci\u00f3n del mercado y soborno en el extranjero ejercida por la multinacional Glencore.<\/p>\n\n\n\n<p>En el webinar el dirigente se pronunci\u00f3 sobre el ingreso de esta minera en Espinar y su relacionamiento con la poblaci\u00f3n y con las autoridades, as\u00ed como los conflictos sociales registrados desde el a\u00f1o 2012 hasta la fecha.<\/p>\n\n\n\n<p>En otro momento, se refiri\u00f3 al documento \u201cPlan Psicosocial N\u00b002\u201d de la unidad de inteligencia minera Xtrata Tintaya Antapaccay, que data del a\u00f1o 2012, con el cual se menciona que se consideraba como blanco objetivo al defensor Oscar Avelino Mollohuanca Cruz, quien falleci\u00f3 en marzo de 2022.<\/p>\n\n\n\n<p>Por lo tanto, el an\u00e1lisis que hizo Huaman\u00ed fue en el marco del ejercicio de su derecho a la libertad de opini\u00f3n y difusi\u00f3n de pensamiento, adem\u00e1s, lo realiz\u00f3 en su condici\u00f3n de defensor de los intereses y derechos ambientales y humanos de la poblaci\u00f3n de Espinar.<\/p>\n\n\n\n<p>Dentro de los argumentos de Antapaccay, tambi\u00e9n, figura las declaraciones que verti\u00f3 el dirigente en el programa televisivo Jornada Informativa con respecto al fallecimiento de Oscar Mollohuanca.<\/p>\n\n\n\n<p>Otro sustento de la empresa son las publicaciones que realizar\u00eda Huaman\u00ed en su cuenta personal de Facebook.<\/p>\n\n\n\n<p><strong>DEFENSA T\u00c9CNICA<\/strong><\/p>\n\n\n\n<p>En ese sentido, la defensa t\u00e9cnica de Sergio Huaman\u00ed consider\u00f3 que se ha atribuido falsamente la comisi\u00f3n de un hecho delictivo. Y sobre el monto de reparaci\u00f3n civil no se encuentra sujeto a las condiciones personales o capacidad econ\u00f3mica del querellado, ya que el supuesto da\u00f1o no existe.<\/p>\n\n\n\n<p>La Juez del Primer Juzgado Unipersonal Supraprovincial de Espinar ha sido la encargada de resolver esta situaci\u00f3n jur\u00eddica cuyo juicio oral inici\u00f3 el mi\u00e9rcoles 29 de marzo, la misma que tuvo una duraci\u00f3n de cuatro audiencias hasta la lectura de la sentencia.<\/p>\n\n\n\n<p>El d\u00eda 11 de mayo se dict\u00f3 la sentencia en contra del defensor, la misma que declara autor de delito de difamaci\u00f3n agravada, imponi\u00e9ndole la pena privativa de la libertad de un a\u00f1o, con car\u00e1cter de ejecuci\u00f3n suspendida. Asimismo, fij\u00f3 el monto de diez mil soles como reparaci\u00f3n civil a la Compa\u00f1\u00eda Minera Antapaccay y mil veinticuatro soles que deber\u00e1 pagar en favor del Estado.<\/p>\n\n\n\n<p>Tras conocer el fallo, el abogado del querellado indic\u00f3 que apelar\u00e1 la decisi\u00f3n, por lo que, en segunda instancia estar\u00e1 a cargo de la Sala Penal de Apelaciones de Canchis.<\/p>\n\n\n\n<p>Este caso marca un mal precedente y pone en riesgo a los dirigentes y defensores ambientales y de derechos humanos de la provincia de Espinar y a nivel nacional, constituyendo un nuevo patr\u00f3n de criminalizaci\u00f3n para atacar la labor de las personas defensoras.<\/p>","protected":false},"excerpt":{"rendered":"<p>Escribe: \u00c1rea Legal DHSF \u201cRealizar denuncias p\u00fablicas o exigencias de derechos sociales y ambientales en espacios libres, no constituye delito de difamaci\u00f3n, al contrario, la criminalizaci\u00f3n de defensores de derechos humanos y ambientales son actos graves y reprochables a nivel nacional e internacional\u201d. El proceso penal&nbsp; que enfrenta el defensor de derechos humanos y medio [&hellip;]<\/p>\n","protected":false},"author":1,"featured_media":3308,"comment_status":"open","ping_status":"open","sticky":false,"template":"","format":"standard","meta":{"_monsterinsights_skip_tracking":false,"_monsterinsights_sitenote_active":false,"_monsterinsights_sitenote_note":"","_monsterinsights_sitenote_category":0,"_jetpack_memberships_contains_paid_content":false,"footnotes":"","jetpack_publicize_message":"","jetpack_publicize_feature_enabled":true,"jetpack_social_post_already_shared":false,"jetpack_social_options":{"image_generator_settings":{"template":"highway","default_image_id":0,"font":"","enabled":false},"version":2}},"categories":[1],"tags":[],"class_list":["post-3307","post","type-post","status-publish","format-standard","has-post-thumbnail","hentry","category-sin-categoria"],"blocksy_meta":[],"jetpack_publicize_connections":[],"jetpack_featured_media_url":"https:\/\/derechosinfronteras.pe\/wp-content\/uploads\/2023\/05\/sergio-uuuu.jpg","jetpack_sharing_enabled":true,"jetpack_likes_enabled":true,"_links":{"self":[{"href":"https:\/\/derechosinfronteras.pe\/ingles\/wp-json\/wp\/v2\/posts\/3307","targetHints":{"allow":["GET"]}}],"collection":[{"href":"https:\/\/derechosinfronteras.pe\/ingles\/wp-json\/wp\/v2\/posts"}],"about":[{"href":"https:\/\/derechosinfronteras.pe\/ingles\/wp-json\/wp\/v2\/types\/post"}],"author":[{"embeddable":true,"href":"https:\/\/derechosinfronteras.pe\/ingles\/wp-json\/wp\/v2\/users\/1"}],"replies":[{"embeddable":true,"href":"https:\/\/derechosinfronteras.pe\/ingles\/wp-json\/wp\/v2\/comments?post=3307"}],"version-history":[{"count":1,"href":"https:\/\/derechosinfronteras.pe\/ingles\/wp-json\/wp\/v2\/posts\/3307\/revisions"}],"predecessor-version":[{"id":5847,"href":"https:\/\/derechosinfronteras.pe\/ingles\/wp-json\/wp\/v2\/posts\/3307\/revisions\/5847"}],"wp:featuredmedia":[{"embeddable":true,"href":"https:\/\/derechosinfronteras.pe\/ingles\/wp-json\/wp\/v2\/media\/3308"}],"wp:attachment":[{"href":"https:\/\/derechosinfronteras.pe\/ingles\/wp-json\/wp\/v2\/media?parent=3307"}],"wp:term":[{"taxonomy":"category","embeddable":true,"href":"https:\/\/derechosinfronteras.pe\/ingles\/wp-json\/wp\/v2\/categories?post=3307"},{"taxonomy":"post_tag","embeddable":true,"href":"https:\/\/derechosinfronteras.pe\/ingles\/wp-json\/wp\/v2\/tags?post=3307"}],"curies":[{"name":"wp","href":"https:\/\/api.w.org\/{rel}","templated":true}]}}