{"id":3309,"date":"2023-05-09T18:18:11","date_gmt":"2023-05-09T23:18:11","guid":{"rendered":"http:\/\/derechosinfronteras.pe\/?p=8527"},"modified":"2023-10-13T21:13:56","modified_gmt":"2023-10-14T02:13:56","slug":"compania-minera-antapaccay-exige-230-mil-soles-a-defensor-ambiental","status":"publish","type":"post","link":"https:\/\/derechosinfronteras.pe\/ingles\/compania-minera-antapaccay-exige-230-mil-soles-a-defensor-ambiental\/","title":{"rendered":"COMPA\u00d1\u00cdA MINERA ANTAPACCAY EXIGE 230 MIL SOLES A DEFENSOR AMBIENTAL"},"content":{"rendered":"<p><strong>NO A LA CRIMINALIZACI\u00d3N DE DEFENSORES DE DERECHOS HUMANOS<\/strong><\/p>\n\n\n\n<p>Juez SMILLY BEDOYA del Juzgado Penal Unipersonal de Espinar, tras cuatro largas audiencias, el 10 de mayo del presente dar\u00e1 a conocer la sentencia de querella interpuesta por la compa\u00f1\u00eda minera Antapaccay en contra del defensor ambiental y de derechos humanos Sergio Huaman\u00ed, por el presunto delito de difamaci\u00f3n calumniosa agravada.<\/p>\n\n\n\n<p>La empresa minera ha solicitado una pena privativa de la libertad efectiva de 3 a\u00f1os y 365 d\u00edas multa, asimismo, la exorbitante suma de 230 mil soles como reparaci\u00f3n civil, la cual es considerada por Huaman\u00ed como una estrategia que busca silenciarlo e intimidarlo.<\/p>\n\n\n\n<figure class=\"wp-block-image\"><img decoding=\"async\" src=\"http:\/\/derechosinfronteras.pe\/wp-content\/uploads\/2023\/05\/foto.jpg\" alt=\"\" class=\"wp-image-8528\"\/><\/figure>\n\n\n\n<p>Seg\u00fan Mar P\u00e9rez de la CNDH, la principal forma de agresi\u00f3n contra los defensores del medio ambiente en el Per\u00fa es la criminalizaci\u00f3n, y en los \u00faltimos a\u00f1os se ha registrado m\u00e1s de mil casos de criminalizaci\u00f3n y alrededor del 70% de estos corresponde a defensores del medio ambiente y l\u00edderes ind\u00edgenas, que se manifiesta en denuncias, investigaciones fiscales y juicios.<\/p>\n\n\n\n<p>Recordemos que el 28 de marzo del 2022, a trav\u00e9s de la resoluci\u00f3n de la Fiscal\u00eda de la Naci\u00f3n 439- 2022-MP-FIN fue publicado el protocolo \u201cActuaci\u00f3n fiscal para la prevenci\u00f3n e investigaci\u00f3n de los delitos en agravio de personas defensoras de derechos humanos\u201d, un punto importante mencionado en el protocolo es \u201cel Principio de no criminalizaci\u00f3n de las<\/p>\n\n\n\n<p>personas defensoras de derechos humanos\u201d, al parecer la misma no fue valorada por las autoridades del sistema judicial.<\/p>\n\n\n\n<p>El protocolo tambi\u00e9n se\u00f1ala que: \u201cLos fiscales, en pleno ejercicio de su autonom\u00eda, realizar\u00e1n un exhaustivo an\u00e1lisis ante denuncias en contra de personas defensoras de derechos humanos. Se deber\u00e1 tomar especial atenci\u00f3n si es que la denuncia en contra de las personas defensoras de derechos es realizada como consecuencia del ejercicio de su derecho a la libertad de expresi\u00f3n y de protesta\u201d.<\/p>\n\n\n\n<p>Dentro de la lista de tipos de personas defensoras de derechos humanos, se menciona expl\u00edcitamente en el documento a \u201cpersonas defensoras del medio ambiente: personas, grupos y organizaciones que se esfuerzan, individual o colectivamente, y de manera pac\u00edfica en proteger y promover los derechos humanos relacionados con el agua, el aire, la tierra, la flora y la fauna\u201d.<\/p>\n\n\n\n<p>Creemos que si la Juez SMILLY BEDOYA emite una sentencia a favor de una compa\u00f1\u00eda minera que factura millones al a\u00f1o como es Antapaccay, podr\u00eda abrir una puerta peligrosa para intimidar y perseguir a defensores\/as ambientales y de derechos humanos.<\/p>\n\n\n\n<p>Redacci\u00f3n: \u00c1rea de Comunicaci\u00f3n de Derechos Humanos Sin Fronteras<\/p>","protected":false},"excerpt":{"rendered":"<p>NO A LA CRIMINALIZACI\u00d3N DE DEFENSORES DE DERECHOS HUMANOS Juez SMILLY BEDOYA del Juzgado Penal Unipersonal de Espinar, tras cuatro largas audiencias, el 10 de mayo del presente dar\u00e1 a conocer la sentencia de querella interpuesta por la compa\u00f1\u00eda minera Antapaccay en contra del defensor ambiental y de derechos humanos Sergio Huaman\u00ed, por el presunto [&hellip;]<\/p>\n","protected":false},"author":1,"featured_media":3310,"comment_status":"open","ping_status":"open","sticky":false,"template":"","format":"standard","meta":{"_monsterinsights_skip_tracking":false,"_monsterinsights_sitenote_active":false,"_monsterinsights_sitenote_note":"","_monsterinsights_sitenote_category":0,"_jetpack_memberships_contains_paid_content":false,"footnotes":"","jetpack_publicize_message":"","jetpack_publicize_feature_enabled":true,"jetpack_social_post_already_shared":false,"jetpack_social_options":{"image_generator_settings":{"template":"highway","default_image_id":0,"font":"","enabled":false},"version":2}},"categories":[1],"tags":[],"class_list":["post-3309","post","type-post","status-publish","format-standard","has-post-thumbnail","hentry","category-sin-categoria"],"blocksy_meta":[],"jetpack_publicize_connections":[],"jetpack_featured_media_url":"https:\/\/derechosinfronteras.pe\/wp-content\/uploads\/2023\/05\/web.jpg","jetpack_sharing_enabled":true,"jetpack_likes_enabled":true,"_links":{"self":[{"href":"https:\/\/derechosinfronteras.pe\/ingles\/wp-json\/wp\/v2\/posts\/3309","targetHints":{"allow":["GET"]}}],"collection":[{"href":"https:\/\/derechosinfronteras.pe\/ingles\/wp-json\/wp\/v2\/posts"}],"about":[{"href":"https:\/\/derechosinfronteras.pe\/ingles\/wp-json\/wp\/v2\/types\/post"}],"author":[{"embeddable":true,"href":"https:\/\/derechosinfronteras.pe\/ingles\/wp-json\/wp\/v2\/users\/1"}],"replies":[{"embeddable":true,"href":"https:\/\/derechosinfronteras.pe\/ingles\/wp-json\/wp\/v2\/comments?post=3309"}],"version-history":[{"count":1,"href":"https:\/\/derechosinfronteras.pe\/ingles\/wp-json\/wp\/v2\/posts\/3309\/revisions"}],"predecessor-version":[{"id":5848,"href":"https:\/\/derechosinfronteras.pe\/ingles\/wp-json\/wp\/v2\/posts\/3309\/revisions\/5848"}],"wp:featuredmedia":[{"embeddable":true,"href":"https:\/\/derechosinfronteras.pe\/ingles\/wp-json\/wp\/v2\/media\/3310"}],"wp:attachment":[{"href":"https:\/\/derechosinfronteras.pe\/ingles\/wp-json\/wp\/v2\/media?parent=3309"}],"wp:term":[{"taxonomy":"category","embeddable":true,"href":"https:\/\/derechosinfronteras.pe\/ingles\/wp-json\/wp\/v2\/categories?post=3309"},{"taxonomy":"post_tag","embeddable":true,"href":"https:\/\/derechosinfronteras.pe\/ingles\/wp-json\/wp\/v2\/tags?post=3309"}],"curies":[{"name":"wp","href":"https:\/\/api.w.org\/{rel}","templated":true}]}}