{"id":3312,"date":"2023-03-30T11:42:20","date_gmt":"2023-03-30T16:42:20","guid":{"rendered":"http:\/\/derechosinfronteras.pe\/?p=8522"},"modified":"2023-10-16T14:31:06","modified_gmt":"2023-10-16T19:31:06","slug":"espinar-en-el-dia-mundial-del-agua-3","status":"publish","type":"post","link":"https:\/\/derechosinfronteras.pe\/ingles\/espinar-en-el-dia-mundial-del-agua-3\/","title":{"rendered":"Espinar en el D\u00eda Mundial del Agua"},"content":{"rendered":"<p><strong>En el D\u00eda Mundial del Agua; contin\u00faa la lucha por una Vida Sin Metales, compromisos de una nueva gesti\u00f3n regional<\/strong><\/p>\n\n\n\n<p>Redacci\u00f3n: Liliana Pe\u00f1a Soncco &#8211; DHSF<\/p>\n\n\n\n<p>Cada 22 de marzo se conmemora el D\u00eda Mundial del Agua, con el objetivo de reflexionar sobre la importancia de este elemento vital para la vida e impulsar una gesti\u00f3n responsable y sostenible de los recursos h\u00eddricos en nuestro planeta. La presencia de agentes externos ha trastocado considerablemente el espacio f\u00edsico y cultural de Espinar, cambiando las formas que los pobladores tienen, desde tiempos inmemoriales, de vincularse con la naturaleza y acceder a sus beneficios de manera segura y respetuosa, es as\u00ed que la vida social se ha ido transformando. Pero la agenda ambiental y de salud humana de la provincia no ha cambiado. Espinar ha exigido y exige el derecho al agua de calidad para consumo humano y por consiguiente el derecho a la salud, derechos que seg\u00fan varios estudios vienen siendo vulnerados desde ya hace varios a\u00f1os.<\/p>\n\n\n\n<p>El informe final integrado de monitoreo sanitario ambiental participativo de la provincia de Espinar, presentado en 2013, concluye que, de 313 puntos de monitoreo de agua superficial, subterr\u00e1nea, de consumo humano, suelo, aire y sedimentos analizados, 165 no cumplen con los est\u00e1ndares establecidos, lo que equivale al 52,71 % de los puntos analizados, los elementos que exceden los est\u00e1ndares son: mercurio, pH, f\u00f3sforo, ars\u00e9nico, coliformes totales y coliformes termotolerantes. As\u00ed mismo, los monitoreos respectivos de DIRESA en el 2018 sostienen que en el punto \u201cIngreso PTAP Virgen de Chapi Represa Huayllumayo\u201d se encontraron valores de manganeso con un 0.616 mg\/l cuando el l\u00edmite m\u00e1ximo es de 0.4mg\/l. Se cuentan con muchos m\u00e1s estudios que sustentan t\u00e9cnicamente la grave crisis del agua en Espinar.<\/p>\n\n\n\n<p>Sin embargo, como sabemos, la contaminaci\u00f3n en Espinar ya se encuentra en otra fase, ha pasado del ambiente al cuerpo de las personas. Es as\u00ed que, en diciembre de 2019, el Poder Judicial, a trav\u00e9s del Juzgado Mixto y Penal Liquidador de Espinar, orden\u00f3 al Ministerio de Salud que, en el plazo de noventa d\u00edas, dise\u00f1ara e implementara una estrategia de salud p\u00fablica de emergencia sanitaria por razones de contaminaci\u00f3n, con un plan de acci\u00f3n para la poblaci\u00f3n de Espinar. Han pasado casi tres a\u00f1os de emitida la sentencia y no hay acciones concretas para evitar ni contrarrestar la presencia de metales pesados en el cuerpo de los pobladores afectados por la contaminaci\u00f3n.<\/p>\n\n\n\n<p><strong>Mesa t\u00e9cnica del Gobierno Regional y la provincia de Espinar<\/strong><\/p>\n\n\n\n<p>La Municipalidad Provincial de Espinar, el Gobierno Regional del Cusco y principales representantes de la sociedad civil, llevaron adelante la Mesa T\u00e9cnica el pasado 22 de marzo, cuyos principales puntos fueron: el grave problema de salud p\u00fablica que se vive en la provincia de Espinar, la afectaci\u00f3n y la exposici\u00f3n a metales, metaloides y otras sustancias qu\u00edmicas toxicas.<\/p>\n\n\n\n<p>Es en esta Mesa el gobernador regional Ing. Werner Salcedo, asumi\u00f3 el compromiso de incrementar el n\u00famero de dosajes en la poblaci\u00f3n de Espinar, especialmente en las comunidades afectadas del \u00e1rea de influencia directa de las empresas mineras, as\u00ed mismo, en articulaci\u00f3n con el gobierno local, acelerar la culminaci\u00f3n de la construcci\u00f3n del nuevo hospital de la provincia de Espinar.<\/p>\n\n\n\n<p>Consideramos necesario la ampliaci\u00f3n de los dosajes en la poblaci\u00f3n, sin embargo, es importante resaltar que desde el a\u00f1o 2010 se tiene registro de dosajes realizados en las comunidades de la provincia de Espinar, pero cuyos resultados hasta la actualidad no se han visto reflejados en una atenci\u00f3n especializada e integral hacia los comuneros y comuneras afectados. Creemos imprescindible que, bajo los ejes del Plan Especial Multisectorial \u2013 PEM, y de acuerdo a las competencias de cada nivel de gobierno, se impulsen acciones concretas de atenci\u00f3n especializada a las personas afectadas y expuestas a metales t\u00f3xicos. As\u00ed mismo, relacionado con la Sentencia de Acci\u00f3n de cumplimiento, se deben desarrollar acciones de prevenci\u00f3n, primordialmente, la dotaci\u00f3n de agua de calidad libre de metales, metaloides y otras sustancias qu\u00edmicas toxicas, para la poblaci\u00f3n y las comunidades que, seg\u00fan el PEM, son de competencia de ambos niveles de gobierno. Por ello la articulaci\u00f3n y trabajo de los dos niveles de gobierno no pueden resumirse a ampliar dosajes, pues se requieren mecanismos de atenci\u00f3n y prevenci\u00f3n eficaces.<\/p>\n\n\n\n<p>Esta comprobada la contaminaci\u00f3n de diferentes componentes del ambiente en Espinar, as\u00ed como la afectaci\u00f3n y exposici\u00f3n a sustancias toxicas, por cuanto es necesario garantizar el acceso a la atenci\u00f3n integral a la salud de los afectados y expuestos, as\u00ed como ejecutar acciones de prevenci\u00f3n, puesto que existe el riesgo de que m\u00e1s personas se contaminen de manera masiva y sostenida, adem\u00e1s, resaltar que las consecuencias de ello son irreversibles para la salud. Por ello, es importante reducir la tasa de exposici\u00f3n de las personas.<\/p>\n\n\n\n<p><strong>\u00bfEs este un gran reto para las nuevas gestiones regionales y locales?<\/strong><\/p>\n\n\n\n<p>Definitivamente lo es y requiere ser tratado con urgencia para beneficio de la salud de la poblaci\u00f3n y las comunidades originarias que desde hace tantos a\u00f1os luchan por <strong>UNA VIDA SIN METALES.<\/strong><\/p>","protected":false},"excerpt":{"rendered":"<p>En el D\u00eda Mundial del Agua; contin\u00faa la lucha por una Vida Sin Metales, compromisos de una nueva gesti\u00f3n regional Redacci\u00f3n: Liliana Pe\u00f1a Soncco &#8211; DHSF Cada 22 de marzo se conmemora el D\u00eda Mundial del Agua, con el objetivo de reflexionar sobre la importancia de este elemento vital para la vida e impulsar una [&hellip;]<\/p>\n","protected":false},"author":1,"featured_media":3313,"comment_status":"open","ping_status":"open","sticky":false,"template":"","format":"standard","meta":{"_monsterinsights_skip_tracking":false,"_monsterinsights_sitenote_active":false,"_monsterinsights_sitenote_note":"","_monsterinsights_sitenote_category":0,"_jetpack_memberships_contains_paid_content":false,"footnotes":"","jetpack_publicize_message":"","jetpack_publicize_feature_enabled":true,"jetpack_social_post_already_shared":false,"jetpack_social_options":{"image_generator_settings":{"template":"highway","default_image_id":0,"font":"","enabled":false},"version":2}},"categories":[1],"tags":[],"class_list":["post-3312","post","type-post","status-publish","format-standard","has-post-thumbnail","hentry","category-sin-categoria"],"blocksy_meta":[],"jetpack_publicize_connections":[],"jetpack_featured_media_url":"https:\/\/derechosinfronteras.pe\/wp-content\/uploads\/2023\/03\/DA-DEL-AGUA-2-3.png","jetpack_sharing_enabled":true,"jetpack_likes_enabled":true,"_links":{"self":[{"href":"https:\/\/derechosinfronteras.pe\/ingles\/wp-json\/wp\/v2\/posts\/3312","targetHints":{"allow":["GET"]}}],"collection":[{"href":"https:\/\/derechosinfronteras.pe\/ingles\/wp-json\/wp\/v2\/posts"}],"about":[{"href":"https:\/\/derechosinfronteras.pe\/ingles\/wp-json\/wp\/v2\/types\/post"}],"author":[{"embeddable":true,"href":"https:\/\/derechosinfronteras.pe\/ingles\/wp-json\/wp\/v2\/users\/1"}],"replies":[{"embeddable":true,"href":"https:\/\/derechosinfronteras.pe\/ingles\/wp-json\/wp\/v2\/comments?post=3312"}],"version-history":[{"count":1,"href":"https:\/\/derechosinfronteras.pe\/ingles\/wp-json\/wp\/v2\/posts\/3312\/revisions"}],"predecessor-version":[{"id":6135,"href":"https:\/\/derechosinfronteras.pe\/ingles\/wp-json\/wp\/v2\/posts\/3312\/revisions\/6135"}],"wp:featuredmedia":[{"embeddable":true,"href":"https:\/\/derechosinfronteras.pe\/ingles\/wp-json\/wp\/v2\/media\/3313"}],"wp:attachment":[{"href":"https:\/\/derechosinfronteras.pe\/ingles\/wp-json\/wp\/v2\/media?parent=3312"}],"wp:term":[{"taxonomy":"category","embeddable":true,"href":"https:\/\/derechosinfronteras.pe\/ingles\/wp-json\/wp\/v2\/categories?post=3312"},{"taxonomy":"post_tag","embeddable":true,"href":"https:\/\/derechosinfronteras.pe\/ingles\/wp-json\/wp\/v2\/tags?post=3312"}],"curies":[{"name":"wp","href":"https:\/\/api.w.org\/{rel}","templated":true}]}}