{"id":3314,"date":"2023-03-20T15:43:31","date_gmt":"2023-03-20T20:43:31","guid":{"rendered":"http:\/\/derechosinfronteras.pe\/?p=8496"},"modified":"2024-04-27T21:15:55","modified_gmt":"2024-04-28T02:15:55","slug":"comunidad-campesina-originaria-tantacalla-provincia-de-paruro-cusco-en-peligo-de-desalojo-luego-de-sentencia-judicial","status":"publish","type":"post","link":"https:\/\/derechosinfronteras.pe\/ingles\/comunidad-campesina-originaria-tantacalla-provincia-de-paruro-cusco-en-peligo-de-desalojo-luego-de-sentencia-judicial\/","title":{"rendered":"Comunidad campesina originaria Tantaccalla, provincia de Paruro, Cusco, en peligo de desalojo, luego de sentencia judicial"},"content":{"rendered":"<p>La Coordinadora Nacional de Derechos Humanos (CNDDHH) advierte el grave peligro para los pueblos ind\u00edgenas, en caso de ejecutarse, la arbitraria y vejatoria sentencia de la Segunda Sala Civil de la Corte Superior de Justicia del Cusco. La sentencia dictamina el desalojo de sus territorios de m\u00e1s 1000 ciudadanas\/os, entre mujeres, ni\u00f1os y adultos mayores, de la comunidad campesina de Tantaccalla del distrito de Huanoquite, Paruro, Cusco. El denunciante, un ex hacendado, present\u00f3 solo como \u201ct\u00edtulo de propiedad\u201d un certificado de inscripci\u00f3n registral derivado de un testamento, documento prescrito.<\/p>\n\n\n\n<p>\u201cDicha sentencia vulnera el derecho de los territorios ancestrales, amparados en instrumentos nacionales e internacionales de derechos humanos. Adem\u00e1s, puede generar, en las actuales circunstancias que vive el pa\u00eds, altos costos sociales y humanitarios\u201d se\u00f1ala, Miguel Jugo, secretario ejecutivo adjunto de la CNDDHH. En este sentido, la CNDDHH insta a no ejecutarse la sentencia y a defender los territorios ancestrales.<\/p>\n\n\n\n<p>Tantacalla sufri\u00f3 el despojo y reparto de sus territorios ancestrales hasta la reforma agraria. La comunidad registra su existencia formal desde 1926; y obtiene su t\u00edtulo de propiedad sobre su territorio de acuerdo a procedimiento administrativo de deslinde y titulaci\u00f3n en 1988. Sin embargo, en el 2005, Luis Paz Vizcarra (ex hacendado) denunci\u00f3 a la comunidad por \u201cnulidad e insubsistencia parcial del t\u00edtulo de propiedad, cancelaci\u00f3n parcial del asiento de inscripci\u00f3n registral y reivindicaci\u00f3n de las tierras de la comunidad\u201d.<\/p>\n\n\n\n<p>En el 2009, la Dra. Bony Gamarra Fl\u00f3rez, destituida por la Junta Nacional de Justicia, a cargo del Juzgado Mixto de Santiago, declar\u00f3 fundada las demandas. Luego, la Segunda Sala Civil de la Corte Superior de Justicia del Cusco confirm\u00f3 la sentencia. Y en el 2011, la Corte Suprema de Justicia de la Rep\u00fablica declar\u00f3 infundado un recurso de casaci\u00f3n de la comunidad.<\/p>\n\n\n\n<p>Estas instancias no tomaron en cuenta la jurisprudencia nacional e internacional sobre protecci\u00f3n de los derechos de los pueblos ind\u00edgenas, violando el Convenio 169 de la Organizaci\u00f3n Internacional del Trabajo (OIT), la jurisprudencia de la Comisi\u00f3n Interamericana de los Derechos Humanos (CIDH) as\u00ed como la Jurisdicci\u00f3n Especial Comunal reconocida por la Constituci\u00f3n; ni la Ley N\u00ba 24657 sobre caducidad de la acci\u00f3n y vencimiento de plazos en la tramitaci\u00f3n administrativa. Situaci\u00f3n, que hace preveer que dicha sentencia expresar\u00eda graves indicios de corrupci\u00f3n afirma, Jugo.<\/p>\n\n\n\n<p>De otro lado, la CNDDHH rechaza la Resoluci\u00f3n N\u00ba 269 del 15 de diciembre del 2022, donde se dispone el desalojo de 220 familias, haciendo uso de maquinaria pesada y la presencia de m\u00e1s de 1000 polic\u00edas para la detenci\u00f3n de personas que obstaculicen el desalojo. Finalmente, alerta y denuncia que, de ejecutarse la sentencia, se generar\u00e1 un alto costo social y humanitario; y ser\u00eda una flagrante violaci\u00f3n a los derechos humanos de los pueblos ind\u00edgenas que involucra la responsabilidad internacional del Estado peruano ante instancias internacionales de derechos humanos.<\/p>\n\n\n\n<p>Texto: CNDDHH<\/p>\n\n\n\n<p>Leer comunicado aqu\u00ed:<\/p>\n\n\n\n<p><a href=\"https:\/\/bit.ly\/3lnJy0q\" target=\"_blank\" rel=\"noopener\">https:\/\/bit.ly\/3lnJy0q<\/a><\/p>\n\n\n\n<p>Lima, 20 de marzo de 2023.<\/p>","protected":false},"excerpt":{"rendered":"<p>La Coordinadora Nacional de Derechos Humanos (CNDDHH) advierte el grave peligro para los pueblos ind\u00edgenas, en caso de ejecutarse, la arbitraria y vejatoria sentencia de la Segunda Sala Civil de la Corte Superior de Justicia del Cusco. La sentencia dictamina el desalojo de sus territorios de m\u00e1s 1000 ciudadanas\/os, entre mujeres, ni\u00f1os y adultos mayores, [&hellip;]<\/p>\n","protected":false},"author":1,"featured_media":3315,"comment_status":"open","ping_status":"open","sticky":false,"template":"","format":"standard","meta":{"_monsterinsights_skip_tracking":false,"_monsterinsights_sitenote_active":false,"_monsterinsights_sitenote_note":"","_monsterinsights_sitenote_category":0,"_jetpack_memberships_contains_paid_content":false,"footnotes":"","jetpack_publicize_message":"","jetpack_publicize_feature_enabled":true,"jetpack_social_post_already_shared":false,"jetpack_social_options":{"image_generator_settings":{"template":"highway","default_image_id":0,"font":"","enabled":false},"version":2}},"categories":[1],"tags":[],"class_list":["post-3314","post","type-post","status-publish","format-standard","has-post-thumbnail","hentry","category-sin-categoria"],"blocksy_meta":[],"jetpack_publicize_connections":[],"jetpack_featured_media_url":"https:\/\/derechosinfronteras.pe\/wp-content\/uploads\/2023\/03\/t2.jpg","jetpack_sharing_enabled":true,"jetpack_likes_enabled":true,"_links":{"self":[{"href":"https:\/\/derechosinfronteras.pe\/ingles\/wp-json\/wp\/v2\/posts\/3314","targetHints":{"allow":["GET"]}}],"collection":[{"href":"https:\/\/derechosinfronteras.pe\/ingles\/wp-json\/wp\/v2\/posts"}],"about":[{"href":"https:\/\/derechosinfronteras.pe\/ingles\/wp-json\/wp\/v2\/types\/post"}],"author":[{"embeddable":true,"href":"https:\/\/derechosinfronteras.pe\/ingles\/wp-json\/wp\/v2\/users\/1"}],"replies":[{"embeddable":true,"href":"https:\/\/derechosinfronteras.pe\/ingles\/wp-json\/wp\/v2\/comments?post=3314"}],"version-history":[{"count":4,"href":"https:\/\/derechosinfronteras.pe\/ingles\/wp-json\/wp\/v2\/posts\/3314\/revisions"}],"predecessor-version":[{"id":7250,"href":"https:\/\/derechosinfronteras.pe\/ingles\/wp-json\/wp\/v2\/posts\/3314\/revisions\/7250"}],"wp:featuredmedia":[{"embeddable":true,"href":"https:\/\/derechosinfronteras.pe\/ingles\/wp-json\/wp\/v2\/media\/3315"}],"wp:attachment":[{"href":"https:\/\/derechosinfronteras.pe\/ingles\/wp-json\/wp\/v2\/media?parent=3314"}],"wp:term":[{"taxonomy":"category","embeddable":true,"href":"https:\/\/derechosinfronteras.pe\/ingles\/wp-json\/wp\/v2\/categories?post=3314"},{"taxonomy":"post_tag","embeddable":true,"href":"https:\/\/derechosinfronteras.pe\/ingles\/wp-json\/wp\/v2\/tags?post=3314"}],"curies":[{"name":"wp","href":"https:\/\/api.w.org\/{rel}","templated":true}]}}