{"id":3316,"date":"2023-03-07T19:13:28","date_gmt":"2023-03-08T00:13:28","guid":{"rendered":"http:\/\/derechosinfronteras.pe\/?p=8492"},"modified":"2023-03-07T19:13:28","modified_gmt":"2023-03-08T00:13:28","slug":"8-de-marzo-derechunchis-rayku-kawsachun-warmikunaq-paqariynin-que-viva-el-resurgimiento-de-la-organizacion-de-mujeres-por-nuestros-derechos","status":"publish","type":"post","link":"https:\/\/derechosinfronteras.pe\/ingles\/8-de-marzo-derechunchis-rayku-kawsachun-warmikunaq-paqariynin-que-viva-el-resurgimiento-de-la-organizacion-de-mujeres-por-nuestros-derechos\/","title":{"rendered":"8 de marzo: \u00a1Derechunchis rayku kawsachun! \u00a1Warmikunaq paqariynin! \u00a1Qu\u00e9 viva el resurgimiento de la organizaci\u00f3n de mujeres por nuestros derechos!"},"content":{"rendered":"<p><i><span style=\"font-weight: 400;\">Por: \u00c1reas de G\u00e9nero y Derechos Colectivos y Medio Ambiente<\/span><\/i><\/p>\n<p><span style=\"font-weight: 400;\">El coraz\u00f3n de las mujeres late m\u00e1s r\u00e1pido en este tiempo del pachakutiy, el cual marca el fin de un orden establecido hasta el momento. Cada palpitar remueve sentimientos, altera las emociones y trae a la memoria la lucha hist\u00f3rica de las mujeres por hacer valer sus derechos.<\/span><\/p>\n<p><span style=\"font-weight: 400;\">Las mujeres -en su amplia diversidad y disidencias- hoy resurgen moviliz\u00e1ndose contra el sistema dominante. Hay una agenda clara y espec\u00edfica (renuncia de Dina Boluarte, cierre del Congreso, nuevas elecciones y Asamblea Constituyente), aunque tienen otras reivindicaciones pendientes que no han sido atendidas por cada gobierno de turno (incluso tambi\u00e9n a nivel regional y local). Por ejemplo, acceso a justicia, verdad y reparaciones integrales para el caso esterilizaciones forzadas, el cumplimiento de las agendas de la mujer k\u2019ana y chumbivilcana, la defensa del medio ambiente, la salud y los derechos humanos ante el extractivismo minero, as\u00ed tambi\u00e9n\u00a0 la criminalizaci\u00f3n de las mujeres defensoras por ejercer su derecho a la protesta social tal es el caso de Victoria Quispesivana &#8211; Chumbivilcas (2012) y de Matilde Ccompi de la comunidad originaria Urinsaya &#8211; Espinar (2020), la violencia basada en g\u00e9nero y las heridas abiertas del Conflicto Armado Interno en el que figura el caso Ccasiahui &#8211; Chumbivilcas.<\/span><\/p>\n<p><span style=\"font-weight: 400;\">Este 8 de marzo, D\u00eda Internacional de la Mujer, rescatamos y revaloramos la participaci\u00f3n de las mujeres, quienes desde la \u00e9poca colonial a la actualidad alzan la voz. Sobre todo, en esta \u00faltima etapa cuando ha destacado su rol para manifestarse contra este gobierno ileg\u00edtimo que se sostiene de m\u00e9todos represivos y estrategias intimidatorias para silenciar el clamor popular y debilitar las organizaciones sociales.<\/span><\/p>\n<p><span style=\"font-weight: 400;\">En un proceso complicado y a espaldas del pueblo, Dina Boluarte se ha convertido en la primera mujer en asumir la Presidencia del Per\u00fa. Si bien la participaci\u00f3n de la mujer en la pol\u00edtica tiene una larga historia de conquista de los derechos pol\u00edticos, ella no representa a las mujeres peruanas, menos a las quechuahablantes y de zonas altoandinas, sino m\u00e1s bien los intereses de las \u00e9lites y empresas que sumen al pa\u00eds en la pobreza y desigualdad social. No es un hecho reciente, las fuerzas pol\u00edticas hegem\u00f3nicas gobiernan el pa\u00eds, esta vez con la complicidad de un sector de la izquierda que tampoco quiere perder sus privilegios. Asimismo, ha sido evidente el desprecio, la discriminaci\u00f3n y racismo por razones de raza, g\u00e9nero y clase en las narrativas construidas por los grupos de poder con la colaboraci\u00f3n de los medios de comunicaci\u00f3n tradicionales.<\/span><\/p>\n<p><span style=\"font-weight: 400;\">No se amilanan y se atreven a entrar a espacios pol\u00edticos donde est\u00e1n prohibidos la participaci\u00f3n ind\u00edgena que cuestiona, denuncia y propone, mujeres como Yolanda Cuba Valencia de Chamaca &#8211; Chumbivilcas; Leonela Labra Panocca, presidenta de la Federaci\u00f3n Universitaria del Cusco &#8211; FUC; Ruth B\u00e1rcena, natural de Ayacucho, quien perdi\u00f3 a su esposo espinarense en las marchas y luego a sus gemelos, as\u00ed como las dem\u00e1s cuyos nombres no pueden quedar en el olvido. Tampoco las mujeres defensoras de la salud que integran la Plataforma de Afectados por Metales T\u00f3xicos de Espinar-Cusco (PAMETEC). Saben que luego del pachakutiy viene el Allin Kawsay, es decir, vivir en equilibrio y equidad entre nosotr@s y la Pachamama. \u00a1Sin warmikutiy, no hay pachakutiy!<\/span><\/p>\n<p><b>Defensoras de la salud\u00a0<\/b><\/p>\n<p><span style=\"font-weight: 400;\">En este tiempo de cambios a nivel global, las mujeres asumen un papel m\u00e1s consciente, somos la semilla de la nueva sociedad que so\u00f1amos, hoy es responsabilidad de todos y todas generar acciones concretas que nos permitan avanzar; raz\u00f3n por la cual, las defensoras de la salud de la PAMETEC exigen la implementaci\u00f3n del Plan Especial Multisectorial (PEM) para la atenci\u00f3n de este grave problema de salud p\u00fablica.\u00a0<\/span><\/p>\n<p><span style=\"font-weight: 400;\">Dicho plan ha sido una luz de esperanza para las personas afectadas; sin embargo, en medio de la crisis pol\u00edtica, la implementaci\u00f3n del PEM se encuentra paralizada.\u00a0\u00a0<\/span><\/p>\n<p><span style=\"font-weight: 400;\">En la provincia de Espinar, que lleva m\u00e1s de 40 a\u00f1os de convivencia minera, existe evidencia cient\u00edfica que comprueba la presencia de metales t\u00f3xicos en la sangre como los resultados del estudio de CENSOPAS en el 2010, 2013 y el \u00faltimo en el 2021 realizado por Amnist\u00eda Internacional y Derechos Humanos Sin Fronteras. Por ello, se necesita urgentemente la atenci\u00f3n integral a la salud que est\u00e1 en manos de un Estado que permanece indolente ante la desdicha de los pueblos ind\u00edgenas u originarios, pues no han sido otra cosa que la moneda de cambio para un \u201cdesarrollo econ\u00f3mico\u201d que ni ha llegado a los territorios, donde se desarrollan las actividades extractivas mineras.<\/span><\/p>\n<p><span style=\"font-weight: 400;\">Los problemas en la salud humana derivada de la contaminaci\u00f3n ambiental, es sin duda el principal miedo, especialmente de las mujeres, quienes tienen la responsabilidad del bienestar de la familia. De acuerdo al estudio \u201c<\/span><i><span style=\"font-weight: 400;\">Miner\u00eda y salud mental\u201d, <\/span><\/i><span style=\"font-weight: 400;\">las mujeres tienen una mayor exposici\u00f3n, debido al constante contacto con el agu<\/span><span style=\"font-weight: 400;\">a <\/span><span style=\"font-weight: 400;\">en el desarrollo de sus actividades como lavar, cocinar, limpiar, entre otras. Adem\u00e1s, ellas se quedan al cuidado de los animales y de los hijos mientras los hombres trabajan fuera de la casa. De igual manera, la investigaci\u00f3n revel\u00f3 que la salud mental y calidad de vida de las mujeres es afectada negativamente a ra\u00edz de los impactos diferenciados. Se identific\u00f3 depresi\u00f3n cl\u00ednica en casi dos tercios de las mujeres tamizadas que, junto con la expresi\u00f3n de emociones negativas emergentes y relacionadas con los impactos diferenciados del proyecto minero, revelan un estado fr\u00e1gil en su salud mental.<\/span><\/p>\n<p><span style=\"font-weight: 400;\">A todo ello se suma la sobrecarga de trabajos de cuidados y tareas dom\u00e9sticas. Muchas de ellas viven con el miedo de tener hijas e hijos con discapacidad a ra\u00edz de la afectaci\u00f3n por metales t\u00f3xicos. Si esto llegara a ocurrir, ellas llevar\u00e1n sobre los hombros el miedo y la incertidumbre de no saber qu\u00e9 pasar\u00e1 con sus hijos cuando ellas no est\u00e9n.\u00a0<\/span><\/p>\n<p><span style=\"font-weight: 400;\">Creemos que las acciones para resolver la problem\u00e1tica de las mujeres deben pasar de una \u201cfecha simb\u00f3lica\u201d a medidas efectivas como las que piden las integrantes de la PAMETEC. Las mujeres no quieren celebraciones ni mucho menos regalos de las instituciones p\u00fablicas ni el financiamiento de las empresas que vulneran derechos y aparecen en los congresos provinciales de las organizaciones sociales. Ocho de marzo, d\u00eda de la lucha por la participaci\u00f3n pol\u00edtica y la reivindicaci\u00f3n de los derechos humanos y la salud. <\/span><\/p>","protected":false},"excerpt":{"rendered":"<p>Por: \u00c1reas de G\u00e9nero y Derechos Colectivos y Medio Ambiente El coraz\u00f3n de las mujeres late m\u00e1s r\u00e1pido en este tiempo del pachakutiy, el cual marca el fin de un orden establecido hasta el momento. Cada palpitar remueve sentimientos, altera las emociones y trae a la memoria la lucha hist\u00f3rica de las mujeres por hacer [&hellip;]<\/p>\n","protected":false},"author":1,"featured_media":3317,"comment_status":"open","ping_status":"open","sticky":false,"template":"","format":"standard","meta":{"_monsterinsights_skip_tracking":false,"_monsterinsights_sitenote_active":false,"_monsterinsights_sitenote_note":"","_monsterinsights_sitenote_category":0,"_jetpack_memberships_contains_paid_content":false,"footnotes":"","jetpack_publicize_message":"","jetpack_publicize_feature_enabled":true,"jetpack_social_post_already_shared":false,"jetpack_social_options":{"image_generator_settings":{"template":"highway","default_image_id":0,"font":"","enabled":false},"version":2}},"categories":[1],"tags":[],"class_list":["post-3316","post","type-post","status-publish","format-standard","has-post-thumbnail","hentry","category-sin-categoria"],"blocksy_meta":[],"jetpack_publicize_connections":[],"jetpack_featured_media_url":"https:\/\/derechosinfronteras.pe\/wp-content\/uploads\/2023\/03\/8.jpg","jetpack_sharing_enabled":true,"jetpack_likes_enabled":true,"_links":{"self":[{"href":"https:\/\/derechosinfronteras.pe\/ingles\/wp-json\/wp\/v2\/posts\/3316","targetHints":{"allow":["GET"]}}],"collection":[{"href":"https:\/\/derechosinfronteras.pe\/ingles\/wp-json\/wp\/v2\/posts"}],"about":[{"href":"https:\/\/derechosinfronteras.pe\/ingles\/wp-json\/wp\/v2\/types\/post"}],"author":[{"embeddable":true,"href":"https:\/\/derechosinfronteras.pe\/ingles\/wp-json\/wp\/v2\/users\/1"}],"replies":[{"embeddable":true,"href":"https:\/\/derechosinfronteras.pe\/ingles\/wp-json\/wp\/v2\/comments?post=3316"}],"version-history":[{"count":0,"href":"https:\/\/derechosinfronteras.pe\/ingles\/wp-json\/wp\/v2\/posts\/3316\/revisions"}],"wp:featuredmedia":[{"embeddable":true,"href":"https:\/\/derechosinfronteras.pe\/ingles\/wp-json\/wp\/v2\/media\/3317"}],"wp:attachment":[{"href":"https:\/\/derechosinfronteras.pe\/ingles\/wp-json\/wp\/v2\/media?parent=3316"}],"wp:term":[{"taxonomy":"category","embeddable":true,"href":"https:\/\/derechosinfronteras.pe\/ingles\/wp-json\/wp\/v2\/categories?post=3316"},{"taxonomy":"post_tag","embeddable":true,"href":"https:\/\/derechosinfronteras.pe\/ingles\/wp-json\/wp\/v2\/tags?post=3316"}],"curies":[{"name":"wp","href":"https:\/\/api.w.org\/{rel}","templated":true}]}}