{"id":3318,"date":"2023-02-14T16:23:58","date_gmt":"2023-02-14T21:23:58","guid":{"rendered":"http:\/\/derechosinfronteras.pe\/?p=8477"},"modified":"2023-02-14T16:23:58","modified_gmt":"2023-02-14T21:23:58","slug":"victor-rosas-y-pablo-loza-heridos-tras-la-represion-policial-en-apurimac-challhuanca","status":"publish","type":"post","link":"https:\/\/derechosinfronteras.pe\/ingles\/victor-rosas-y-pablo-loza-heridos-tras-la-represion-policial-en-apurimac-challhuanca\/","title":{"rendered":"Victor Rosas y Pablo Loza: heridos tras la represi\u00f3n policial en Apur\u00edmac, Challhuanca"},"content":{"rendered":"<p><span style=\"font-weight: 400;\">Victor Rosas Alarc\u00f3n de la comunidad de Jos\u00e9 Maria Arguedas, provincia de Andahuaylas, tiene un traumatismo medular dorsal y actualmente se encuentra en el hospital Antonio Lorena de la ciudad del Cusco luchando por su vida, luego de las heridas causadas por un \u201cproyectil de arma de fuego\u201d, que al parecer dispar\u00f3 la polic\u00eda.<\/span><\/p>\n<p><span style=\"font-weight: 400;\">El jueves 09 de febrero, en Challhuanca, regi\u00f3n de Apur\u00edmac, se registr\u00f3 una fuerte represi\u00f3n policial que dej\u00f3 el saldo lamentable de una persona fallecida, Denilson Huara Vilchez de 23 a\u00f1os, y tres heridos de gravedad. Dentro de ellos, Victor Rosas y Pablo Lazo.<\/span><\/p>\n<h3><b>\u00bfEMBOSCADA POLICIAL?<\/b><\/h3>\n<p><span style=\"font-weight: 400;\">Familiares de los heridos mencionan que la polic\u00eda intervino el cami\u00f3n en el que Victor junto a los dos heridos (Dami\u00e1n Sivipaucar y Pablo Loza<\/span><b>)<\/b><span style=\"font-weight: 400;\"> retornaban a su casa, despu\u00e9s de la protesta.<\/span><\/p>\n<p><span style=\"font-weight: 400;\">Rosas Alarc\u00f3n se encontraba junto con otros 9 comuneros en la tolva del cami\u00f3n, mientras Lazo Mari\u00f1o estaba conduciendo. Rosas\u00a0 indic\u00f3 que los proyectiles atravesaron la puerta del carro y el metal del cami\u00f3n, por eso se cree que la polic\u00eda dispar\u00f3 con armamento de largo alcance. <\/span><span style=\"font-weight: 400;\">Seg\u00fan los testimonios la polic\u00eda habr\u00eda emboscado y disparado al cami\u00f3n.\u00a0<\/span><\/p>\n<h3><b>TRASLADO AL HOSPITAL DE CUSCO<\/b><\/h3>\n<p><span style=\"font-weight: 400;\">Victor Rosas y Pablo Loza fueron trasladados de Chalhuanca al hospital de Abancay, la madrugada del 10 de febrero. Sin embargo, ese mismo d\u00eda, a las 7:00 p.m. tuvieron que ser llevados al Hospital Antonio Lorena, en Cusco.\u00a0<\/span><\/p>\n<p><img fetchpriority=\"high\" decoding=\"async\" class=\"wp-image-8478 aligncenter\" src=\"http:\/\/derechosinfronteras.pe\/wp-content\/uploads\/2023\/02\/329223157_907484203944398_7441504921821270361_n-1-668x1024.jpg\" alt=\"\" width=\"327\" height=\"501\" \/><\/p>\n<p><b>SITUACI\u00d3N DE SALUD<\/b><\/p>\n<p><span style=\"font-weight: 400;\">Actualmente, Victor no puede mover los miembros inferiores producto del impacto del proyectil que ingres\u00f3 y sali\u00f3 de su cuerpo. Dicho objeto pas\u00f3 por su columna afectando las v\u00e9rtebras y la m\u00e9dula \u00f3sea.Cabe recalcar que ayer no pudo ser intervenido porque se encontraba con baja saturaci\u00f3n de ox\u00edgeno.\u00a0<\/span><\/p>\n<p><span style=\"font-weight: 400;\">Pablo Loza Mari\u00f1o tambi\u00e9n lucha por su vida debido al impacto del <\/span><span style=\"font-weight: 400;\">proyectil que se aloj\u00f3 en su pulm\u00f3n izquierdo, cerca al coraz\u00f3n. Necesita donantes de sangre O positivo y est\u00e1 a la espera de la operaci\u00f3n para extraerle el proyectil.<\/span><\/p>\n<p><img decoding=\"async\" class=\"wp-image-8479 aligncenter\" src=\"http:\/\/derechosinfronteras.pe\/wp-content\/uploads\/2023\/02\/donate-de-sangre-1024x1024.png\" alt=\"\" width=\"407\" height=\"407\" \/><\/p>\n<p><span style=\"font-weight: 400;\">Los\u00a0 familiares de ambas personas contin\u00faan en el hospital a la espera de su recuperaci\u00f3n. Ellos exigen que se haga justicia y\u00a0 se identifique a los responsables.\u00a0<\/span><\/p>","protected":false},"excerpt":{"rendered":"<p>Victor Rosas Alarc\u00f3n de la comunidad de Jos\u00e9 Maria Arguedas, provincia de Andahuaylas, tiene un traumatismo medular dorsal y actualmente se encuentra en el hospital Antonio Lorena de la ciudad del Cusco luchando por su vida, luego de las heridas causadas por un \u201cproyectil de arma de fuego\u201d, que al parecer dispar\u00f3 la polic\u00eda. El [&hellip;]<\/p>\n","protected":false},"author":1,"featured_media":3319,"comment_status":"open","ping_status":"open","sticky":false,"template":"","format":"standard","meta":{"_monsterinsights_skip_tracking":false,"_monsterinsights_sitenote_active":false,"_monsterinsights_sitenote_note":"","_monsterinsights_sitenote_category":0,"_jetpack_memberships_contains_paid_content":false,"footnotes":"","jetpack_publicize_message":"","jetpack_publicize_feature_enabled":true,"jetpack_social_post_already_shared":false,"jetpack_social_options":{"image_generator_settings":{"template":"highway","default_image_id":0,"font":"","enabled":false},"version":2}},"categories":[1],"tags":[],"class_list":["post-3318","post","type-post","status-publish","format-standard","has-post-thumbnail","hentry","category-sin-categoria"],"blocksy_meta":[],"jetpack_publicize_connections":[],"jetpack_featured_media_url":"https:\/\/derechosinfronteras.pe\/wp-content\/uploads\/2023\/02\/3-1.jpg","jetpack_sharing_enabled":true,"jetpack_likes_enabled":true,"_links":{"self":[{"href":"https:\/\/derechosinfronteras.pe\/ingles\/wp-json\/wp\/v2\/posts\/3318","targetHints":{"allow":["GET"]}}],"collection":[{"href":"https:\/\/derechosinfronteras.pe\/ingles\/wp-json\/wp\/v2\/posts"}],"about":[{"href":"https:\/\/derechosinfronteras.pe\/ingles\/wp-json\/wp\/v2\/types\/post"}],"author":[{"embeddable":true,"href":"https:\/\/derechosinfronteras.pe\/ingles\/wp-json\/wp\/v2\/users\/1"}],"replies":[{"embeddable":true,"href":"https:\/\/derechosinfronteras.pe\/ingles\/wp-json\/wp\/v2\/comments?post=3318"}],"version-history":[{"count":0,"href":"https:\/\/derechosinfronteras.pe\/ingles\/wp-json\/wp\/v2\/posts\/3318\/revisions"}],"wp:featuredmedia":[{"embeddable":true,"href":"https:\/\/derechosinfronteras.pe\/ingles\/wp-json\/wp\/v2\/media\/3319"}],"wp:attachment":[{"href":"https:\/\/derechosinfronteras.pe\/ingles\/wp-json\/wp\/v2\/media?parent=3318"}],"wp:term":[{"taxonomy":"category","embeddable":true,"href":"https:\/\/derechosinfronteras.pe\/ingles\/wp-json\/wp\/v2\/categories?post=3318"},{"taxonomy":"post_tag","embeddable":true,"href":"https:\/\/derechosinfronteras.pe\/ingles\/wp-json\/wp\/v2\/tags?post=3318"}],"curies":[{"name":"wp","href":"https:\/\/api.w.org\/{rel}","templated":true}]}}