{"id":3320,"date":"2023-02-08T15:31:02","date_gmt":"2023-02-08T20:31:02","guid":{"rendered":"http:\/\/derechosinfronteras.pe\/?p=8474"},"modified":"2023-02-08T15:31:02","modified_gmt":"2023-02-08T20:31:02","slug":"decision-discriminatoria","status":"publish","type":"post","link":"https:\/\/derechosinfronteras.pe\/ingles\/decision-discriminatoria\/","title":{"rendered":"\u00bfDECISI\u00d3N DISCRIMINATORIA?"},"content":{"rendered":"<p><strong>Seg\u00fan tesis de la fiscal\u00eda y la jueza, vivir en una comunidad campesina no significa que tienes una residencia habitual, a diferencia de quienes viven en la ciudad<\/strong><\/p>\n<p>Jueza dicta 9 meses de prisi\u00f3n preventiva a 4 de los 5 detenidos que supuestamente estaban implicados en los disturbios del 31 de enero en Cusco. El proceso que inici\u00f3 con la detenci\u00f3n de los implicados hasta su internamiento en el penal de Quencoro dur\u00f3 cuatro d\u00edas aproximadamente, a pesar que est\u00e1 dentro de los plazos, se puede pensar que fue una estrategia de la fiscal\u00eda y del poder judicial acelerar el proceso para cansar a los abogados de la defensa.<\/p>\n<p>Las diligencias preliminares se llevaron de manera paralela (declaraciones de los agraviados y el reconocimiento en rueda) donde los abogados tuvieron dificultades para estar en ambos lugares al mismo tiempo. En algunos casos las diligencias duraron hasta la madrugada (17 horas aproximadamente) en horario corrido con peque\u00f1os intervalos de descanso. Por su parte, el Ministerio P\u00fablico design\u00f3 a dos fiscales de crimen organizado y dos penalistas.<\/p>\n<p>Seg\u00fan los abogados, hubo contradicciones de los supuestos agraviados a la hora de narrar los hechos, tambi\u00e9n al momento del reconocimiento en f\u00edsico de los supuestos agresores de la manifestaci\u00f3n, se cree que los mismos no fueron valorados por la fiscal\u00eda y la jueza a la hora de tomar la decisi\u00f3n final.<\/p>\n<p>Cabe resaltar que generalmente no se ve tanta eficiencia en los tiempos por parte de la fiscal\u00eda y el poder judicial para dictaminar una resoluci\u00f3n de prisi\u00f3n preventiva, la misma que tuvo como pol\u00e9mica el arraigo domiciliario, que muchos lo consideraron discriminatorio porque los acusados provienen de una comunidad campesina. Esa misma eficiencia de la fiscal\u00eda y del poder judicial no se ve en el caso de los heridos y fallecidos producto de la represi\u00f3n policial, lo que nos lleva a cuestionar la imparcialidad del sistema judicial.<\/p>\n<p>Hivallanca Huam\u00e1n Joel David, Huam\u00e1n Camala Redy, Huaccanqui Yucra Ferdinan y Camala Ccoyo Richard est\u00e1n con prisi\u00f3n preventiva, mientras que Edilberto Huam\u00e1n llevar\u00e1 su caso en libertad.<\/p>\n<p>Redacci\u00f3n: DHSF<\/p>","protected":false},"excerpt":{"rendered":"<p>Seg\u00fan tesis de la fiscal\u00eda y la jueza, vivir en una comunidad campesina no significa que tienes una residencia habitual, a diferencia de quienes viven en la ciudad Jueza dicta 9 meses de prisi\u00f3n preventiva a 4 de los 5 detenidos que supuestamente estaban implicados en los disturbios del 31 de enero en Cusco. El [&hellip;]<\/p>\n","protected":false},"author":1,"featured_media":3321,"comment_status":"open","ping_status":"open","sticky":false,"template":"","format":"standard","meta":{"_monsterinsights_skip_tracking":false,"_monsterinsights_sitenote_active":false,"_monsterinsights_sitenote_note":"","_monsterinsights_sitenote_category":0,"_jetpack_memberships_contains_paid_content":false,"footnotes":"","jetpack_publicize_message":"","jetpack_publicize_feature_enabled":true,"jetpack_social_post_already_shared":false,"jetpack_social_options":{"image_generator_settings":{"template":"highway","default_image_id":0,"font":"","enabled":false},"version":2}},"categories":[1],"tags":[],"class_list":["post-3320","post","type-post","status-publish","format-standard","has-post-thumbnail","hentry","category-sin-categoria"],"blocksy_meta":[],"jetpack_publicize_connections":[],"jetpack_featured_media_url":"https:\/\/derechosinfronteras.pe\/wp-content\/uploads\/2023\/02\/discriminatoria-web.jpg","jetpack_sharing_enabled":true,"jetpack_likes_enabled":true,"_links":{"self":[{"href":"https:\/\/derechosinfronteras.pe\/ingles\/wp-json\/wp\/v2\/posts\/3320","targetHints":{"allow":["GET"]}}],"collection":[{"href":"https:\/\/derechosinfronteras.pe\/ingles\/wp-json\/wp\/v2\/posts"}],"about":[{"href":"https:\/\/derechosinfronteras.pe\/ingles\/wp-json\/wp\/v2\/types\/post"}],"author":[{"embeddable":true,"href":"https:\/\/derechosinfronteras.pe\/ingles\/wp-json\/wp\/v2\/users\/1"}],"replies":[{"embeddable":true,"href":"https:\/\/derechosinfronteras.pe\/ingles\/wp-json\/wp\/v2\/comments?post=3320"}],"version-history":[{"count":0,"href":"https:\/\/derechosinfronteras.pe\/ingles\/wp-json\/wp\/v2\/posts\/3320\/revisions"}],"wp:featuredmedia":[{"embeddable":true,"href":"https:\/\/derechosinfronteras.pe\/ingles\/wp-json\/wp\/v2\/media\/3321"}],"wp:attachment":[{"href":"https:\/\/derechosinfronteras.pe\/ingles\/wp-json\/wp\/v2\/media?parent=3320"}],"wp:term":[{"taxonomy":"category","embeddable":true,"href":"https:\/\/derechosinfronteras.pe\/ingles\/wp-json\/wp\/v2\/categories?post=3320"},{"taxonomy":"post_tag","embeddable":true,"href":"https:\/\/derechosinfronteras.pe\/ingles\/wp-json\/wp\/v2\/tags?post=3320"}],"curies":[{"name":"wp","href":"https:\/\/api.w.org\/{rel}","templated":true}]}}