{"id":3322,"date":"2023-02-02T16:54:58","date_gmt":"2023-02-02T21:54:58","guid":{"rendered":"http:\/\/derechosinfronteras.pe\/?p=8466"},"modified":"2023-02-02T16:54:58","modified_gmt":"2023-02-02T21:54:58","slug":"ciudadanos-y-ciudadanas-hacen-planton-frente-a-instalaciones-de-medios-de-comunicacion-de-lima","status":"publish","type":"post","link":"https:\/\/derechosinfronteras.pe\/ingles\/ciudadanos-y-ciudadanas-hacen-planton-frente-a-instalaciones-de-medios-de-comunicacion-de-lima\/","title":{"rendered":"Ciudadanos y ciudadanas hacen plant\u00f3n frente a instalaciones de medios de comunicaci\u00f3n de Lima"},"content":{"rendered":"<p>\u201cPrensa basura, informa la verdad\u201d es la frase que gritaron m\u00e1s de 200 peruanos y peruanas, quienes realizaron un plant\u00f3n frente a las instalaciones de algunos medios de comunicaci\u00f3n como Am\u00e9rica TV y Latina,\u00a0 en Lima.<\/p>\n<p><img fetchpriority=\"high\" decoding=\"async\" class=\"wp-image-8470 aligncenter\" src=\"http:\/\/derechosinfronteras.pe\/wp-content\/uploads\/2023\/02\/b70545ba-92c6-487e-a54a-e2410210f40f-1-169x300.jpg\" alt=\"\" width=\"252\" height=\"447\" \/><\/p>\n<p>\u201cA m\u00ed la semana pasada me han difamado\u201d dijo Felix Suasaca, dirigente defensor del medio ambiente presente en dicho planton, quien hizo un llamado a Am\u00e9rica Tv para que lo entrevisten \u201cquiero que me entrevisten, yo invoco que me entrevisten\u201d, afirm\u00f3.<\/p>\n<p>Cabe recalcar que el dirigente de la regi\u00f3n Puno, el 14 de febrero sali\u00f3 a desmentir acusaciones que salieron por diferentes medios de comunicaci\u00f3n de la capital y neg\u00f3 que haya un documento, firmado por dirigentes, sobre las protestas.<\/p>\n<p>As\u00ed mismo, la Federaci\u00f3n de Estudiantes del Cusco, en una publicaci\u00f3n de Facebook mencion\u00f3 que se suman a la medida de lucha ante la coyuntura pol\u00edtica actual y manifiestan que son las diversas regiones del Per\u00fa quienes realizaron este plant\u00f3n para manifestar su rechazo ante la tergiversaci\u00f3n y la criminalizaci\u00f3n de la protesta social.<\/p>\n<p><img decoding=\"async\" class=\"wp-image-8469 aligncenter\" src=\"http:\/\/derechosinfronteras.pe\/wp-content\/uploads\/2023\/02\/328709336_1380641169439121_5474810862874974130_n-300x169.jpg\" alt=\"\" width=\"426\" height=\"240\" \/><\/p>\n<p style=\"text-align: center;\">Foto: Federaci\u00f3n Universitaria del Cusco<\/p>\n<p>\u00a0\u201cQueremos que esta prensa informe nuestra verdad\u201d, \u201c\u00bfEsta prensa dice algo de nuestras muertes?\u201d se pregunt\u00f3 un ciudadano que particip\u00f3 en el plant\u00f3n.<\/p>\n<p>Esta es una muestra del malestar de muchos ciudadanos y ciudadanas para con los medios de comunicaci\u00f3n, desde Derechos Humanos Sin Fronteras pedimos que estos informen con objetividad y no contribuyan a la criminalizaci\u00f3n de la protesta social. As\u00ed mismo, hacemos un llamado para que no se agreda a los periodistas y reporteros que d\u00eda a d\u00eda est\u00e1n en las calles cumpliendo con su trabajo.<\/p>","protected":false},"excerpt":{"rendered":"<p>\u201cPrensa basura, informa la verdad\u201d es la frase que gritaron m\u00e1s de 200 peruanos y peruanas, quienes realizaron un plant\u00f3n frente a las instalaciones de algunos medios de comunicaci\u00f3n como Am\u00e9rica TV y Latina,\u00a0 en Lima. \u201cA m\u00ed la semana pasada me han difamado\u201d dijo Felix Suasaca, dirigente defensor del medio ambiente presente en dicho [&hellip;]<\/p>\n","protected":false},"author":1,"featured_media":3323,"comment_status":"open","ping_status":"open","sticky":false,"template":"","format":"standard","meta":{"_monsterinsights_skip_tracking":false,"_monsterinsights_sitenote_active":false,"_monsterinsights_sitenote_note":"","_monsterinsights_sitenote_category":0,"_jetpack_memberships_contains_paid_content":false,"footnotes":"","jetpack_publicize_message":"","jetpack_publicize_feature_enabled":true,"jetpack_social_post_already_shared":false,"jetpack_social_options":{"image_generator_settings":{"template":"highway","default_image_id":0,"font":"","enabled":false},"version":2}},"categories":[1],"tags":[],"class_list":["post-3322","post","type-post","status-publish","format-standard","has-post-thumbnail","hentry","category-sin-categoria"],"blocksy_meta":[],"jetpack_publicize_connections":[],"jetpack_featured_media_url":"https:\/\/derechosinfronteras.pe\/wp-content\/uploads\/2023\/02\/prensa.jpg","jetpack_sharing_enabled":true,"jetpack_likes_enabled":true,"_links":{"self":[{"href":"https:\/\/derechosinfronteras.pe\/ingles\/wp-json\/wp\/v2\/posts\/3322","targetHints":{"allow":["GET"]}}],"collection":[{"href":"https:\/\/derechosinfronteras.pe\/ingles\/wp-json\/wp\/v2\/posts"}],"about":[{"href":"https:\/\/derechosinfronteras.pe\/ingles\/wp-json\/wp\/v2\/types\/post"}],"author":[{"embeddable":true,"href":"https:\/\/derechosinfronteras.pe\/ingles\/wp-json\/wp\/v2\/users\/1"}],"replies":[{"embeddable":true,"href":"https:\/\/derechosinfronteras.pe\/ingles\/wp-json\/wp\/v2\/comments?post=3322"}],"version-history":[{"count":0,"href":"https:\/\/derechosinfronteras.pe\/ingles\/wp-json\/wp\/v2\/posts\/3322\/revisions"}],"wp:featuredmedia":[{"embeddable":true,"href":"https:\/\/derechosinfronteras.pe\/ingles\/wp-json\/wp\/v2\/media\/3323"}],"wp:attachment":[{"href":"https:\/\/derechosinfronteras.pe\/ingles\/wp-json\/wp\/v2\/media?parent=3322"}],"wp:term":[{"taxonomy":"category","embeddable":true,"href":"https:\/\/derechosinfronteras.pe\/ingles\/wp-json\/wp\/v2\/categories?post=3322"},{"taxonomy":"post_tag","embeddable":true,"href":"https:\/\/derechosinfronteras.pe\/ingles\/wp-json\/wp\/v2\/tags?post=3322"}],"curies":[{"name":"wp","href":"https:\/\/api.w.org\/{rel}","templated":true}]}}