{"id":3324,"date":"2023-01-19T10:41:12","date_gmt":"2023-01-19T15:41:12","guid":{"rendered":"http:\/\/derechosinfronteras.pe\/?p=8461"},"modified":"2023-10-25T10:34:54","modified_gmt":"2023-10-25T15:34:54","slug":"lideresas-y-dirigentas-viajan-a-lima-para-alzar-la-voz-contra-el-gobierno-ilegitimo-de-dina-boluarte","status":"publish","type":"post","link":"https:\/\/derechosinfronteras.pe\/ingles\/lideresas-y-dirigentas-viajan-a-lima-para-alzar-la-voz-contra-el-gobierno-ilegitimo-de-dina-boluarte\/","title":{"rendered":"Lideresas y dirigentas viajan a Lima para alzar la voz contra el gobierno ileg\u00edtimo de Dina Boluarte"},"content":{"rendered":"<p><em>Por: \u00c1rea de G\u00e9nero de DHSF<\/em><\/p>\n\n\n\n<p>Lideresas y dirigentas de distintas organizaciones sociales, colectivos, frentes, comunidades campesinas e independientes viajaron a Lima como parte de las delegaciones de Cusco para exigir la renuncia de Dina Boluarte cuyo gobierno tiene m\u00e1s de medio centenar de fallecidos (y un polic\u00eda) y cientos de heridos producto de la represi\u00f3n policial ocurrido en las manifestaciones en el sur del pa\u00eds.<\/p>\n\n\n\n<p>Entre los grupos, conformados tambi\u00e9n por varones j\u00f3venes, se encuentran mujeres liderando la Federaci\u00f3n Universitaria de Cusco (FUC), adem\u00e1s, integrantes de la comunidad campesina Orccoma, de los distritos de Chamaca, Santo Tom\u00e1s (provincia de Chumbivilcas). De igual manera, profesoras de Canchis, de diferentes barrios rurales y urbanos, entre diferentes distritos y provincias, quienes no se sienten representadas por la primera mujer presidenta del Per\u00fa que decidi\u00f3 mantener una posici\u00f3n represora, similar a la derecha, antes que tender v\u00edas de di\u00e1logo con la ciudadan\u00eda movilizada.<\/p>\n\n\n\n<p>Las demandas que se escucha en las multitudinarias movilizaciones son las siguientes: cierre del Congreso, la renuncia de Diana Boluarte a la Presidencia de la Rep\u00fablica, nuevas elecciones y una Asamblea Constituyente.<\/p>\n\n\n\n<p><strong>MUJERES EN LUCHA<\/strong><\/p>\n\n\n\n<p>En las manifestaciones realizadas la semana pasada en la ciudad de Cusco tambi\u00e9n estuvieron presentes las mujeres, adultas y en su mayor\u00eda j\u00f3venes, encabezando las marchas, algunas como voluntarias brigadistas y abogadas, otras liderando las ollas comunes, en el acopio de donaciones, en la b\u00fasqueda de ayuda econ\u00f3mica y legal para los heridos. Adem\u00e1s, en la comisi\u00f3n de coordinaci\u00f3n con organizaciones de derechos humanos y con autoridades pol\u00edticas y policiales, y en la redacci\u00f3n de pronunciamientos y dem\u00e1s acciones sociales y pol\u00edticas.<\/p>\n\n\n\n<figure class=\"wp-block-image aligncenter\"><img decoding=\"async\" src=\"https:\/\/web.archive.org\/web\/20230119162419\/https:\/\/derechosinfronteras.pe\/wp-content\/uploads\/2023\/01\/IMG_0317-1024x683.jpg\" alt=\"\" class=\"wp-image-8463\"\/><\/figure>\n\n\n\n<p>Asimismo, colectivas feministas, activistas e independientes se dedicaron a difundir en las redes sociales la indignaci\u00f3n frente a las expresiones racistas, clasistas y de discriminaci\u00f3n hacia las y los protestantes que ven\u00edan de las provincias altas a la Ciudad Imperial, as\u00ed como la violencia ejercida por el Estado en las movilizaciones.<\/p>\n\n\n\n<p>Lamentablemente, en la regi\u00f3n se registr\u00f3 1 fallecido a causa de una herida de bala, identificado como el dirigente ante\u00f1o Jlinner Remo Candia Guevara (41) y m\u00e1s de 60 personas heridas producto de la represi\u00f3n policial seg\u00fan el reporte de la Gerencia Regional de Salud.<\/p>\n\n\n\n<p>Vale precisar que la Confederaci\u00f3n General de Trabajadores del Per\u00fa (CGTP) convoc\u00f3 para este jueves 19 a un paro nacional, c\u00edvico y popular, por lo que Lima es la ciudad que concentrar\u00e1 el mayor n\u00famero de manifestantes provenientes de las regiones de Puno, Cusco, Ayacucho, Arequipa, Tacna, Moquegua y Apur\u00edmac. En las redes sociales se mostraron im\u00e1genes de la ciudadan\u00eda donando alimentos, bebidas y dinero a las delegaciones que llegaron desde las provincias altas a la capital de sus regiones y luego cuando viajaron a Lima, lo que evidenci\u00f3 la solidaridad andina y el compromiso pol\u00edtico por la construcci\u00f3n de un nuevo pa\u00eds, el respeto de los derechos y la dignidad de los pueblos originarios.<\/p>","protected":false},"excerpt":{"rendered":"<p>Por: \u00c1rea de G\u00e9nero de DHSF Lideresas y dirigentas de distintas organizaciones sociales, colectivos, frentes, comunidades campesinas e independientes viajaron a Lima como parte de las delegaciones de Cusco para exigir la renuncia de Dina Boluarte cuyo gobierno tiene m\u00e1s de medio centenar de fallecidos (y un polic\u00eda) y cientos de heridos producto de la [&hellip;]<\/p>\n","protected":false},"author":1,"featured_media":3325,"comment_status":"open","ping_status":"open","sticky":false,"template":"","format":"standard","meta":{"_monsterinsights_skip_tracking":false,"_monsterinsights_sitenote_active":false,"_monsterinsights_sitenote_note":"","_monsterinsights_sitenote_category":0,"_jetpack_memberships_contains_paid_content":false,"footnotes":"","jetpack_publicize_message":"","jetpack_publicize_feature_enabled":true,"jetpack_social_post_already_shared":false,"jetpack_social_options":{"image_generator_settings":{"template":"highway","default_image_id":0,"font":"","enabled":false},"version":2}},"categories":[1],"tags":[],"class_list":["post-3324","post","type-post","status-publish","format-standard","has-post-thumbnail","hentry","category-sin-categoria"],"blocksy_meta":[],"jetpack_publicize_connections":[],"jetpack_featured_media_url":"https:\/\/derechosinfronteras.pe\/wp-content\/uploads\/2023\/01\/DIRI-2023.jpg","jetpack_sharing_enabled":true,"jetpack_likes_enabled":true,"_links":{"self":[{"href":"https:\/\/derechosinfronteras.pe\/ingles\/wp-json\/wp\/v2\/posts\/3324","targetHints":{"allow":["GET"]}}],"collection":[{"href":"https:\/\/derechosinfronteras.pe\/ingles\/wp-json\/wp\/v2\/posts"}],"about":[{"href":"https:\/\/derechosinfronteras.pe\/ingles\/wp-json\/wp\/v2\/types\/post"}],"author":[{"embeddable":true,"href":"https:\/\/derechosinfronteras.pe\/ingles\/wp-json\/wp\/v2\/users\/1"}],"replies":[{"embeddable":true,"href":"https:\/\/derechosinfronteras.pe\/ingles\/wp-json\/wp\/v2\/comments?post=3324"}],"version-history":[{"count":2,"href":"https:\/\/derechosinfronteras.pe\/ingles\/wp-json\/wp\/v2\/posts\/3324\/revisions"}],"predecessor-version":[{"id":6350,"href":"https:\/\/derechosinfronteras.pe\/ingles\/wp-json\/wp\/v2\/posts\/3324\/revisions\/6350"}],"wp:featuredmedia":[{"embeddable":true,"href":"https:\/\/derechosinfronteras.pe\/ingles\/wp-json\/wp\/v2\/media\/3325"}],"wp:attachment":[{"href":"https:\/\/derechosinfronteras.pe\/ingles\/wp-json\/wp\/v2\/media?parent=3324"}],"wp:term":[{"taxonomy":"category","embeddable":true,"href":"https:\/\/derechosinfronteras.pe\/ingles\/wp-json\/wp\/v2\/categories?post=3324"},{"taxonomy":"post_tag","embeddable":true,"href":"https:\/\/derechosinfronteras.pe\/ingles\/wp-json\/wp\/v2\/tags?post=3324"}],"curies":[{"name":"wp","href":"https:\/\/api.w.org\/{rel}","templated":true}]}}