{"id":3328,"date":"2023-01-05T15:56:08","date_gmt":"2023-01-05T20:56:08","guid":{"rendered":"http:\/\/derechosinfronteras.pe\/?p=8441"},"modified":"2023-01-05T15:56:08","modified_gmt":"2023-01-05T20:56:08","slug":"instituciones-de-la-sociedad-civil-presentan-medida-cautelar-ante-la-comision-interamericana-de-los-derechos-humanos-por-el-abuso-policial-y-militar-en-el-contexto-de-las-protestas","status":"publish","type":"post","link":"https:\/\/derechosinfronteras.pe\/ingles\/instituciones-de-la-sociedad-civil-presentan-medida-cautelar-ante-la-comision-interamericana-de-los-derechos-humanos-por-el-abuso-policial-y-militar-en-el-contexto-de-las-protestas\/","title":{"rendered":"Instituciones de la sociedad civil presentan Medida Cautelar ante la Comisi\u00f3n Interamericana de los Derechos Humanos por el abuso policial y militar en el contexto de las protestas"},"content":{"rendered":"<p>Texto: IDL<\/p>\n<p>El 05 de enero del presente a\u00f1o, el Instituto de Defensa Legal, Derechos Humanos Sin Fronteras y la Cl\u00ednica de Derechos Humanos del Centro de Investigaci\u00f3n y Ense\u00f1anza en Derechos Humanos de la Universidad de Ottawa presentan ante la Comisi\u00f3n Interamericana de los Derechos Humanos para que dispongan de Medidas Cautelares de protecci\u00f3n debido a los constantes abusos arbitrariedades y desproporci\u00f3n de la actuaci\u00f3n de la fuerza policial y de los militares, quienes limitan el ejercicio leg\u00edtimo del derecho a la protesta de los ciudadanos y ciudadanas peruanos y peruanas.<\/p>\n<p>Esta solicitud relata los hechos acontecidos desde el d\u00eda en que el expresidente Pedro Castillo fue destituido de su cargo de manera express por parte del Congreso de la Rep\u00fablica, luego del mensaje a la naci\u00f3n de autogolpe fallido que forma parte de una respuesta por las constantes obstrucciones de parte del Poder Legislativo.<\/p>\n<p>Esta nueva situaci\u00f3n de crisis no solo repercute en miles de ciudadanas y ciudadanos que salen a protestar en las diferentes regiones como Apur\u00edmac, Cusco, La Libertad, Jun\u00edn, Ica, Ayacucho, Lima, Puno entre otras, asimismo el impacto fue a nivel internacional en d\u00f3nde distintos medios de comunicaci\u00f3n reproducen y recopilan informaci\u00f3n objetiva de lo grav\u00edsima situaci\u00f3n que estamos viviendo en el pa\u00eds, adem\u00e1s de la violenta represi\u00f3n policial y militar ha dejado al menos 28 fallecidos y m\u00e1s de 650 heridos de poblaci\u00f3n civil a nivel nacional, as\u00ed como varias detenciones al margen de la ley.<\/p>\n<p>Es en ese contexto, es necesario que las instituciones del Estado como es el Congreso de la Rep\u00fablica y al Gobierno peruano adopte las siguientes medidas:<\/p>\n<p style=\"padding-left: 40px;\">a) Cese de la represi\u00f3n policial y militar, y se proteja el derecho a la vida e integridad personal de quienes manifiestan su disconformidad con el actuar de las Autoridades.<\/p>\n<p style=\"padding-left: 40px;\">b) Se implemente acciones de investigaci\u00f3n de los hechos vinculados a la presente solicitud de medida cautelar y evitar as\u00ed su repetici\u00f3n.<\/p>","protected":false},"excerpt":{"rendered":"<p>Texto: IDL El 05 de enero del presente a\u00f1o, el Instituto de Defensa Legal, Derechos Humanos Sin Fronteras y la Cl\u00ednica de Derechos Humanos del Centro de Investigaci\u00f3n y Ense\u00f1anza en Derechos Humanos de la Universidad de Ottawa presentan ante la Comisi\u00f3n Interamericana de los Derechos Humanos para que dispongan de Medidas Cautelares de protecci\u00f3n [&hellip;]<\/p>\n","protected":false},"author":1,"featured_media":3329,"comment_status":"open","ping_status":"open","sticky":false,"template":"","format":"standard","meta":{"_monsterinsights_skip_tracking":false,"_monsterinsights_sitenote_active":false,"_monsterinsights_sitenote_note":"","_monsterinsights_sitenote_category":0,"_jetpack_memberships_contains_paid_content":false,"footnotes":"","jetpack_publicize_message":"","jetpack_publicize_feature_enabled":true,"jetpack_social_post_already_shared":false,"jetpack_social_options":{"image_generator_settings":{"template":"highway","default_image_id":0,"font":"","enabled":false},"version":2}},"categories":[1],"tags":[],"class_list":["post-3328","post","type-post","status-publish","format-standard","has-post-thumbnail","hentry","category-sin-categoria"],"blocksy_meta":[],"jetpack_publicize_connections":[],"jetpack_featured_media_url":"https:\/\/derechosinfronteras.pe\/wp-content\/uploads\/2023\/01\/MEDIDA-CAUTELAR.png","jetpack_sharing_enabled":true,"jetpack_likes_enabled":true,"_links":{"self":[{"href":"https:\/\/derechosinfronteras.pe\/ingles\/wp-json\/wp\/v2\/posts\/3328","targetHints":{"allow":["GET"]}}],"collection":[{"href":"https:\/\/derechosinfronteras.pe\/ingles\/wp-json\/wp\/v2\/posts"}],"about":[{"href":"https:\/\/derechosinfronteras.pe\/ingles\/wp-json\/wp\/v2\/types\/post"}],"author":[{"embeddable":true,"href":"https:\/\/derechosinfronteras.pe\/ingles\/wp-json\/wp\/v2\/users\/1"}],"replies":[{"embeddable":true,"href":"https:\/\/derechosinfronteras.pe\/ingles\/wp-json\/wp\/v2\/comments?post=3328"}],"version-history":[{"count":0,"href":"https:\/\/derechosinfronteras.pe\/ingles\/wp-json\/wp\/v2\/posts\/3328\/revisions"}],"wp:featuredmedia":[{"embeddable":true,"href":"https:\/\/derechosinfronteras.pe\/ingles\/wp-json\/wp\/v2\/media\/3329"}],"wp:attachment":[{"href":"https:\/\/derechosinfronteras.pe\/ingles\/wp-json\/wp\/v2\/media?parent=3328"}],"wp:term":[{"taxonomy":"category","embeddable":true,"href":"https:\/\/derechosinfronteras.pe\/ingles\/wp-json\/wp\/v2\/categories?post=3328"},{"taxonomy":"post_tag","embeddable":true,"href":"https:\/\/derechosinfronteras.pe\/ingles\/wp-json\/wp\/v2\/tags?post=3328"}],"curies":[{"name":"wp","href":"https:\/\/api.w.org\/{rel}","templated":true}]}}