{"id":3330,"date":"2022-12-22T10:31:06","date_gmt":"2022-12-22T15:31:06","guid":{"rendered":"http:\/\/derechosinfronteras.pe\/?p=8431"},"modified":"2022-12-22T10:31:06","modified_gmt":"2022-12-22T15:31:06","slug":"la-cidh-llega-a-cusco-para-escuchar-testimonios-sobre-situaciones-de-vulneracion-de-derechos-durante-protestas","status":"publish","type":"post","link":"https:\/\/derechosinfronteras.pe\/ingles\/la-cidh-llega-a-cusco-para-escuchar-testimonios-sobre-situaciones-de-vulneracion-de-derechos-durante-protestas\/","title":{"rendered":"LA CIDH LLEGA A CUSCO PARA ESCUCHAR TESTIMONIOS SOBRE SITUACIONES DE VULNERACI\u00d3N DE DERECHOS DURANTE PROTESTAS"},"content":{"rendered":"<p>El mi\u00e9rcoles 20 de diciembre, la delegaci\u00f3n de la Comisi\u00f3n Interamericana de Derechos Humanos (CIDH) arrib\u00f3 a la ciudad del Cusco, donde de se reuni\u00f3 con v\u00edctimas de la represi\u00f3n policial militar y representantes de organizaciones sociales para recabar informaci\u00f3n sobre situaciones de vulneraci\u00f3n de derechos humanos ocurrido en las protestas en medio de la crisis nacional que enfrenta el Per\u00fa. Ello a solicitud de la Coordinadora Nacional de Derechos Humanos.<\/p>\n<p><img fetchpriority=\"high\" decoding=\"async\" class=\"wp-image-8433 aligncenter\" src=\"http:\/\/derechosinfronteras.pe\/wp-content\/uploads\/2022\/12\/ttt-1024x683.jpg\" alt=\"\" width=\"462\" height=\"308\" \/><\/p>\n<p style=\"text-align: center;\"><strong>Foto: Tania Reneaum, secretaria ejecutiva de la CIDH\u00a0<\/strong><\/p>\n<p>En el transcurso de la reuni\u00f3n las personas que fueron detenidas arbitrariamente, el 14 de diciembre, durante 48 horas, manifestaron que fueron v\u00edctimas de agresiones f\u00edsicas y verbales. Hasta el momento, se ha registrado a 7 personas detenidas, no obstante, la polic\u00eda y fiscal\u00eda a\u00fan no informan sobre la cantidad exacta de detenidos.<\/p>\n<p>Cabe resaltar que en Cusco se han registrado eventos de represi\u00f3n policial con disparos de gas lacrim\u00f3geno y perdigones, desconoci\u00e9ndose la cantidad de heridos.<\/p>\n<p>Los representantes de las organizaciones sociales de Cusco mencionaron que la fuerza policial fue desproporcional cuando intervinieron con violencia a una persona embarazada dej\u00e1ndola indocumentada y sin brindarle ning\u00fan tipo de apoyo, as\u00ed mismo, denunciaron el ataque a una ni\u00f1a de 10 a\u00f1os, menores de edad y otros hechos de vulneraci\u00f3n del derecho a la protesta.\u00a0 Por otro lado, mencionaron que notaron la presencia de polic\u00edas vestidos de civiles quienes habr\u00edan sido vistos en medio de las protestas. Tambi\u00e9n, cabe recalcar que las y los dirigentes sociales informaron sobre la presencia de personas ajenas y\/o extra\u00f1as infiltradas en la movilizaci\u00f3n social.<\/p>\n<p>Finalmente, la CIDH elaborar\u00e1 un informe de recomendaciones al estado peruano a fin de evitar detenciones arbitrarias, represi\u00f3n policial y\/o militar y da\u00f1os f\u00edsicos y verbales.<\/p>\n<p><img decoding=\"async\" class=\"wp-image-8436 aligncenter\" src=\"http:\/\/derechosinfronteras.pe\/wp-content\/uploads\/2022\/12\/0000-1024x768.jpg\" alt=\"\" width=\"399\" height=\"299\" \/><\/p>\n<p style=\"text-align: center;\"><strong>Foto: Reuni\u00f3n con organizaciones sociales<\/strong><\/p>","protected":false},"excerpt":{"rendered":"<p>El mi\u00e9rcoles 20 de diciembre, la delegaci\u00f3n de la Comisi\u00f3n Interamericana de Derechos Humanos (CIDH) arrib\u00f3 a la ciudad del Cusco, donde de se reuni\u00f3 con v\u00edctimas de la represi\u00f3n policial militar y representantes de organizaciones sociales para recabar informaci\u00f3n sobre situaciones de vulneraci\u00f3n de derechos humanos ocurrido en las protestas en medio de la [&hellip;]<\/p>\n","protected":false},"author":1,"featured_media":3331,"comment_status":"open","ping_status":"open","sticky":false,"template":"","format":"standard","meta":{"_monsterinsights_skip_tracking":false,"_monsterinsights_sitenote_active":false,"_monsterinsights_sitenote_note":"","_monsterinsights_sitenote_category":0,"_jetpack_memberships_contains_paid_content":false,"footnotes":"","jetpack_publicize_message":"","jetpack_publicize_feature_enabled":true,"jetpack_social_post_already_shared":false,"jetpack_social_options":{"image_generator_settings":{"template":"highway","default_image_id":0,"font":"","enabled":false},"version":2}},"categories":[1],"tags":[],"class_list":["post-3330","post","type-post","status-publish","format-standard","has-post-thumbnail","hentry","category-sin-categoria"],"blocksy_meta":[],"jetpack_publicize_connections":[],"jetpack_featured_media_url":"https:\/\/derechosinfronteras.pe\/wp-content\/uploads\/2022\/12\/Web-llegada-cidh.jpg","jetpack_sharing_enabled":true,"jetpack_likes_enabled":true,"_links":{"self":[{"href":"https:\/\/derechosinfronteras.pe\/ingles\/wp-json\/wp\/v2\/posts\/3330","targetHints":{"allow":["GET"]}}],"collection":[{"href":"https:\/\/derechosinfronteras.pe\/ingles\/wp-json\/wp\/v2\/posts"}],"about":[{"href":"https:\/\/derechosinfronteras.pe\/ingles\/wp-json\/wp\/v2\/types\/post"}],"author":[{"embeddable":true,"href":"https:\/\/derechosinfronteras.pe\/ingles\/wp-json\/wp\/v2\/users\/1"}],"replies":[{"embeddable":true,"href":"https:\/\/derechosinfronteras.pe\/ingles\/wp-json\/wp\/v2\/comments?post=3330"}],"version-history":[{"count":0,"href":"https:\/\/derechosinfronteras.pe\/ingles\/wp-json\/wp\/v2\/posts\/3330\/revisions"}],"wp:featuredmedia":[{"embeddable":true,"href":"https:\/\/derechosinfronteras.pe\/ingles\/wp-json\/wp\/v2\/media\/3331"}],"wp:attachment":[{"href":"https:\/\/derechosinfronteras.pe\/ingles\/wp-json\/wp\/v2\/media?parent=3330"}],"wp:term":[{"taxonomy":"category","embeddable":true,"href":"https:\/\/derechosinfronteras.pe\/ingles\/wp-json\/wp\/v2\/categories?post=3330"},{"taxonomy":"post_tag","embeddable":true,"href":"https:\/\/derechosinfronteras.pe\/ingles\/wp-json\/wp\/v2\/tags?post=3330"}],"curies":[{"name":"wp","href":"https:\/\/api.w.org\/{rel}","templated":true}]}}