{"id":3334,"date":"2022-11-24T18:25:12","date_gmt":"2022-11-24T23:25:12","guid":{"rendered":"http:\/\/derechosinfronteras.pe\/?p=8424"},"modified":"2022-11-24T18:25:12","modified_gmt":"2022-11-24T23:25:12","slug":"25-de-noviembre-una-fecha-reivindicativa-por-el-derecho-a-una-vida-libre-de-violencia-y-discriminacion","status":"publish","type":"post","link":"https:\/\/derechosinfronteras.pe\/ingles\/25-de-noviembre-una-fecha-reivindicativa-por-el-derecho-a-una-vida-libre-de-violencia-y-discriminacion\/","title":{"rendered":"25 de noviembre, una fecha reivindicativa por el derecho a una vida libre de violencia y discriminaci\u00f3n"},"content":{"rendered":"<p><em>Por: Yulissa Casana Mu\u00f1oz, \u00c1rea de Comunicaci\u00f3n, Incidencia y G\u00e9nero de Derechos Humanos Sin Fronteras<\/em><\/p>\n<p>Cada 25 de noviembre se conmemora el D\u00eda Internacional de la Eliminaci\u00f3n de la Violencia contra la Mujer, con la finalidad de visibilizar esta problem\u00e1tica social que se basa en las relaciones de poder hist\u00f3ricamente desiguales entre mujeres y varones.<\/p>\n<p>La violencia contra mujeres y ni\u00f1as es una de las violaciones de los derechos humanos m\u00e1s com\u00fan y sistem\u00e1tica en el Per\u00fa, aunque no afecta por igual a todas. Existen mujeres que est\u00e1n expuestas a mayor riesgo de sufrir violencia como resultado de la intersecci\u00f3n de varios factores en adici\u00f3n a su g\u00e9nero. Por ejemplo, ser mujer en la zona rural es enfrentar, adicionalmente, a barreras econ\u00f3micas, sociales y culturales.<\/p>\n<p>La prevalencia de elementos de discriminaci\u00f3n, estereotipos, pr\u00e1cticas sociales y culturales es una de las causas y consecuencias de la violencia de g\u00e9nero contra las mujeres, que conlleva a una obstrucci\u00f3n de la capacidad de ejercer y disfrutar de nuestros derechos y libertades.<\/p>\n<p>La Convenci\u00f3n de Bel\u00e9m Do Par\u00e1 establece el derecho de las mujeres a una vida libre de violencia, tanto en el \u00e1mbito en el p\u00fablico como privado, y condena todas las formas de violencia. El Per\u00fa es uno de los estados firmantes que tiene la obligaci\u00f3n de incorporar normas penales, civiles y administrativas, as\u00ed como las de otra naturaleza (garantizar espacios de participaci\u00f3n pena de mujeres, ni\u00f1as y adolescentes, programas educativos para la igualdad, entre otros). Asimismo, debe actuar con debida diligencia, brindar el acceso a justicia y adoptar medidas de reparaci\u00f3n desde una perspectiva de g\u00e9nero e intersectorial.<\/p>\n<p>La Ley 30364 es la norma que tiene por objeto prevenir, sancionar y erradicar la violencia contra las mujeres y los integrantes del grupo familiar. Y si bien es importante esta ley, no se han generado condiciones que garanticen el derecho a una vida libre de violencia, por el contrario, las denunciantes son revictimizadas. En Chumbivilcas, la Fiscal\u00eda Provincial Corporativa Especializada en Violencia contra la Mujer e Integrantes del Grupo Familiar, atendi\u00f3 648 denuncias de agresi\u00f3n, 5 denuncias por tentativas de feminicidio y 3 consumadas, desde noviembre del a\u00f1o pasado a octubre de 2022. En Espinar, de enero a octubre, el Centro Emergencia de la Mujer report\u00f3 264 casos, de los cuales 126 por violencia sicol\u00f3gica, 111 por violencia f\u00edsica, 26 por violencia sexual y 1 por violencia econ\u00f3mica.<\/p>\n<p>Hist\u00f3ricamente han sido las mujeres organizadas, defensoras, movimientos sociales y colectivos feministas quienes han creado redes de apoyo y realizado acciones reivindicativas por los derechos que hoy tenemos las mujeres. Tal es el caso de las hermanas Mirabal que fueron asesinadas por el orden del dictador Rafael Le\u00f3nidas Trujillo, el 25 de noviembre de 1960, fecha que dio origen al D\u00eda Internacional de la Eliminaci\u00f3n de la Violencia contra la Mujer.<\/p>\n<p>Por eso, este viernes 25 saldremos a movilizarnos para exigir al Estado peruano que garantice una vida libre de violencia y sin discriminaci\u00f3n. Los espacios que antes acog\u00edan a los agresores y eran lugares de zozobra, se convertir\u00e1n en lugares seguros porque nosotras decidimos tomar nuevamente las calles.<\/p>","protected":false},"excerpt":{"rendered":"<p>Por: Yulissa Casana Mu\u00f1oz, \u00c1rea de Comunicaci\u00f3n, Incidencia y G\u00e9nero de Derechos Humanos Sin Fronteras Cada 25 de noviembre se conmemora el D\u00eda Internacional de la Eliminaci\u00f3n de la Violencia contra la Mujer, con la finalidad de visibilizar esta problem\u00e1tica social que se basa en las relaciones de poder hist\u00f3ricamente desiguales entre mujeres y varones. [&hellip;]<\/p>\n","protected":false},"author":1,"featured_media":3335,"comment_status":"open","ping_status":"open","sticky":false,"template":"","format":"standard","meta":{"_monsterinsights_skip_tracking":false,"_monsterinsights_sitenote_active":false,"_monsterinsights_sitenote_note":"","_monsterinsights_sitenote_category":0,"_jetpack_memberships_contains_paid_content":false,"footnotes":"","jetpack_publicize_message":"","jetpack_publicize_feature_enabled":true,"jetpack_social_post_already_shared":false,"jetpack_social_options":{"image_generator_settings":{"template":"highway","default_image_id":0,"font":"","enabled":false},"version":2}},"categories":[1],"tags":[],"class_list":["post-3334","post","type-post","status-publish","format-standard","has-post-thumbnail","hentry","category-sin-categoria"],"blocksy_meta":[],"jetpack_publicize_connections":[],"jetpack_featured_media_url":"https:\/\/derechosinfronteras.pe\/wp-content\/uploads\/2022\/11\/25N.png","jetpack_sharing_enabled":true,"jetpack_likes_enabled":true,"_links":{"self":[{"href":"https:\/\/derechosinfronteras.pe\/ingles\/wp-json\/wp\/v2\/posts\/3334","targetHints":{"allow":["GET"]}}],"collection":[{"href":"https:\/\/derechosinfronteras.pe\/ingles\/wp-json\/wp\/v2\/posts"}],"about":[{"href":"https:\/\/derechosinfronteras.pe\/ingles\/wp-json\/wp\/v2\/types\/post"}],"author":[{"embeddable":true,"href":"https:\/\/derechosinfronteras.pe\/ingles\/wp-json\/wp\/v2\/users\/1"}],"replies":[{"embeddable":true,"href":"https:\/\/derechosinfronteras.pe\/ingles\/wp-json\/wp\/v2\/comments?post=3334"}],"version-history":[{"count":0,"href":"https:\/\/derechosinfronteras.pe\/ingles\/wp-json\/wp\/v2\/posts\/3334\/revisions"}],"wp:featuredmedia":[{"embeddable":true,"href":"https:\/\/derechosinfronteras.pe\/ingles\/wp-json\/wp\/v2\/media\/3335"}],"wp:attachment":[{"href":"https:\/\/derechosinfronteras.pe\/ingles\/wp-json\/wp\/v2\/media?parent=3334"}],"wp:term":[{"taxonomy":"category","embeddable":true,"href":"https:\/\/derechosinfronteras.pe\/ingles\/wp-json\/wp\/v2\/categories?post=3334"},{"taxonomy":"post_tag","embeddable":true,"href":"https:\/\/derechosinfronteras.pe\/ingles\/wp-json\/wp\/v2\/tags?post=3334"}],"curies":[{"name":"wp","href":"https:\/\/api.w.org\/{rel}","templated":true}]}}