{"id":3338,"date":"2022-11-10T10:17:44","date_gmt":"2022-11-10T15:17:44","guid":{"rendered":"http:\/\/derechosinfronteras.pe\/?p=8413"},"modified":"2022-11-10T10:17:44","modified_gmt":"2022-11-10T15:17:44","slug":"convocan-semana-sobre-empresas-y-derechos-humanos","status":"publish","type":"post","link":"https:\/\/derechosinfronteras.pe\/ingles\/convocan-semana-sobre-empresas-y-derechos-humanos\/","title":{"rendered":"CONVOCAN SEMANA SOBRE EMPRESAS Y DERECHOS HUMANOS"},"content":{"rendered":"<p><strong><em>En paralelo al CADE, sindicatos, organizaciones de pueblos ind\u00edgenas y de la sociedad civil en general exigen que empresas implementen buenas pr\u00e1cticas y pol\u00edticas de debida diligencia para garantizar el respeto de los derechos humanos.<\/em><\/strong><\/p>\n<p>\u201cPor un di\u00e1logo verdadero para salir de la crisis\u201d. Es el lema que reunir\u00e1 a m\u00e1s de 30 organizaciones en la primera \u201cSemana Nacional sobre Empresas y Derechos Humanos\u201d del 7 al 11 de noviembre en Lima. Esta semana se realizar\u00e1 en las mismas fechas que el CADE Ejecutivos, tradicional encuentro anual que reune a los principales empresarios del pa\u00eds. El objetivo: que se escuchen tambi\u00e9n las voces de los actores sociales para permitir un di\u00e1logo m\u00e1s inclusivo.<\/p>\n<p>Entre las organizaciones convocantes de la primera \u201cSemana Nacional sobre Empresas y Derechos Humanos\u201d se encuentran las cuatro centrales sindicales del Per\u00fa (CGTP, CUT, CTP y CATP), organizaciones ind\u00edgenas como Onamiap, ORAU y Fredipco, as\u00ed como la Plataforma de Sociedad Civil sobre Empresas y Derechos Humanos que re\u00fane a m\u00e1s de 20 instituciones y redes.<\/p>\n<p>Durante esta semana se presentar\u00e1 los resultados de seis investigaciones sobre casos de afectaci\u00f3n a los derechos humanos por parte de actividades empresariales en el pa\u00eds. Entre los casos a presentar se encuentran los derrames de petr\u00f3leo de Repsol, Petroper\u00fa y otras empresas; los conflictos vinculados a empresas mineras como Las Bambas; y las vulneraciones a los derechos laborales en la agroexportaci\u00f3n; entre otros. Estas investigaciones se presentar\u00e1n en un coloquio que tendr\u00e1 lugar el martes 8 de noviembre por la tarde.<\/p>\n<p>Uno de los temas centrales de discusi\u00f3n ser\u00e1 la propuesta de una Ley de Debida Diligencia que establezca la obligaci\u00f3n de las empresas de actuar oportunamente para prever y evitar posibles afectaciones a los derechos humanos en sus actividades y en las de sus proveedores. Este proyecto de Ley ser\u00e1 presentado p\u00fablicamente por las organizaciones en un foro p\u00fablico el mi\u00e9rcoles a las 6:00 p.m. Esta propuesta se enmarca en la tendencia que ya se est\u00e1 marcandoa nivel global con iniciativas similares en Alemania, Suiza y otros pa\u00edses. Adem\u00e1s, en el contexto de esta semana las organizaciones que convocan se reunir\u00e1n con congresistas a fin de que hagan suya la propuesta y sea presentada en el legislativo.<\/p>\n<p>Esta primera \u201cSemana Nacional sobre Empresas y Derechos Humanos\u201d culmina el viernes con una reuni\u00f3n -por confirmar- con los gremios empresariales.<\/p>\n<p><strong>El dato<\/strong><\/p>\n<p>El Per\u00fa aprob\u00f3 su Plan Nacional de Acci\u00f3n sobre Empresas y Derechos Humanos en junio del 2021, tras un largo proceso de di\u00e1logo entre los actores sociales, los gremios empresariales y el Estado. Este Plan se enmarca en los Principios Rectores de Naciones Unidas sobre Empresas y Derechos Humanos. En los \u00faltimos a\u00f1os, se viene discutiendo leyes de debida diligencia en diversos pa\u00edses del mundo, as\u00ed como un Tratado Vinculante sobre el tema que se viene elaborando en el Consejo de Derechos Humanos de la ONU.<\/p>\n<table>\n<tbody>\n<tr>\n<td width=\"428\">\n<p><strong>FECHA: <\/strong>del 7 al 11 de noviembre de 2022<\/p>\n<p><strong>PROGRAMA: <\/strong><a href=\"https:\/\/bit.ly\/3fCyDwP\" target=\"_blank\" rel=\"noopener\">https:\/\/bit.ly\/3fCyDwP<\/a><\/p>\n<p><strong>LUGAR: <\/strong>Hotel INNSIDE (Calle Diez Canseco 344, Miraflores)<\/td>\n<\/tr>\n<\/tbody>\n<\/table>\n<p>&nbsp;<\/p>","protected":false},"excerpt":{"rendered":"<p>En paralelo al CADE, sindicatos, organizaciones de pueblos ind\u00edgenas y de la sociedad civil en general exigen que empresas implementen buenas pr\u00e1cticas y pol\u00edticas de debida diligencia para garantizar el respeto de los derechos humanos. \u201cPor un di\u00e1logo verdadero para salir de la crisis\u201d. Es el lema que reunir\u00e1 a m\u00e1s de 30 organizaciones en [&hellip;]<\/p>\n","protected":false},"author":1,"featured_media":3339,"comment_status":"open","ping_status":"open","sticky":false,"template":"","format":"standard","meta":{"_monsterinsights_skip_tracking":false,"_monsterinsights_sitenote_active":false,"_monsterinsights_sitenote_note":"","_monsterinsights_sitenote_category":0,"_jetpack_memberships_contains_paid_content":false,"footnotes":"","jetpack_publicize_message":"","jetpack_publicize_feature_enabled":true,"jetpack_social_post_already_shared":false,"jetpack_social_options":{"image_generator_settings":{"template":"highway","default_image_id":0,"font":"","enabled":false},"version":2}},"categories":[1],"tags":[],"class_list":["post-3338","post","type-post","status-publish","format-standard","has-post-thumbnail","hentry","category-sin-categoria"],"blocksy_meta":[],"jetpack_publicize_connections":[],"jetpack_featured_media_url":"https:\/\/derechosinfronteras.pe\/wp-content\/uploads\/2022\/11\/1.png","jetpack_sharing_enabled":true,"jetpack_likes_enabled":true,"_links":{"self":[{"href":"https:\/\/derechosinfronteras.pe\/ingles\/wp-json\/wp\/v2\/posts\/3338","targetHints":{"allow":["GET"]}}],"collection":[{"href":"https:\/\/derechosinfronteras.pe\/ingles\/wp-json\/wp\/v2\/posts"}],"about":[{"href":"https:\/\/derechosinfronteras.pe\/ingles\/wp-json\/wp\/v2\/types\/post"}],"author":[{"embeddable":true,"href":"https:\/\/derechosinfronteras.pe\/ingles\/wp-json\/wp\/v2\/users\/1"}],"replies":[{"embeddable":true,"href":"https:\/\/derechosinfronteras.pe\/ingles\/wp-json\/wp\/v2\/comments?post=3338"}],"version-history":[{"count":0,"href":"https:\/\/derechosinfronteras.pe\/ingles\/wp-json\/wp\/v2\/posts\/3338\/revisions"}],"wp:featuredmedia":[{"embeddable":true,"href":"https:\/\/derechosinfronteras.pe\/ingles\/wp-json\/wp\/v2\/media\/3339"}],"wp:attachment":[{"href":"https:\/\/derechosinfronteras.pe\/ingles\/wp-json\/wp\/v2\/media?parent=3338"}],"wp:term":[{"taxonomy":"category","embeddable":true,"href":"https:\/\/derechosinfronteras.pe\/ingles\/wp-json\/wp\/v2\/categories?post=3338"},{"taxonomy":"post_tag","embeddable":true,"href":"https:\/\/derechosinfronteras.pe\/ingles\/wp-json\/wp\/v2\/tags?post=3338"}],"curies":[{"name":"wp","href":"https:\/\/api.w.org\/{rel}","templated":true}]}}