{"id":3340,"date":"2022-10-31T12:54:07","date_gmt":"2022-10-31T17:54:07","guid":{"rendered":"http:\/\/derechosinfronteras.pe\/?p=8405"},"modified":"2022-10-31T12:54:07","modified_gmt":"2022-10-31T17:54:07","slug":"sobrevivientes-de-esterilizaciones-forzadas-exigen-al-estado-peruano-y-a-la-justicia-internacional-la-implementacion-de-la-politica-de-reparaciones-integrales","status":"publish","type":"post","link":"https:\/\/derechosinfronteras.pe\/ingles\/sobrevivientes-de-esterilizaciones-forzadas-exigen-al-estado-peruano-y-a-la-justicia-internacional-la-implementacion-de-la-politica-de-reparaciones-integrales\/","title":{"rendered":"Sobrevivientes de esterilizaciones forzadas exigen al Estado peruano y a la justicia internacional la implementaci\u00f3n de la pol\u00edtica de reparaciones integrales"},"content":{"rendered":"<p><em>Asociaciones de mujeres v\u00edctimas de esterilizaciones forzadas producidas durante el r\u00e9gimen fujimorista, exigieron ante representantes del Estado y de la Comisi\u00f3n Interamericana de Derechos Humanos la implementaci\u00f3n y ejecuci\u00f3n de una pol\u00edtica de reparaciones integrales, as\u00ed como el acceso a justicia con medidas efectivas, oportunas y en di\u00e1logo intercultural.<\/em><\/p>\n<p>La Asociaci\u00f3n de Mujeres Afectadas por las Esterilizaciones Forzadas &#8211; AMAEF-Chumbivilcas ha mantenido reuniones con el Ministerio de Justicia y Derechos Humanos y el Ministerio de la Mujer y Poblaciones Vulnerables para expresar sus demandas en cuanto al acceso a justicia y reparaciones integrales.<\/p>\n<p>Se sabe que, parte de la junta directiva de AMAEF Chumbivilcas viaj\u00f3 a Lima para manifestar su indignaci\u00f3n al MINJUSDH por no cumplir, a la fecha, con las reparaciones integrales asumidas por este gobierno, ya que el presidente Pedro Castillo se comprometi\u00f3, en campa\u00f1a electoral, a garantizarlas.<\/p>\n<p>Del mismo modo, en dicha reuni\u00f3n, las lideresas fueron informadas de que el MINJUSDH cuenta con una propuesta normativa, que pensaba enviar\u00a0 al Congreso de la Rep\u00fablica, sobre reparaciones para las v\u00edctimas. Al respecto, Mar\u00eda Ysabel Cedano, abogada por DEMUS, comenta que <em>\u201cla propuesta normativa es un anteproyecto de ley que tendr\u00eda que ser aprobado por el Congreso de la Rep\u00fablica para otorgarles reparaciones en salud, simb\u00f3licas y de acceso a programas reproductivos. La asociaci\u00f3n NO est\u00e1 de acuerdo con dicha propuesta porque aplaza el cumplimiento de su derecho a reparaciones integrales con base en la Ley 31119 que cost\u00f3 una d\u00e9cada de incidencia legislativa y la Ley del Plan integral de reparaciones. Adem\u00e1s que, sumado a ello, se trata de una medida que no ha sido consultada con todas las asociaciones existentes y que por la crisis pol\u00edtica actual producto de la oposici\u00f3n fujimorista y aliados, no tiene viabilidad salvo que el Presidente est\u00e9 dispuesto hacer una cuesti\u00f3n de confianza\u201d.<\/em><\/p>\n<p>As\u00ed tambi\u00e9n, la junta directiva -integrada por In\u00e9s Condori, Juana Garc\u00eda, Mar\u00eda Ord\u00f3\u00f1ez y Mar\u00eda Gurvina- manifest\u00f3 sus preocupaciones en la toma de declaraciones a las v\u00edctimas del caso penal 059-2019 y del funcionamiento del Registro de V\u00edctimas de Esterilizaciones Forzadas (REVIESFO) tras la pandemia. A nivel nacional hay \u00fanicamente 114 defensores p\u00fablicos y 7913 personas inscritas en REVIESFO, de las cuales 1734 son de la regi\u00f3n Cusco.<\/p>\n<p>\u201cGracias a las gestiones de esta organizaci\u00f3n de mujeres con apoyo de Derechos Humanos Sin Fronteras, el MINJUSDH, a trav\u00e9s de la Direcci\u00f3n General de Defensa P\u00fablica y Acceso a la Justicia, realizar\u00e1 atenci\u00f3n itinerante el 26, 27 y 28 de octubre, en la ciudad de Santo Tom\u00e1s, provincia de Chumbivilcas\u201d, inform\u00f3 Yulissa Casana, parte del equipo de Derechos Humanos Sin Fronteras.<\/p>\n<p>Por su parte, en el Ministerio de la Mujer y Poblaciones Vulnerables (MIMP), las representantes refirieron que no reciben atenci\u00f3n en salud f\u00edsica ni sicol\u00f3gica, por lo que solicitaron acceder a los servicios que ofrece el MIMP a trav\u00e9s de los CEM. No obstante, no recibieron ning\u00fan tipo de soluci\u00f3n clara de este ministerio. Esto en respuesta al d\u00e9ficit de personal que hay en el \u00fanico Centro de Emergencia Mujer de Chumbivilcas, por lo cual es complicado que reciban atenci\u00f3n sicol\u00f3gica. Cabe se\u00f1alar que los CEM solo atendieron a 3 v\u00edctimas de esterilizaciones forzadas en los dos \u00faltimos a\u00f1os. El MIMP deber\u00eda solicitar nuevamente el presupuesto p\u00fablico para cumplir con su deber de acuerdo al D.S. 006-20151-JUS que declar\u00f3 de inter\u00e9s nacional la atenci\u00f3n prioritaria de v\u00edctimas de esterilizaciones forzadas producidas entre 1995-2011 y que cre\u00f3 el REVIESFO.<\/p>\n<p>Cabe recordar que la Asociaci\u00f3n de Mujeres Sobrevivientes de Esterilizaciones Forzadas Per\u00fa (AMSEFP) se reuni\u00f3 con las representantes del MIMP, el pasado 30 de septiembre, en la que expresaron tambi\u00e9n su demanda de atenci\u00f3n y cumplimiento del REVIESFO, con servicios de salud integral, asistencia legal y acceso a la justicia. Sin embargo, tampoco hubo un compromiso concreto por parte de la entidad.<\/p>\n<p>Asimismo, el reciente 12 de octubre, ambas asociaciones participaron en la visita de trabajo de la Comisi\u00f3n Interamericana de Derechos Humanos en la ciudad de Lima. Se hicieron presentes por parte de la AMAEF Chumbivilcas, las sobrevivientes y defensoras In\u00e9s Condori, Mar\u00eda Lourdes Gurvina, Mar\u00eda Ord\u00f3\u00f1ez y Juana Garc\u00eda; y de AMSEFP estuvieron las sobrevivientes y defensoras Carmen Rosa Re\u00e1tegui y Juana Taipe.<\/p>\n<p>En la reuni\u00f3n, In\u00e9s Condori expuso la situaci\u00f3n de las mujeres afectadas por las esterilizaciones forzadas en materia de acceso a justicia y reparaciones integrales, demandas que no son atendidas por el Estado peruano desde hace m\u00e1s de 20 a\u00f1os. M\u00e1s de 300 mil mujeres fueron esterilizadas y hay m\u00e1s de 1200 v\u00edctimas dentro del caso penal 059-2019. Frente a ello, el comisionado Stuardo Ral\u00f3n se comprometi\u00f3 una vez m\u00e1s en darle seguimiento a este caso de vulneraci\u00f3n de derechos humanos y actuar ante las autoridades peruanas.<\/p>\n<p>Finalmente, la asociaci\u00f3n de Chumbivilcas convers\u00f3 con la directora ejecutiva de la Coordinadora Nacional de Derechos Humanos en el Per\u00fa, Jennie Dador, a quien le pidieron interceder para que las v\u00edctimas accedan a justicia y reparaciones integrales, la respuesta de Dador ha sido que se comprometen a <em>\u201capoyarlas a conseguir la reparaci\u00f3n en el sector salud y seguir insistiendo con el MINJUSDH para corregir su interpretaci\u00f3n restrictiva de la Ley 31119\u201d.<\/em><\/p>\n<p>Las instituciones Derechos Humanos Sin Fronteras y Demus \u2013 Estudio para la Defensa de los Derechos de la Mujer estuvieron presentes en estas reuniones como parte del acompa\u00f1amiento que brinda a las mujeres sobrevivientes de las esterilizaciones forzadas.<\/p>\n<p><img fetchpriority=\"high\" decoding=\"async\" class=\"wp-image-8409 aligncenter\" src=\"http:\/\/derechosinfronteras.pe\/wp-content\/uploads\/2022\/10\/IMG-20221012-WA0069-1024x768.jpg\" alt=\"\" width=\"304\" height=\"228\" \/><\/p>\n<p>Foto: Reuni\u00f3n con comisionados de la Comisi\u00f3n Interamericana de Derechos Humanos.<\/p>","protected":false},"excerpt":{"rendered":"<p>Asociaciones de mujeres v\u00edctimas de esterilizaciones forzadas producidas durante el r\u00e9gimen fujimorista, exigieron ante representantes del Estado y de la Comisi\u00f3n Interamericana de Derechos Humanos la implementaci\u00f3n y ejecuci\u00f3n de una pol\u00edtica de reparaciones integrales, as\u00ed como el acceso a justicia con medidas efectivas, oportunas y en di\u00e1logo intercultural. La Asociaci\u00f3n de Mujeres Afectadas por [&hellip;]<\/p>\n","protected":false},"author":1,"featured_media":3341,"comment_status":"open","ping_status":"open","sticky":false,"template":"","format":"standard","meta":{"_monsterinsights_skip_tracking":false,"_monsterinsights_sitenote_active":false,"_monsterinsights_sitenote_note":"","_monsterinsights_sitenote_category":0,"_jetpack_memberships_contains_paid_content":false,"footnotes":"","jetpack_publicize_message":"","jetpack_publicize_feature_enabled":true,"jetpack_social_post_already_shared":false,"jetpack_social_options":{"image_generator_settings":{"template":"highway","default_image_id":0,"font":"","enabled":false},"version":2}},"categories":[1],"tags":[],"class_list":["post-3340","post","type-post","status-publish","format-standard","has-post-thumbnail","hentry","category-sin-categoria"],"blocksy_meta":[],"jetpack_publicize_connections":[],"jetpack_featured_media_url":"https:\/\/derechosinfronteras.pe\/wp-content\/uploads\/2022\/10\/knjbij-1.jpg","jetpack_sharing_enabled":true,"jetpack_likes_enabled":true,"_links":{"self":[{"href":"https:\/\/derechosinfronteras.pe\/ingles\/wp-json\/wp\/v2\/posts\/3340","targetHints":{"allow":["GET"]}}],"collection":[{"href":"https:\/\/derechosinfronteras.pe\/ingles\/wp-json\/wp\/v2\/posts"}],"about":[{"href":"https:\/\/derechosinfronteras.pe\/ingles\/wp-json\/wp\/v2\/types\/post"}],"author":[{"embeddable":true,"href":"https:\/\/derechosinfronteras.pe\/ingles\/wp-json\/wp\/v2\/users\/1"}],"replies":[{"embeddable":true,"href":"https:\/\/derechosinfronteras.pe\/ingles\/wp-json\/wp\/v2\/comments?post=3340"}],"version-history":[{"count":0,"href":"https:\/\/derechosinfronteras.pe\/ingles\/wp-json\/wp\/v2\/posts\/3340\/revisions"}],"wp:featuredmedia":[{"embeddable":true,"href":"https:\/\/derechosinfronteras.pe\/ingles\/wp-json\/wp\/v2\/media\/3341"}],"wp:attachment":[{"href":"https:\/\/derechosinfronteras.pe\/ingles\/wp-json\/wp\/v2\/media?parent=3340"}],"wp:term":[{"taxonomy":"category","embeddable":true,"href":"https:\/\/derechosinfronteras.pe\/ingles\/wp-json\/wp\/v2\/categories?post=3340"},{"taxonomy":"post_tag","embeddable":true,"href":"https:\/\/derechosinfronteras.pe\/ingles\/wp-json\/wp\/v2\/tags?post=3340"}],"curies":[{"name":"wp","href":"https:\/\/api.w.org\/{rel}","templated":true}]}}