{"id":3346,"date":"2022-10-06T16:14:48","date_gmt":"2022-10-06T21:14:48","guid":{"rendered":"http:\/\/derechosinfronteras.pe\/?p=8386"},"modified":"2023-10-23T22:41:17","modified_gmt":"2023-10-24T03:41:17","slug":"rechazamos-seguimiento-de-inteligencia","status":"publish","type":"post","link":"https:\/\/derechosinfronteras.pe\/ingles\/rechazamos-seguimiento-de-inteligencia\/","title":{"rendered":"Rechazamos seguimiento de inteligencia a organizaciones de Derechos Humanos"},"content":{"rendered":"<p>Ante el reportaje publicado en el noticiero La Encerrona, sobre el hackeo al Ej\u00e9rcito peruano y la filtraci\u00f3n de sus correos, rechazamos y deslindamos de la acusaci\u00f3n realizada por el <strong><em>Plan de Inteligencia del Comando Operacional del Sur del Ej\u00e9rcito Peruano,<\/em><\/strong> donde en el anexo \u201cevaluaci\u00f3n de amenazas\u201d menciona a Derechos Humanos Sin Fronteras junto a otras Organizaciones de la Sociedad Civil.<\/p>\n\n\n\n<p>Al respecto, aclaramos y manifestamos que:<\/p>\n\n\n\n<p>Primero, es inaceptable que instituciones p\u00fablicas del estado tergiversen con informes \u201cde inteligencia\u201d la labor de defensa de los derechos humanos que realizan organizaciones de la sociedad civil como Derechos Humanos Sin Fronteras.<\/p>\n\n\n\n<p>Segundo, somos una organizaci\u00f3n de defensoras y defensores de derechos humanos que se encuentran contribuyendo en la garant\u00eda de derechos individuales y colectivos en provincias altas del Cusco para acceso a justicia social, ambiental y de g\u00e9nero. Por ello, seguimos contribuyendo en la generaci\u00f3n de pol\u00edticas p\u00fablicas en favor de Afectados\/as por metales t\u00f3xicos, acceso a justicia en casos de criminalizaci\u00f3n de la protesta social, as\u00ed como la promoci\u00f3n para la participaci\u00f3n de las mujeres en espacios p\u00fablicos.<\/p>\n\n\n\n<p>Tercero, rechazamos y alertamos que desde hace algunos a\u00f1os vienen acusando con informes de este tipo a nuestra organizaci\u00f3n, adem\u00e1s, involucrando a defensores y defensoras de los territorios donde nos encontramos laborando desde hace 10 a\u00f1os.<\/p>\n\n\n\n<p>Finalmente, esperamos y llamamos a que las instancias del estado cumplan su rol de garante de derechos en provincias altas del Cusco.<\/p>\n\n\n\n<figure class=\"wp-block-image aligncenter size-large\"><img fetchpriority=\"high\" decoding=\"async\" width=\"727\" height=\"1024\" src=\"https:\/\/derechosinfronteras.pe\/wp-content\/uploads\/2022\/10\/Comunicados-2-scaled-2-727x1024.jpg\" alt=\"\" class=\"wp-image-3347\" srcset=\"https:\/\/derechosinfronteras.pe\/wp-content\/uploads\/2022\/10\/Comunicados-2-scaled-2-727x1024.jpg 727w, https:\/\/derechosinfronteras.pe\/wp-content\/uploads\/2022\/10\/Comunicados-2-scaled-2-213x300.jpg 213w, https:\/\/derechosinfronteras.pe\/wp-content\/uploads\/2022\/10\/Comunicados-2-scaled-2-768x1082.jpg 768w, https:\/\/derechosinfronteras.pe\/wp-content\/uploads\/2022\/10\/Comunicados-2-scaled-2-1090x1536.jpg 1090w, https:\/\/derechosinfronteras.pe\/wp-content\/uploads\/2022\/10\/Comunicados-2-scaled-2-1454x2048.jpg 1454w, https:\/\/derechosinfronteras.pe\/wp-content\/uploads\/2022\/10\/Comunicados-2-scaled-2.jpg 710w\" sizes=\"(max-width: 727px) 100vw, 727px\" \/><\/figure>","protected":false},"excerpt":{"rendered":"<p>Ante el reportaje publicado en el noticiero La Encerrona, sobre el hackeo al Ej\u00e9rcito peruano y la filtraci\u00f3n de sus correos, rechazamos y deslindamos de la acusaci\u00f3n realizada por el Plan de Inteligencia del Comando Operacional del Sur del Ej\u00e9rcito Peruano, donde en el anexo \u201cevaluaci\u00f3n de amenazas\u201d menciona a Derechos Humanos Sin Fronteras junto [&hellip;]<\/p>\n","protected":false},"author":1,"featured_media":3347,"comment_status":"open","ping_status":"open","sticky":false,"template":"","format":"standard","meta":{"_monsterinsights_skip_tracking":false,"_monsterinsights_sitenote_active":false,"_monsterinsights_sitenote_note":"","_monsterinsights_sitenote_category":0,"_jetpack_memberships_contains_paid_content":false,"footnotes":"","jetpack_publicize_message":"","jetpack_publicize_feature_enabled":true,"jetpack_social_post_already_shared":false,"jetpack_social_options":{"image_generator_settings":{"template":"highway","default_image_id":0,"font":"","enabled":false},"version":2}},"categories":[1],"tags":[],"class_list":["post-3346","post","type-post","status-publish","format-standard","has-post-thumbnail","hentry","category-sin-categoria"],"blocksy_meta":[],"jetpack_publicize_connections":[],"jetpack_featured_media_url":"https:\/\/derechosinfronteras.pe\/wp-content\/uploads\/2022\/10\/Comunicados-2-scaled-2.jpg","jetpack_sharing_enabled":true,"jetpack_likes_enabled":true,"_links":{"self":[{"href":"https:\/\/derechosinfronteras.pe\/ingles\/wp-json\/wp\/v2\/posts\/3346","targetHints":{"allow":["GET"]}}],"collection":[{"href":"https:\/\/derechosinfronteras.pe\/ingles\/wp-json\/wp\/v2\/posts"}],"about":[{"href":"https:\/\/derechosinfronteras.pe\/ingles\/wp-json\/wp\/v2\/types\/post"}],"author":[{"embeddable":true,"href":"https:\/\/derechosinfronteras.pe\/ingles\/wp-json\/wp\/v2\/users\/1"}],"replies":[{"embeddable":true,"href":"https:\/\/derechosinfronteras.pe\/ingles\/wp-json\/wp\/v2\/comments?post=3346"}],"version-history":[{"count":1,"href":"https:\/\/derechosinfronteras.pe\/ingles\/wp-json\/wp\/v2\/posts\/3346\/revisions"}],"predecessor-version":[{"id":6343,"href":"https:\/\/derechosinfronteras.pe\/ingles\/wp-json\/wp\/v2\/posts\/3346\/revisions\/6343"}],"wp:featuredmedia":[{"embeddable":true,"href":"https:\/\/derechosinfronteras.pe\/ingles\/wp-json\/wp\/v2\/media\/3347"}],"wp:attachment":[{"href":"https:\/\/derechosinfronteras.pe\/ingles\/wp-json\/wp\/v2\/media?parent=3346"}],"wp:term":[{"taxonomy":"category","embeddable":true,"href":"https:\/\/derechosinfronteras.pe\/ingles\/wp-json\/wp\/v2\/categories?post=3346"},{"taxonomy":"post_tag","embeddable":true,"href":"https:\/\/derechosinfronteras.pe\/ingles\/wp-json\/wp\/v2\/tags?post=3346"}],"curies":[{"name":"wp","href":"https:\/\/api.w.org\/{rel}","templated":true}]}}