{"id":3348,"date":"2022-09-15T11:43:54","date_gmt":"2022-09-15T16:43:54","guid":{"rendered":"http:\/\/derechosinfronteras.pe\/?p=8382"},"modified":"2023-12-29T20:26:43","modified_gmt":"2023-12-30T01:26:43","slug":"espinar-en-medida-de-lucha-las-demandas","status":"publish","type":"post","link":"https:\/\/derechosinfronteras.pe\/ingles\/espinar-en-medida-de-lucha-las-demandas\/","title":{"rendered":"Espinar en medida de lucha, las demandas no atendidas detr\u00e1s del bono solidario"},"content":{"rendered":"\n<p class=\"has-text-align-right\"><em>Por: Estrella Pe\u00f1a \u2013 \u00c1rea de Derechos Colectivos y Medio Ambiente<\/em><\/p>\n\n\n\n<p>El 20 de julio en una reuni\u00f3n extraordinaria exigida por la poblaci\u00f3n, el Comit\u00e9 de Gesti\u00f3n del Convenio Marco aprueba el bono solidario de 2000.00 (dos mil soles con 00\/100) para las familias de la provincia de Espinar con fondos del Convenio Marco<a href=\"#_ftn1\" name=\"_ftnref1\">[1]. <\/a>Esto ha generado gran expectativa, as\u00ed como cr\u00edticas y aplausos a nivel regional y nacional, pero es necesario conocer el trasfondo de este pedido y las otras agendas que son consideradas por la poblaci\u00f3n k\u2019ana como leg\u00edtima y democr\u00e1tica.<\/p>\n\n\n\n<p>Primero, durante varios a\u00f1os las organizaciones sociales de base y comunidades campesinas han denunciado supuestas sobrevaloraciones en los proyectos que se ejecutaban con fondos del Convenio Marco, a ra\u00edz de ello la poblaci\u00f3n desde hace algunos a\u00f1os ha exigido que Fundaci\u00f3n Tintaya no sea ente ejecutor de proyectos, similar situaci\u00f3n se dio en esta ocasi\u00f3n donde han exigido que se conforme un comit\u00e9 auditor para dar seguimiento a los proyectos que se ejecutar\u00edan con fondos del Convenio Marco y su respectiva rendici\u00f3n de cuentas.<\/p>\n\n\n\n<p>A la fecha Espinar se encuentra percibiendo el XVII aporte y, no se ha realizado rendici\u00f3n de cuentas de ning\u00fan anterior aporte. La falta de transparencia de los saldos de proyectos ejecutados y los anteriores aportes est\u00e1n motivando a la poblaci\u00f3n a preguntarse \u00bfCu\u00e1n efectivo est\u00e1 siendo la labor del comit\u00e9 de gesti\u00f3n en cuanto a la fiscalizaci\u00f3n del presupuesto de la poblaci\u00f3n? \u00bfLos proyectos ejecutados con estos fondos est\u00e1 funcionando y\/o beneficiando como se ten\u00eda previsto?.<\/p>\n\n\n\n<p>Un segundo elemento a considerar es que la poblaci\u00f3n de Espinar lleva m\u00e1s de 40 de a\u00f1os conviviendo con la miner\u00eda y las personas mencionan que no perciben el desarrollo prometido, en cambio a diario se vive con los impactos al ambiente y a la salud por metales t\u00f3xicos en su organismo esto se puede corroborar revisando los resultados de los an\u00e1lisis de CENSOPAS de varios dosajes realizados en sangre y orina, adem\u00e1s del reciente estudio publicado en el 2021 por Amnist\u00eda Internacional y Derechos Humanos Sin Fronteras a 150 personas, que evidenciaron casos con niveles de plomo, cadmio, ars\u00e9nico, mercurio y manganeso<a href=\"#_ftn2\" name=\"_ftnref2\">[2]<\/a>. Adem\u00e1s de todo esto, los espinarenses sufren el desinter\u00e9s del Estado por abordar sus problem\u00e1ticas, la dejadez de sus autoridades locales y una empresa minera que, seg\u00fan argumenta la poblaci\u00f3n, generar\u00eda divisionismos y m\u00e1s pobreza.<\/p>\n\n\n\n<p>Un tercer punto es que las familias han percibido el alto costo de vida a consecuencia de los impactos de la pandemia y la crisis alimentaria que se aproxima con mas fuerza, asimismo, en una provincia con presencia minera los costos son m\u00e1s altos que en una provincia sin miner\u00eda por cuanto ha bajado su capacidad adquisitiva, lo que genera que la minera contin\u00fae percibiendo ingresos cada vez en aumento debido al alto precio de los minerales en los \u00faltimos a\u00f1os de pandemia<a href=\"#_ftn3\" name=\"_ftnref3\">[3]<\/a>.<\/p>\n\n\n\n<p>Por todo ello la poblaci\u00f3n solicit\u00f3 1) la reformulaci\u00f3n del convenio marco (esto se viene exigiendo hace ya un tiempo atr\u00e1s, pero no hay avances importantes), 2) auditoria a los fondos del convenio marco y 3) el bono solidario de 2000.00 (Dos mil soles con 00\/100), ya que <em>\u201ces mejor entreg\u00e1rselos a cada espinarense a que se beneficie a unos cuantos<\/em>\u201d, sostienen. En este caso el bono viene a ser lo m\u00e1s democr\u00e1tico y beneficioso para todos y evitar\u00eda los malos manejos que se estar\u00eda dando a los fondos, considera la poblaci\u00f3n.<\/p>\n\n\n\n<p><strong>ESTADO DEL BONO: APROBACI\u00d3N Y NO IMPLEMENTACI\u00d3N DE ACUERDOS<\/strong><\/p>\n\n\n\n<p>Luego de haberse aprobado el bono, el soporte t\u00e9cnico del Convenio Marco no present\u00f3 mayor avance, seg\u00fan las organizaciones sociales de base, para el mes de agosto. La poblaci\u00f3n se levanta nuevamente en una protesta de cinco d\u00edas, producto de ello se tuvieron personas heridas y denunciadas; estos hechos se pudieron evitar solo con la presencia y transparencia del presidente del comit\u00e9 de gesti\u00f3n (el alcalde provincial), pero en nuestro pa\u00eds existe la mala pr\u00e1ctica de atender las demandas despu\u00e9s de estallado el conflicto y no optar por prevenirlas, d\u00edas despu\u00e9s, el alcalde de la provincia de Espinar reci\u00e9n opta por reunirse con la poblaci\u00f3n acompa\u00f1ado del soporte t\u00e9cnico, para sostener que no se tiene fondos para toda la poblaci\u00f3n espinarense y que se beneficiar\u00eda \u00fanicamente con el bono a la poblaci\u00f3n que este en vulnerabilidad. En consecuencia, la poblaci\u00f3n mostro su disconformidad, por no ce\u00f1irse al acuerdo aprobado por unanimidad. La reuni\u00f3n concluyo en que en su totalidad los fondos del XVIII aporte que son 59 millones 201 mil ,879 soles<a href=\"#_ftn4\" name=\"_ftnref4\">[4]<\/a>, ir\u00e1n directamente para el bono solidario y si faltara, entonces, se solicitar\u00eda a la empresa minera que regularice el XIX aporte.<\/p>\n\n\n\n<p>D\u00edas despu\u00e9s el soporte t\u00e9cnico comunica p\u00fablicamente que se realizar\u00e1 el empadronamiento de beneficiarios para el bono, generando una gran incertidumbre y desesperaci\u00f3n en la poblaci\u00f3n, por cuanto no estaba contemplado en los acuerdos colectivos y menos en el plan de trabajo del proyecto \u201c<strong>Mejoramiento de la capacidad adquisitiva post-pandemia de la poblaci\u00f3n de los 8 distritos de la provincia de Espinar- Cusco\u201d<\/strong>, nombre con el cual es denominado el proyecto por el segundo bono solidario. Esta acci\u00f3n improvisada por parte del soporte t\u00e9cnico, gener\u00f3 fuertes observaciones puesto que muchos espinarenses estaban quedando fuera de percibir el bono. Esta es la segunda vez que no se cumple los acuerdos, por ello, la poblaci\u00f3n exigi\u00f3 una nueva reuni\u00f3n del comit\u00e9 de gesti\u00f3n, esta reuni\u00f3n se program\u00f3 para el 13 de septiembre, donde no participaron los representantes de las organizaciones sociales de base, los mismos que estaban fuera de la municipalidad junto a la poblaci\u00f3n exigiendo que se d\u00e9 cumplimiento a los acuerdos, se ped\u00eda una reuni\u00f3n p\u00fablica, siendo esta la tercera vez que la autoridad edil no cumpli\u00f3 los acuerdos.<\/p>\n\n\n\n<p>Estos incumplimientos est\u00e1n generando un fuerte rechazo al alcalde ya que consideran que se pretende dilatar el proceso para traspasarlo a la pr\u00f3xima gesti\u00f3n. Existen experiencias en la historia de Espinar en donde se juega al cansancio y al tiempo y, los resultados son lamentables; por ello creemos que, si no se atienden las demandas de la poblaci\u00f3n de manera efectiva y se continua con la apertura de reuniones apaciguadoras y bajo presi\u00f3n, el conflicto se agudizar\u00e1 y se volver\u00e1 incontrolable con resultados muy lamentables.<\/p>\n\n\n\n<p>La poblaci\u00f3n continua en medida de protesta pac\u00edfica exigiendo una reuni\u00f3n ampliada, en la que se explique la actitud tomada por el alcalde y esclarecer la modalidad en la cual se beneficiara con el bono solidario le han dado al alcalde tiempo hasta el pr\u00f3ximo lunes. Espinar a\u00fan busca entablar el dialogo, como mecanismo de soluci\u00f3n, sin embargo, se prev\u00e9 que esto no ser\u00e1 por mucho tiempo debido a los reiterados incumplimientos de acuerdos por parte de la autoridad edil.<\/p>\n\n\n\n<p><a href=\"#_ftnref1\" name=\"_ftn1\">[1]<\/a> Enlace de p\u00e1gina de redes sociales donde se llev\u00f3 a cabo la reuni\u00f3n. Disponible en: <a href=\"https:\/\/fb.watch\/fy2nPnkdrI\/\" target=\"_blank\" rel=\"noopener\">https:\/\/fb.watch\/fy2nPnkdrI\/<\/a><\/p>\n\n\n\n<p><a href=\"#_ftnref2\" name=\"_ftn2\">[2]<\/a> Estado de Salud Fallido; Emergencia de salud en pueblos ind\u00edgenas de Espinar, Per\u00fa, 2021.<\/p>\n\n\n\n<p><a href=\"#_ftnref3\" name=\"_ftn3\">[3]<\/a> <a href=\"https:\/\/www.cepal.org\/es\/enfoques\/evolucion-precios-recursos-naturales-exportacion-america-latina-caribe\" target=\"_blank\" rel=\"noopener\">https:\/\/www.cepal.org\/es\/enfoques\/evolucion-precios-recursos-naturales-exportacion-america-latina-caribe<\/a><\/p>\n\n\n\n<p><a href=\"#_ftnref4\" name=\"_ftn4\">[4]<\/a> Informe presentado por el soporte t\u00e9cnico al comit\u00e9 de gesti\u00f3n.<\/p>\n","protected":false},"excerpt":{"rendered":"<p>Por: Estrella Pe\u00f1a \u2013 \u00c1rea de Derechos Colectivos y Medio Ambiente El 20 de julio en una reuni\u00f3n extraordinaria exigida por la poblaci\u00f3n, el Comit\u00e9 de Gesti\u00f3n del Convenio Marco aprueba el bono solidario de 2000.00 (dos mil soles con 00\/100) para las familias de la provincia de Espinar con fondos del Convenio Marco[1]. Esto [&hellip;]<\/p>\n","protected":false},"author":1,"featured_media":3349,"comment_status":"open","ping_status":"open","sticky":false,"template":"","format":"standard","meta":{"_monsterinsights_skip_tracking":false,"_monsterinsights_sitenote_active":false,"_monsterinsights_sitenote_note":"","_monsterinsights_sitenote_category":0,"_jetpack_memberships_contains_paid_content":false,"footnotes":"","jetpack_publicize_message":"","jetpack_publicize_feature_enabled":true,"jetpack_social_post_already_shared":false,"jetpack_social_options":{"image_generator_settings":{"template":"highway","default_image_id":0,"font":"","enabled":false},"version":2}},"categories":[1],"tags":[],"class_list":["post-3348","post","type-post","status-publish","format-standard","has-post-thumbnail","hentry","category-sin-categoria"],"blocksy_meta":[],"jetpack_publicize_connections":[],"jetpack_featured_media_url":"https:\/\/derechosinfronteras.pe\/wp-content\/uploads\/2022\/09\/ART-ESTRELLA.jpg","jetpack_sharing_enabled":true,"jetpack_likes_enabled":true,"_links":{"self":[{"href":"https:\/\/derechosinfronteras.pe\/ingles\/wp-json\/wp\/v2\/posts\/3348","targetHints":{"allow":["GET"]}}],"collection":[{"href":"https:\/\/derechosinfronteras.pe\/ingles\/wp-json\/wp\/v2\/posts"}],"about":[{"href":"https:\/\/derechosinfronteras.pe\/ingles\/wp-json\/wp\/v2\/types\/post"}],"author":[{"embeddable":true,"href":"https:\/\/derechosinfronteras.pe\/ingles\/wp-json\/wp\/v2\/users\/1"}],"replies":[{"embeddable":true,"href":"https:\/\/derechosinfronteras.pe\/ingles\/wp-json\/wp\/v2\/comments?post=3348"}],"version-history":[{"count":1,"href":"https:\/\/derechosinfronteras.pe\/ingles\/wp-json\/wp\/v2\/posts\/3348\/revisions"}],"predecessor-version":[{"id":7170,"href":"https:\/\/derechosinfronteras.pe\/ingles\/wp-json\/wp\/v2\/posts\/3348\/revisions\/7170"}],"wp:featuredmedia":[{"embeddable":true,"href":"https:\/\/derechosinfronteras.pe\/ingles\/wp-json\/wp\/v2\/media\/3349"}],"wp:attachment":[{"href":"https:\/\/derechosinfronteras.pe\/ingles\/wp-json\/wp\/v2\/media?parent=3348"}],"wp:term":[{"taxonomy":"category","embeddable":true,"href":"https:\/\/derechosinfronteras.pe\/ingles\/wp-json\/wp\/v2\/categories?post=3348"},{"taxonomy":"post_tag","embeddable":true,"href":"https:\/\/derechosinfronteras.pe\/ingles\/wp-json\/wp\/v2\/tags?post=3348"}],"curies":[{"name":"wp","href":"https:\/\/api.w.org\/{rel}","templated":true}]}}