{"id":3350,"date":"2022-09-14T10:24:15","date_gmt":"2022-09-14T15:24:15","guid":{"rendered":"http:\/\/derechosinfronteras.pe\/?p=8365"},"modified":"2022-09-14T10:24:15","modified_gmt":"2022-09-14T15:24:15","slug":"espinar-gobierno-envia-contingente-policial-antes-protestas-por-agendas-no-atendidas","status":"publish","type":"post","link":"https:\/\/derechosinfronteras.pe\/ingles\/espinar-gobierno-envia-contingente-policial-antes-protestas-por-agendas-no-atendidas\/","title":{"rendered":"Espinar: Gobierno env\u00eda contingente policial ante protestas por agendas no atendidas"},"content":{"rendered":"<p>Redacci\u00f3n DHSF y Pulso Regional<\/p>\n<p>Hay tensi\u00f3n en la provincia de Espinar. Hay un conflicto activo por las agendas no atendidas de las 11 comunidades originarias, as\u00ed como el pedido de un bono solidario, la reformulaci\u00f3n del Convenio Marco y en torno al proyecto Integraci\u00f3n Coroccohuayco (ampliaci\u00f3n de la mina Antapaccay).<\/p>\n<p>Desde el gobierno decidieron enviar un fuerte contingente policial a esta localidad, hecho que podr\u00eda agravar la protesta social, puesto que en otras ocasiones la represi\u00f3n policial ha sido inminente. En estos momentos, los agentes se encuentran en la Plaza de Armas de Espinar.<\/p>\n<figure id=\"attachment_8367\" aria-describedby=\"caption-attachment-8367\" style=\"width: 715px\" class=\"wp-caption alignnone\"><img fetchpriority=\"high\" decoding=\"async\" class=\"wp-image-8367 size-large\" src=\"http:\/\/derechosinfronteras.pe\/wp-content\/uploads\/2022\/09\/WhatsApp-Image-2022-09-14-at-10.03.08-AM-1024x461.jpeg\" alt=\"Esta ma\u00f1ana en los exteriores de la Municipalidad Provincial de Espinar\" width=\"715\" height=\"322\" \/><figcaption id=\"caption-attachment-8367\" class=\"wp-caption-text\">Esta ma\u00f1ana en los exteriores de la Municipalidad Provincial de Espinar<\/figcaption><\/figure>\n<p>La poblaci\u00f3n de la provincia espera que se agilice la entrega de un segundo bono solidario, esta vez de S\/2000, con fondos del Convenio Marco. Pese a que hay acuerdo por unanimidad en el Comit\u00e9 de Gesti\u00f3n, la determinaci\u00f3n de los beneficiarios est\u00e1 siendo retrasado por el alcalde Arenas, a lo que se suma los problemas internos dentro del Frente \u00danico de Defensa de los Intereses.<\/p>\n<p>En la reuni\u00f3n del Comit\u00e9 de Gesti\u00f3n de ayer, el presidente de este ente, Lolo Arenas, dijo que la poblaci\u00f3n electoral aument\u00f3 de 44,000 a 48,579 desde 2020 cuando se entreg\u00f3 el primer bono. A esta cantidad se deber\u00eda sumar el n\u00famero de estudiantes de educaci\u00f3n superior y -por propuesta del Sucme- a las personas con discapacidad, lo que elevar\u00eda la cifra a m\u00e1s de 50,000. En consecuencia, la entrega del bono de S\/2000 implicar\u00eda destinar aproximadamente 100 millones de los fondos del Convenio Marco.<\/p>\n<p>Por ahora, los miembros del Comit\u00e9 de Gesti\u00f3n no se pusieron de acuerdo sobre qui\u00e9nes ser\u00e1n los beneficiarios del subsidio econ\u00f3mico. Por eso, anoche un grupo de ciudadanos hizo una vigilia en el frontis de la Municipalidad Provincial de Espinar pidiendo que el alcalde deje de poner trabas y agilice la aprobaci\u00f3n del proyecto. Existe la sospecha de que Arenas pretende alargar el proceso para despu\u00e9s de las elecciones y, despu\u00e9s de eso, posponerlo hasta la siguiente gesti\u00f3n municipal.<\/p>\n<p><strong>\u00bfPOR QU\u00c9 PIDEN BONO?\u00a0<\/strong><\/p>\n<p>La mayor\u00eda de la poblaci\u00f3n local y comunidades sostienen que no existen proyectos de desarrollado sostenible en estos 19 a\u00f1os, tiempo donde la empresa minera Antapaccay ha administrado los fondos del Convenio Marco a trav\u00e9s de la Fundaci\u00f3n Tintaya.<\/p>\n<p>A parte del pedido del bono solidario, hay otras dos demandas de las organizaciones sociales y de las comunidades originarias que se han invisibilizado: Reformulaci\u00f3n del Convenio Marco y reinicio del di\u00e1logo sobre la ampliaci\u00f3n del proyecto Integraci\u00f3n Coroccohuayco.<\/p>\n<figure id=\"attachment_8366\" aria-describedby=\"caption-attachment-8366\" style=\"width: 715px\" class=\"wp-caption alignnone\"><img decoding=\"async\" class=\"wp-image-8366 size-large\" src=\"http:\/\/derechosinfronteras.pe\/wp-content\/uploads\/2022\/09\/WhatsApp-Image-2022-09-13-at-6.28.11-PM-1024x461.jpeg\" alt=\"La noche del martes 13 de septiembre en los exteriores de la Municipalidad Provincial de Espinar\" width=\"715\" height=\"322\" \/><figcaption id=\"caption-attachment-8366\" class=\"wp-caption-text\">La noche del martes 13 de septiembre en los exteriores de la Municipalidad Provincial de Espinar.<\/figcaption><\/figure>\n<p><strong>VULNERACI\u00d3N DE DERECHOS<\/strong><\/p>\n<p>El mes pasado, en el cuarto d\u00eda de protesta, efectivos policiales golpearon brutalmente a mujeres y varones, quienes ejerc\u00edan su derecho a la protesta social en la plaza de armas. Las y los manifestantes pernoctaron y realizaron una olla com\u00fan. Producto de la violencia, resultaron 4 personas heridas. Pese a lo ocurrido, la ausencia del Estado y el rol del alcalde no ha variado, es m\u00e1s, con la llegada de los polic\u00edas se agudiza el contexto.<\/p>\n<figure id=\"attachment_8375\" aria-describedby=\"caption-attachment-8375\" style=\"width: 715px\" class=\"wp-caption alignnone\"><img decoding=\"async\" class=\"wp-image-8375 size-large\" src=\"http:\/\/derechosinfronteras.pe\/wp-content\/uploads\/2022\/09\/WhatsApp-Image-2022-09-14-at-9.03.43-AM-1-1024x768.jpeg\" alt=\"Este \u00f3mnibus lleg\u00f3 a Espinar\" width=\"715\" height=\"536\" \/><figcaption id=\"caption-attachment-8375\" class=\"wp-caption-text\">Este \u00f3mnibus lleg\u00f3 a Espinar<\/figcaption><\/figure>\n<p><strong>EL CASO COROCCOHUAYCO<\/strong><\/p>\n<p>Este conflicto social involucra a la minera Glencore Antapaccay. Once de las trece comunidades de la zona de influencia directa del proyecto Integraci\u00f3n Coroccohuayco cuestionan que desde el Estado no haya compromiso, ni voluntad ni claridad en la implementaci\u00f3n de la consulta previa para esta iniciativa minera, que es la ampliaci\u00f3n de Antapaccay. Por tal raz\u00f3n, protestaron desde esta madrugada y bloquearon el corredor minero del sur. Un piquete interrumpi\u00f3 el paso a la altura del kil\u00f3metro 14, entre las comunidades quechuas de Huisa y Hanccolla.<\/p>\n<p>\u201cEsa misma falta de voluntad para atender la problem\u00e1tica de las comunidades se ve reflejada en la forma como se pretende culminar el proceso de consulta previa respecto al proyecto minero Antapaccay Expansi\u00f3n Tintaya Integraci\u00f3n Coroccohuayco. Este proceso ha sido abandonado por el Estado, llev\u00e1ndolo a convertirse en un mero acto administrativo sin que se garanticen los derechos de las comunidades, sin respetar el marco normativo de nuestro pa\u00eds y lo establecido en el Convenio 169 de la OIT y la Declaraci\u00f3n de las Naciones Unidas sobre Derechos de los Pueblos Ind\u00edgenas\u201d, cuestiona la Asamblea Multicomunal por la Consulta Previa de Espinar.<\/p>\n<p>Seg\u00fan los comuneros, el proceso de consulta previa se redujo a un acto administrativo en el que un grupo de funcionarios, sin poder de decisi\u00f3n, asuman compromisos a nombre de otros ministerios o sectores del Estado. Exigen que en este participen los titulares de los ministerios de Energ\u00eda y Minas, Ambiente, Cultura, etc.<\/p>\n<p>Paralelamente, reclaman la implementaci\u00f3n de un plan de reparaciones como se comprometi\u00f3 el gobierno. \u201cLas comunidades seguimos sufriendo las consecuencias de los da\u00f1os que siguen causando las operaciones mineras en el medio ambiente y la salud de nuestros hermanos\u201d.<\/p>","protected":false},"excerpt":{"rendered":"<p>Redacci\u00f3n DHSF y Pulso Regional Hay tensi\u00f3n en la provincia de Espinar. Hay un conflicto activo por las agendas no atendidas de las 11 comunidades originarias, as\u00ed como el pedido de un bono solidario, la reformulaci\u00f3n del Convenio Marco y en torno al proyecto Integraci\u00f3n Coroccohuayco (ampliaci\u00f3n de la mina Antapaccay). Desde el gobierno decidieron [&hellip;]<\/p>\n","protected":false},"author":1,"featured_media":3351,"comment_status":"open","ping_status":"open","sticky":false,"template":"","format":"standard","meta":{"_monsterinsights_skip_tracking":false,"_monsterinsights_sitenote_active":false,"_monsterinsights_sitenote_note":"","_monsterinsights_sitenote_category":0,"_jetpack_memberships_contains_paid_content":false,"footnotes":"","jetpack_publicize_message":"","jetpack_publicize_feature_enabled":true,"jetpack_social_post_already_shared":false,"jetpack_social_options":{"image_generator_settings":{"template":"highway","default_image_id":0,"font":"","enabled":false},"version":2}},"categories":[1],"tags":[],"class_list":["post-3350","post","type-post","status-publish","format-standard","has-post-thumbnail","hentry","category-sin-categoria"],"blocksy_meta":[],"jetpack_publicize_connections":[],"jetpack_featured_media_url":"https:\/\/derechosinfronteras.pe\/wp-content\/uploads\/2022\/09\/Copia_de_seguridad_de_Cintillo-para-web-2019-1.png","jetpack_sharing_enabled":true,"jetpack_likes_enabled":true,"_links":{"self":[{"href":"https:\/\/derechosinfronteras.pe\/ingles\/wp-json\/wp\/v2\/posts\/3350","targetHints":{"allow":["GET"]}}],"collection":[{"href":"https:\/\/derechosinfronteras.pe\/ingles\/wp-json\/wp\/v2\/posts"}],"about":[{"href":"https:\/\/derechosinfronteras.pe\/ingles\/wp-json\/wp\/v2\/types\/post"}],"author":[{"embeddable":true,"href":"https:\/\/derechosinfronteras.pe\/ingles\/wp-json\/wp\/v2\/users\/1"}],"replies":[{"embeddable":true,"href":"https:\/\/derechosinfronteras.pe\/ingles\/wp-json\/wp\/v2\/comments?post=3350"}],"version-history":[{"count":0,"href":"https:\/\/derechosinfronteras.pe\/ingles\/wp-json\/wp\/v2\/posts\/3350\/revisions"}],"wp:featuredmedia":[{"embeddable":true,"href":"https:\/\/derechosinfronteras.pe\/ingles\/wp-json\/wp\/v2\/media\/3351"}],"wp:attachment":[{"href":"https:\/\/derechosinfronteras.pe\/ingles\/wp-json\/wp\/v2\/media?parent=3350"}],"wp:term":[{"taxonomy":"category","embeddable":true,"href":"https:\/\/derechosinfronteras.pe\/ingles\/wp-json\/wp\/v2\/categories?post=3350"},{"taxonomy":"post_tag","embeddable":true,"href":"https:\/\/derechosinfronteras.pe\/ingles\/wp-json\/wp\/v2\/tags?post=3350"}],"curies":[{"name":"wp","href":"https:\/\/api.w.org\/{rel}","templated":true}]}}