{"id":3352,"date":"2022-09-12T10:39:36","date_gmt":"2022-09-12T15:39:36","guid":{"rendered":"http:\/\/derechosinfronteras.pe\/?p=8356"},"modified":"2022-09-12T10:39:36","modified_gmt":"2022-09-12T15:39:36","slug":"elecciones-2022-solo-41-de-candidaturas-corresponde-a-mujeres-en-cusco","status":"publish","type":"post","link":"https:\/\/derechosinfronteras.pe\/ingles\/elecciones-2022-solo-41-de-candidaturas-corresponde-a-mujeres-en-cusco\/","title":{"rendered":"Elecciones 2022: Solo 41 % de candidaturas corresponde a mujeres en Cusco"},"content":{"rendered":"<p>Redacci\u00f3n DHSF<\/p>\n<p>El 2 de octubre se realizar\u00e1 la votaci\u00f3n para elegir a las nuevas autoridades regionales y municipales. En Cusco, acudir\u00e1n a las urnas 1 mill\u00f3n 52 mil 153 electores: 526 mil 476 varones y 525 mil 677 mujeres.<\/p>\n<p>Como se puede constatar, casi el 50 % de votantes h\u00e1biles son mujeres. En contraste, la participaci\u00f3n femenina en las elecciones en esta regi\u00f3n es todav\u00eda reducida: solo el 41 %. Adem\u00e1s, las organizaciones pol\u00edticas nacionales y regionales relegaron nuevamente a las damas, ubic\u00e1ndolas en espacios expectantes en las listas inscritas ante el organismo electoral.<\/p>\n<p>Pulso Regional revis\u00f3 cu\u00e1ntas mujeres y en qu\u00e9 ubicaciones postulan en la regi\u00f3n Cusco. Las cifras son desalentadoras, pese a la existencia de la Ley de paridad y alternancia vertical y horizontal.<\/p>\n<p>En la regi\u00f3n Cusco, seg\u00fan la p\u00e1gina web del Jurado Nacional de Elecciones (JNE), hay 4,561 candidatos inscritos, de los cuales 2,689 son hombres y 1,872 mujeres. Esa diferencia obedece a varios factores: la ubicaci\u00f3n de ellas a partir del segundo casillero en la composici\u00f3n de una lista, por lo que, si el n\u00famero de miembros de un concejo edil es impar, hay una mujer menos en esta composici\u00f3n; porque algunas fueron excluidas por haber sido mal inscritas por el personero del partido.<\/p>\n<p>De ocho listas inscritas para el Gobierno Regional de Cusco, solo dos la encabezan mujeres: Rosmi Rivas (Autogobierno Ayllu) y Yulet Luna (Podemos Per\u00fa). Aunque est\u00e1 cantidad es mayor a la registra en la elecci\u00f3n del 2018, sigue siendo poco representativa. Inclusive en el caso de Luna, su postulaci\u00f3n fue forzada solo para cumplir la alternancia horizontal exigida por las normas.<\/p>\n<p>Adem\u00e1s, solo cinco organizaciones pol\u00edticas lograron inscribir sus listas al Consejo Regional. Entonces, son 107 candidatos inscritos para 22 esca\u00f1os que tiene el Legislativo cusque\u00f1o, de los cuales 54 son mujeres, uno m\u00e1s que los varones.<\/p>\n<p>En octubre se elegir\u00e1n a 13 alcaldes provinciales y a 115 regidores. Hay 88 listas provinciales inscritas para la elecci\u00f3n de alcaldes de provincias, y solo siete est\u00e1n encabezadas por una mujer. Mientras que la mayor\u00eda de los 813 candidatos a regidor tambi\u00e9n son varones: 432 frente y 381 mujeres.<\/p>\n<p>Asimismo, Cusco elegir\u00e1 a 103 alcaldes distritales y a 539 regidores. Se han inscrito 540 listas, de ellas solo 28 est\u00e1n encabezadas por mujeres. En tanto, la mayor\u00eda de candidatos a regidor igualmente son hombres, con una amplia ventaja: 1,603 varones y 1,394 mujeres.<\/p>\n<p>A continuaci\u00f3n, la participaci\u00f3n de las mujeres en las Elecciones Regionales y Municipales 2022 de acuerdo a la informaci\u00f3n consignada en la misma base de datos del JNE:<\/p>\n<ol>\n<li>Candidaturas al Gobierno Regional de Cusco<\/li>\n<\/ol>\n<p>Total de candidatos: 4,561<\/p>\n<p>Varones; 2,689<\/p>\n<p>Mujeres: 1,872<\/p>\n<table style=\"width: 766px; height: 617px;\">\n<tbody>\n<tr style=\"height: 56px;\">\n<td style=\"width: 219px; height: 112px;\" rowspan=\"2\"><strong>Organizaci\u00f3n pol\u00edtica<\/strong><\/td>\n<td style=\"width: 184px; height: 56px;\" colspan=\"2\">\n<p style=\"text-align: center;\"><strong>Gobernador(a) regional<\/strong><\/p>\n<\/td>\n<td style=\"width: 209px; height: 56px;\" colspan=\"2\">\n<p style=\"text-align: center;\"><strong>Vicegobernador(a) regional<\/strong><\/p>\n<\/td>\n<\/tr>\n<tr style=\"height: 56px;\">\n<td style=\"width: 113px; height: 56px;\">\n<p style=\"text-align: center;\"><strong>Femenino<\/strong><\/p>\n<\/td>\n<td style=\"width: 71px; height: 56px;\">\n<p style=\"text-align: center;\"><strong>Masculino<\/strong><\/p>\n<\/td>\n<td style=\"width: 145px; height: 56px;\">\n<p style=\"text-align: center;\"><strong>Femenino<\/strong><\/p>\n<\/td>\n<td style=\"width: 64px; height: 56px;\">\n<p style=\"text-align: center;\"><strong>Masculino<\/strong><\/p>\n<\/td>\n<\/tr>\n<tr style=\"height: 56px;\">\n<td style=\"width: 219px; height: 56px;\">ALIANZA PARA EL PROGRESO<\/td>\n<td style=\"width: 113px; text-align: center; height: 56px;\"><\/td>\n<td style=\"width: 71px; text-align: center; height: 56px;\">1<\/td>\n<td style=\"width: 145px; text-align: center; height: 56px;\">1<\/td>\n<td style=\"width: 64px; text-align: center; height: 56px;\"><\/td>\n<\/tr>\n<tr style=\"height: 56px;\">\n<td style=\"width: 219px; height: 56px;\">AUTOGOBIERNO AYLLU<\/td>\n<td style=\"width: 113px; text-align: center; height: 56px;\">1<\/td>\n<td style=\"width: 71px; text-align: center; height: 56px;\"><\/td>\n<td style=\"width: 145px; text-align: center; height: 56px;\"><\/td>\n<td style=\"width: 64px; text-align: center; height: 56px;\">1<\/td>\n<\/tr>\n<tr style=\"height: 56px;\">\n<td style=\"width: 219px; height: 56px;\">JUNTOS POR EL PER\u00da<\/td>\n<td style=\"width: 113px; text-align: center; height: 56px;\"><\/td>\n<td style=\"width: 71px; text-align: center; height: 56px;\">1<\/td>\n<td style=\"width: 145px; text-align: center; height: 56px;\">1<\/td>\n<td style=\"width: 64px; text-align: center; height: 56px;\"><\/td>\n<\/tr>\n<tr style=\"height: 56px;\">\n<td style=\"width: 219px; height: 56px;\">SOMOS PER\u00da<\/td>\n<td style=\"width: 113px; text-align: center; height: 56px;\"><\/td>\n<td style=\"width: 71px; text-align: center; height: 56px;\">1<\/td>\n<td style=\"width: 145px; text-align: center; height: 56px;\">1<\/td>\n<td style=\"width: 64px; text-align: center; height: 56px;\"><\/td>\n<\/tr>\n<tr style=\"height: 56px;\">\n<td style=\"width: 219px; height: 56px;\">INKA PACHAKUTEQ<\/td>\n<td style=\"width: 113px; text-align: center; height: 56px;\"><\/td>\n<td style=\"width: 71px; text-align: center; height: 56px;\">1<\/td>\n<td style=\"width: 145px; text-align: center; height: 56px;\">1<\/td>\n<td style=\"width: 64px; text-align: center; height: 56px;\"><\/td>\n<\/tr>\n<tr style=\"height: 56px;\">\n<td style=\"width: 219px; height: 56px;\">FRENTE DE LA ESPERANZA 2021<\/td>\n<td style=\"width: 113px; text-align: center; height: 56px;\"><\/td>\n<td style=\"width: 71px; text-align: center; height: 56px;\">1<\/td>\n<td style=\"width: 145px; text-align: center; height: 56px;\">1<\/td>\n<td style=\"width: 64px; text-align: center; height: 56px;\"><\/td>\n<\/tr>\n<tr style=\"height: 56px;\">\n<td style=\"width: 219px; height: 56px;\">PER\u00da LIBRE<\/td>\n<td style=\"width: 113px; text-align: center; height: 56px;\"><\/td>\n<td style=\"width: 71px; text-align: center; height: 56px;\">1<\/td>\n<td style=\"width: 145px; text-align: center; height: 56px;\">1<\/td>\n<td style=\"width: 64px; text-align: center; height: 56px;\"><\/td>\n<\/tr>\n<tr style=\"height: 56px;\">\n<td style=\"width: 219px; height: 56px;\">PODEMOS PER\u00da<\/td>\n<td style=\"width: 113px; text-align: center; height: 56px;\">1<\/td>\n<td style=\"width: 71px; text-align: center; height: 56px;\"><\/td>\n<td style=\"width: 145px; text-align: center; height: 56px;\"><\/td>\n<td style=\"width: 64px; text-align: center; height: 56px;\">1<\/td>\n<\/tr>\n<\/tbody>\n<\/table>\n<p><em>\u201cDe ocho listas inscritas para el Gobierno Regional de Cusco solo <strong>dos la encabezan mujeres<\/strong>. Aunque es m\u00e1s que en la elecci\u00f3n pasada, sigue siendo poco representativo\u201d.<\/em><\/p>\n<p>2. Candidaturas al Consejo Regional de Cusco<\/p>\n<table width=\"595\">\n<tbody>\n<tr>\n<td style=\"width: 296px;\" rowspan=\"2\" width=\"114\"><strong>Organizaci\u00f3n pol\u00edtica<\/strong><\/td>\n<td style=\"width: 290px; text-align: center;\" colspan=\"2\" width=\"481\"><strong>Consejero(a) regional<\/strong><\/td>\n<\/tr>\n<tr>\n<td style=\"width: 141px; text-align: center;\" width=\"245\"><strong>Femenino<\/strong><\/td>\n<td style=\"width: 149px; text-align: center;\" width=\"236\"><strong>Masculino<\/strong><\/td>\n<\/tr>\n<tr>\n<td style=\"width: 296px;\" width=\"114\">ALIANZA PARA EL PROGRESO<\/td>\n<td style=\"width: 141px; text-align: center;\" width=\"245\">11<\/td>\n<td style=\"width: 149px; text-align: center;\" width=\"236\">11<\/td>\n<\/tr>\n<tr>\n<td style=\"width: 296px;\" width=\"114\">JUNTOS POR EL PER\u00da<\/td>\n<td style=\"width: 141px; text-align: center;\" width=\"245\">11<\/td>\n<td style=\"width: 149px; text-align: center;\" width=\"236\">10<\/td>\n<\/tr>\n<tr>\n<td style=\"width: 296px;\" width=\"114\">INKA PACHAKUTEQ<\/td>\n<td style=\"width: 141px; text-align: center;\" width=\"245\">10<\/td>\n<td style=\"width: 149px; text-align: center;\" width=\"236\">10<\/td>\n<\/tr>\n<tr>\n<td style=\"width: 296px;\" width=\"114\">FRENTE DE LA ESPERANZA 2021<\/td>\n<td style=\"width: 141px; text-align: center;\" width=\"245\">11<\/td>\n<td style=\"width: 149px; text-align: center;\" width=\"236\">11<\/td>\n<\/tr>\n<tr>\n<td style=\"width: 296px;\" width=\"114\">PODEMOS PER\u00da<\/td>\n<td style=\"width: 141px; text-align: center;\" width=\"245\">11<\/td>\n<td style=\"width: 149px; text-align: center;\" width=\"236\">11<\/td>\n<\/tr>\n<\/tbody>\n<\/table>\n<p><em>\u201cSolo cinco organizaciones pol\u00edticas lograron inscribir (hasta el 22 de agosto) sus listas al Consejo Regional. Hay 107 candidatos para 22 esca\u00f1os, de los cuales <strong>54 son mujeres<\/strong>\u201d.<\/em><\/p>\n<p>3. Candidaturas a las alcald\u00edas provinciales y regidur\u00edas<\/p>\n<table style=\"width: 651px;\">\n<tbody>\n<tr>\n<td style=\"width: 864px;\" rowspan=\"2\" width=\"114\"><strong>Organizaci\u00f3n pol\u00edtica<\/strong><\/td>\n<td style=\"text-align: center; width: 121px;\" colspan=\"2\" width=\"220\"><strong>Alcalde(sa) provincial<\/strong><\/td>\n<td style=\"text-align: center; width: 289px;\" colspan=\"2\" width=\"232\"><strong>Regidor(a) distrital<\/strong><\/td>\n<\/tr>\n<tr>\n<td style=\"text-align: center; width: 10px;\" width=\"112\"><strong>Femenino<\/strong><\/td>\n<td style=\"text-align: center; width: 111px;\" width=\"107\"><strong>Masculino<\/strong><\/td>\n<td style=\"text-align: center; width: 129px;\" width=\"125\"><strong>Femenino<\/strong><\/td>\n<td style=\"text-align: center; width: 160px;\" width=\"107\"><strong>Masculino<\/strong><\/td>\n<\/tr>\n<tr>\n<td style=\"width: 864px;\" width=\"114\">ACCI\u00d3N POPULAR<\/td>\n<td style=\"text-align: center; width: 10px;\" width=\"112\"><\/td>\n<td style=\"text-align: center; width: 111px;\" width=\"107\">2<\/td>\n<td style=\"text-align: center; width: 129px;\" width=\"125\">8<\/td>\n<td style=\"text-align: center; width: 160px;\" width=\"107\">8<\/td>\n<\/tr>\n<tr>\n<td style=\"width: 864px;\" width=\"114\">ALIANZA PARA EL PROGRESO<\/td>\n<td style=\"text-align: center; width: 10px;\" width=\"112\">1<\/td>\n<td style=\"text-align: center; width: 111px;\" width=\"107\">10<\/td>\n<td style=\"text-align: center; width: 129px;\" width=\"125\">50<\/td>\n<td style=\"text-align: center; width: 160px;\" width=\"107\">58<\/td>\n<\/tr>\n<tr>\n<td style=\"width: 864px;\" width=\"114\">AUTOGOBIERNO AYLLU<\/td>\n<td style=\"text-align: center; width: 10px;\" width=\"112\">2<\/td>\n<td style=\"text-align: center; width: 111px;\" width=\"107\">3<\/td>\n<td style=\"text-align: center; width: 129px;\" width=\"125\">26<\/td>\n<td style=\"text-align: center; width: 160px;\" width=\"107\">24<\/td>\n<\/tr>\n<tr>\n<td style=\"width: 864px;\" width=\"114\">FUERZA INKA AMAZ\u00d3NICA<\/td>\n<td style=\"text-align: center; width: 10px;\" width=\"112\"><\/td>\n<td style=\"text-align: center; width: 111px;\" width=\"107\">2<\/td>\n<td style=\"text-align: center; width: 129px;\" width=\"125\">9<\/td>\n<td style=\"text-align: center; width: 160px;\" width=\"107\">9<\/td>\n<\/tr>\n<tr>\n<td style=\"width: 864px;\" width=\"114\">JUNTOS POR EL PER\u00da<\/td>\n<td style=\"text-align: center; width: 10px;\" width=\"112\">3<\/td>\n<td style=\"text-align: center; width: 111px;\" width=\"107\">8<\/td>\n<td style=\"text-align: center; width: 129px;\" width=\"125\">45<\/td>\n<td style=\"text-align: center; width: 160px;\" width=\"107\">53<\/td>\n<\/tr>\n<tr>\n<td style=\"width: 864px;\" width=\"114\">INKA PACHAKUTEQ<\/td>\n<td style=\"text-align: center; width: 10px;\" width=\"112\">1<\/td>\n<td style=\"text-align: center; width: 111px;\" width=\"107\">12<\/td>\n<td style=\"text-align: center; width: 129px;\" width=\"125\">53<\/td>\n<td style=\"text-align: center; width: 160px;\" width=\"107\">60<\/td>\n<\/tr>\n<tr>\n<td style=\"width: 864px;\" width=\"114\">SOMOS PER\u00da<\/td>\n<td style=\"text-align: center; width: 10px;\" width=\"112\"><\/td>\n<td style=\"text-align: center; width: 111px;\" width=\"107\">11<\/td>\n<td style=\"text-align: center; width: 129px;\" width=\"125\">52<\/td>\n<td style=\"text-align: center; width: 160px;\" width=\"107\">61<\/td>\n<\/tr>\n<tr>\n<td style=\"width: 864px;\" width=\"114\">FRENTE DE LA ESPERANZA 2021<\/td>\n<td style=\"text-align: center; width: 10px;\" width=\"112\"><\/td>\n<td style=\"text-align: center; width: 111px;\" width=\"107\">12<\/td>\n<td style=\"text-align: center; width: 129px;\" width=\"125\">48<\/td>\n<td style=\"text-align: center; width: 160px;\" width=\"107\">59<\/td>\n<\/tr>\n<tr>\n<td style=\"width: 864px;\" width=\"114\">PER\u00da LIBRE<\/td>\n<td style=\"text-align: center; width: 10px;\" width=\"112\"><\/td>\n<td style=\"text-align: center; width: 111px;\" width=\"107\">12<\/td>\n<td style=\"text-align: center; width: 129px;\" width=\"125\">48<\/td>\n<td style=\"text-align: center; width: 160px;\" width=\"107\">57<\/td>\n<\/tr>\n<tr>\n<td style=\"width: 864px;\" width=\"114\">PODEMOS PER\u00da<\/td>\n<td style=\"text-align: center; width: 10px;\" width=\"112\"><\/td>\n<td style=\"text-align: center; width: 111px;\" width=\"107\">8<\/td>\n<td style=\"text-align: center; width: 129px;\" width=\"125\">35<\/td>\n<td style=\"text-align: center; width: 160px;\" width=\"107\">37<\/td>\n<\/tr>\n<tr>\n<td style=\"width: 864px;\" width=\"114\">RENOVACI\u00d3N POPULAR<\/td>\n<td style=\"text-align: center; width: 10px;\" width=\"112\"><\/td>\n<td style=\"text-align: center; width: 111px;\" width=\"107\">1<\/td>\n<td style=\"text-align: center; width: 129px;\" width=\"125\">7<\/td>\n<td style=\"text-align: center; width: 160px;\" width=\"107\">6<\/td>\n<\/tr>\n<\/tbody>\n<\/table>\n<p><em>\u201cDe 88 listas inscritas para la elecci\u00f3n de alcaldes de las 13 provincias de Cusco, solo<strong> siete est\u00e1n encabezadas por mujeres<\/strong>. Y la mayor\u00eda de candidatos a regidor tambi\u00e9n son varones: De 813 candidatos, 432 son varones y <strong>381 mujeres<\/strong>\u201d.<\/em><\/p>\n<p>4. Candidaturas a las alcald\u00edas distritales y regidur\u00edas<\/p>\n<table>\n<tbody>\n<tr>\n<td style=\"width: 254px;\" rowspan=\"2\" width=\"114\"><strong>Organizaci\u00f3n pol\u00edtica <\/strong><\/td>\n<td style=\"width: 125px; text-align: center;\" colspan=\"2\" width=\"220\"><strong>Alcalde(sa) distrital<\/strong><\/td>\n<td style=\"width: 240px; text-align: center;\" colspan=\"2\" width=\"232\"><strong>Regidor(a) distrital<\/strong><\/td>\n<\/tr>\n<tr>\n<td style=\"width: 14px; text-align: center;\" width=\"112\"><strong>Femenino<\/strong><\/td>\n<td style=\"width: 111px; text-align: center;\" width=\"107\"><strong>Masculino<\/strong><\/td>\n<td style=\"width: 129px; text-align: center;\" width=\"125\"><strong>Femenino<\/strong><\/td>\n<td style=\"width: 111px; text-align: center;\" width=\"107\"><strong>Masculino<\/strong><\/td>\n<\/tr>\n<tr>\n<td style=\"width: 254px;\" width=\"114\">ACCI\u00d3N POPULAR<\/td>\n<td style=\"width: 14px; text-align: center;\" width=\"112\"><\/td>\n<td style=\"width: 111px; text-align: center;\" width=\"107\">9<\/td>\n<td style=\"width: 129px; text-align: center;\" width=\"125\">25<\/td>\n<td style=\"width: 111px; text-align: center;\" width=\"107\">22<\/td>\n<\/tr>\n<tr>\n<td style=\"width: 254px;\" width=\"114\">ALIANZA PARA EL PROGRESO<\/td>\n<td style=\"width: 14px; text-align: center;\" width=\"112\">5<\/td>\n<td style=\"width: 111px; text-align: center;\" width=\"107\">66<\/td>\n<td style=\"width: 129px; text-align: center;\" width=\"125\">170<\/td>\n<td style=\"width: 111px; text-align: center;\" width=\"107\">201<\/td>\n<\/tr>\n<tr>\n<td style=\"width: 254px;\" width=\"114\">AUTOGOBIERNO AYLLU<\/td>\n<td style=\"width: 14px; text-align: center;\" width=\"112\">1<\/td>\n<td style=\"width: 111px; text-align: center;\" width=\"107\">19<\/td>\n<td style=\"width: 129px; text-align: center;\" width=\"125\">45<\/td>\n<td style=\"width: 111px; text-align: center;\" width=\"107\">58<\/td>\n<\/tr>\n<tr>\n<td style=\"width: 254px;\" width=\"114\">AVANZA PA\u00cdS<\/td>\n<td style=\"width: 14px; text-align: center;\" width=\"112\"><\/td>\n<td style=\"width: 111px; text-align: center;\" width=\"107\">2<\/td>\n<td style=\"width: 129px; text-align: center;\" width=\"125\">3<\/td>\n<td style=\"width: 111px; text-align: center;\" width=\"107\">6<\/td>\n<\/tr>\n<tr>\n<td style=\"width: 254px;\" width=\"114\">FUERZA INKA AMAZ\u00d3NICA<\/td>\n<td style=\"width: 14px; text-align: center;\" width=\"112\">1<\/td>\n<td style=\"width: 111px; text-align: center;\" width=\"107\">13<\/td>\n<td style=\"width: 129px; text-align: center;\" width=\"125\">36<\/td>\n<td style=\"width: 111px; text-align: center;\" width=\"107\">40<\/td>\n<\/tr>\n<tr>\n<td style=\"width: 254px;\" width=\"114\">FUERZA POPULAR<\/td>\n<td style=\"width: 14px; text-align: center;\" width=\"112\"><\/td>\n<td style=\"width: 111px; text-align: center;\" width=\"107\">1<\/td>\n<td style=\"width: 129px; text-align: center;\" width=\"125\">3<\/td>\n<td style=\"width: 111px; text-align: center;\" width=\"107\">2<\/td>\n<\/tr>\n<tr>\n<td style=\"width: 254px;\" width=\"114\">JUNTOS POR EL PER\u00da<\/td>\n<td style=\"width: 14px; text-align: center;\" width=\"112\">2<\/td>\n<td style=\"width: 111px; text-align: center;\" width=\"107\">65<\/td>\n<td style=\"width: 129px; text-align: center;\" width=\"125\">175<\/td>\n<td style=\"width: 111px; text-align: center;\" width=\"107\">189<\/td>\n<\/tr>\n<tr>\n<td style=\"width: 254px;\" width=\"114\">INKA PACHAKUTEQ<\/td>\n<td style=\"width: 14px; text-align: center;\" width=\"112\">9<\/td>\n<td style=\"width: 111px; text-align: center;\" width=\"107\">79<\/td>\n<td style=\"width: 129px; text-align: center;\" width=\"125\">206<\/td>\n<td style=\"width: 111px; text-align: center;\" width=\"107\">246<\/td>\n<\/tr>\n<tr>\n<td style=\"width: 254px;\" width=\"114\">SOMOS PER\u00da<\/td>\n<td style=\"width: 14px; text-align: center;\" width=\"112\">3<\/td>\n<td style=\"width: 111px; text-align: center;\" width=\"107\">92<\/td>\n<td style=\"width: 129px; text-align: center;\" width=\"125\">241<\/td>\n<td style=\"width: 111px; text-align: center;\" width=\"107\">262<\/td>\n<\/tr>\n<tr>\n<td style=\"width: 254px;\" width=\"114\">FRENTE DE LA ESPERANZA 2021<\/td>\n<td style=\"width: 14px; text-align: center;\" width=\"112\">1<\/td>\n<td style=\"width: 111px; text-align: center;\" width=\"107\">60<\/td>\n<td style=\"width: 129px; text-align: center;\" width=\"125\">151<\/td>\n<td style=\"width: 111px; text-align: center;\" width=\"107\">172<\/td>\n<\/tr>\n<tr>\n<td style=\"width: 254px;\" width=\"114\">PARTIDO MORADO<\/td>\n<td style=\"width: 14px; text-align: center;\" width=\"112\"><\/td>\n<td style=\"width: 111px; text-align: center;\" width=\"107\">1<\/td>\n<td style=\"width: 129px; text-align: center;\" width=\"125\">4<\/td>\n<td style=\"width: 111px; text-align: center;\" width=\"107\">5<\/td>\n<\/tr>\n<tr>\n<td style=\"width: 254px;\" width=\"114\">PER\u00da LIBRE<\/td>\n<td style=\"width: 14px; text-align: center;\" width=\"112\">3<\/td>\n<td style=\"width: 111px; text-align: center;\" width=\"107\">74<\/td>\n<td style=\"width: 129px; text-align: center;\" width=\"125\">185<\/td>\n<td style=\"width: 111px; text-align: center;\" width=\"107\">213<\/td>\n<\/tr>\n<tr>\n<td style=\"width: 254px;\" width=\"114\">PODEMOS PER\u00da<\/td>\n<td style=\"width: 14px; text-align: center;\" width=\"112\">3<\/td>\n<td style=\"width: 111px; text-align: center;\" width=\"107\">51<\/td>\n<td style=\"width: 129px; text-align: center;\" width=\"125\">125<\/td>\n<td style=\"width: 111px; text-align: center;\" width=\"107\">158<\/td>\n<\/tr>\n<tr>\n<td style=\"width: 254px;\" width=\"114\">RENOVACI\u00d3N POPULAR<\/td>\n<td style=\"width: 14px; text-align: center;\" width=\"112\"><\/td>\n<td style=\"width: 111px; text-align: center;\" width=\"107\">8<\/td>\n<td style=\"width: 129px; text-align: center;\" width=\"125\">25<\/td>\n<td style=\"width: 111px; text-align: center;\" width=\"107\">29<\/td>\n<\/tr>\n<\/tbody>\n<\/table>\n<p><em>\u201cDe 540 listas inscritas para la elecci\u00f3n de alcaldes distritales en Cusco, solo <strong>28 est\u00e1n encabezadas por mujeres<\/strong>. Y la mayor\u00eda de candidatos a regidor igualmente son hombres, con una amplia ventaja: 1,603 varones y<strong> 1,394 mujeres<\/strong>\u201d.<\/em><\/p>\n<p>AN\u00c1LISIS<\/p>\n<p>M\u00e1s de la mitad de la poblaci\u00f3n general y la mitad de electores son mujeres. En 1933 se aprob\u00f3 el voto femenino para las que saben leer, pero se hizo efectiva reci\u00e9n en el 65\u2019, y en el 2020 se aprob\u00f3 la <strong>Ley de paridad y<\/strong> <strong>alternancia<\/strong>. \u00bfQu\u00e9 cambi\u00f3 en estos a\u00f1os?<\/p>\n<p>Si bien hubo avances, todav\u00eda persisten enormes brechas en la participaci\u00f3n de las mujeres en las elecciones generales, as\u00ed como en las regionales y municipales. En el actual proceso electoral, solo en <strong>Cusco<\/strong>, la participaci\u00f3n femenina es m\u00ednima para cargo de gobernador y alcald\u00edas provinciales y distritales. La Ley de paridad y alternancia en tanto hace que las postulaciones a cargos de consejero y regidor sean casi equivalentes, aunque siempre con ventaja a favor de los varones.<\/p>\n<p>La Ley de Elecciones Regionales (art. 12) y la Ley de Elecciones Municipales (art. 10) establecen que la f\u00f3rmula de candidaturas para el Gobierno regional debe respetar la paridad y alternancia, y <strong>del total de circunscripciones a las que se presenten, la mitad debe estar encabezada por una mujer o un hombre<\/strong>. De igual modo, en el caso de la relaci\u00f3n de candidaturas para consejer\u00edas titulares y accesitarias, y regidur\u00edas debe considerarse la paridad y alternancia. Pese a ello, la posibilidad de que las mujeres lleguen a cargo de direcci\u00f3n es escasa.<\/p>\n<p><strong>Alternancia de g\u00e9nero:<\/strong> La posici\u00f3n de las candidaturas en las f\u00f3rmulas y listas debe registrarse de forma intercalada: una mujer seguido de un hombre o un hombre y despu\u00e9s una mujer.<\/p>\n<p><strong>Paridad vertical:<\/strong> F\u00f3rmulas y listas de candidaturas conformadas por el 50 % de mujeres y 50 % de hombres.<\/p>\n<p><strong>Paridad horizontal: <\/strong>Del total de f\u00f3rmulas presentadas a nivel nacional, 50 % debe estar encabezada por una mujer y 50 % por un hombre.<\/p>\n<p><em>Fuente: Pulso Regional &#8211; Suplemento Mujeres en Pol\u00edtica<\/em><\/p>\n<p>&nbsp;<\/p>","protected":false},"excerpt":{"rendered":"<p>Redacci\u00f3n DHSF El 2 de octubre se realizar\u00e1 la votaci\u00f3n para elegir a las nuevas autoridades regionales y municipales. En Cusco, acudir\u00e1n a las urnas 1 mill\u00f3n 52 mil 153 electores: 526 mil 476 varones y 525 mil 677 mujeres. Como se puede constatar, casi el 50 % de votantes h\u00e1biles son mujeres. En contraste, [&hellip;]<\/p>\n","protected":false},"author":1,"featured_media":3353,"comment_status":"open","ping_status":"open","sticky":false,"template":"","format":"standard","meta":{"_monsterinsights_skip_tracking":false,"_monsterinsights_sitenote_active":false,"_monsterinsights_sitenote_note":"","_monsterinsights_sitenote_category":0,"_jetpack_memberships_contains_paid_content":false,"footnotes":"","jetpack_publicize_message":"","jetpack_publicize_feature_enabled":true,"jetpack_social_post_already_shared":false,"jetpack_social_options":{"image_generator_settings":{"template":"highway","default_image_id":0,"font":"","enabled":false},"version":2}},"categories":[1],"tags":[],"class_list":["post-3352","post","type-post","status-publish","format-standard","has-post-thumbnail","hentry","category-sin-categoria"],"blocksy_meta":[],"jetpack_publicize_connections":[],"jetpack_featured_media_url":"https:\/\/derechosinfronteras.pe\/wp-content\/uploads\/2022\/09\/WEB-WEB-MUJERES.jpg","jetpack_sharing_enabled":true,"jetpack_likes_enabled":true,"_links":{"self":[{"href":"https:\/\/derechosinfronteras.pe\/ingles\/wp-json\/wp\/v2\/posts\/3352","targetHints":{"allow":["GET"]}}],"collection":[{"href":"https:\/\/derechosinfronteras.pe\/ingles\/wp-json\/wp\/v2\/posts"}],"about":[{"href":"https:\/\/derechosinfronteras.pe\/ingles\/wp-json\/wp\/v2\/types\/post"}],"author":[{"embeddable":true,"href":"https:\/\/derechosinfronteras.pe\/ingles\/wp-json\/wp\/v2\/users\/1"}],"replies":[{"embeddable":true,"href":"https:\/\/derechosinfronteras.pe\/ingles\/wp-json\/wp\/v2\/comments?post=3352"}],"version-history":[{"count":0,"href":"https:\/\/derechosinfronteras.pe\/ingles\/wp-json\/wp\/v2\/posts\/3352\/revisions"}],"wp:featuredmedia":[{"embeddable":true,"href":"https:\/\/derechosinfronteras.pe\/ingles\/wp-json\/wp\/v2\/media\/3353"}],"wp:attachment":[{"href":"https:\/\/derechosinfronteras.pe\/ingles\/wp-json\/wp\/v2\/media?parent=3352"}],"wp:term":[{"taxonomy":"category","embeddable":true,"href":"https:\/\/derechosinfronteras.pe\/ingles\/wp-json\/wp\/v2\/categories?post=3352"},{"taxonomy":"post_tag","embeddable":true,"href":"https:\/\/derechosinfronteras.pe\/ingles\/wp-json\/wp\/v2\/tags?post=3352"}],"curies":[{"name":"wp","href":"https:\/\/api.w.org\/{rel}","templated":true}]}}