{"id":3354,"date":"2022-09-06T11:06:23","date_gmt":"2022-09-06T16:06:23","guid":{"rendered":"http:\/\/derechosinfronteras.pe\/?p=8351"},"modified":"2022-09-06T11:06:23","modified_gmt":"2022-09-06T16:06:23","slug":"5-de-septiembre-dia-internacional-de-la-mujer-indigena","status":"publish","type":"post","link":"https:\/\/derechosinfronteras.pe\/ingles\/5-de-septiembre-dia-internacional-de-la-mujer-indigena\/","title":{"rendered":"5 de septiembre: D\u00eda Internacional de la Mujer Ind\u00edgena."},"content":{"rendered":"<p>Redacci\u00f3n DHSF<\/p>\n<p>El 5 de septiembre es el D\u00eda de la Mujer Ind\u00edgena, una fecha para conmemorar la resistencia y la lucha hist\u00f3rica de las mujeres por la defensa del territorio y la erradicaci\u00f3n de toda forma de violencia de g\u00e9nero.<\/p>\n<p>Ellas son portadoras y transmisoras de una herencia cultural, dado que ense\u00f1an y difunden sus lenguas originarias y conocimientos ancestrales.<\/p>\n<p>En el pa\u00eds, seg\u00fan el Censo del a\u00f1o 2017, m\u00e1s de 3 millones de peruanas se autoidentificaron como parte de una poblaci\u00f3n ind\u00edgena u originaria.<\/p>\n<p>A lo largo de la historia existieron valerosas mujeres que han jugado un papel importante en la independencia del Per\u00fa y en el desarrollo social, econ\u00f3mico, ambiental, pol\u00edtico y cultural, entre ellas, tenemos a Micaela Bastidas, Mar\u00eda Parado de Bellido y Tomasa Tito Condemayta.<\/p>\n<p>Hoy le rendimos homenaje a ellas y a todas las mujeres de las provincias de Chumbivilcas, Espinar y Paruro, quienes, a pesar de enfrentar la violencia machista y la discriminaci\u00f3n, siguen en pie de lucha para lograr un mundo en igualdad de derechos y oportunidades entre hombres y mujeres.<\/p>\n<p><strong><em>\u00a1Qu\u00e9 vivan las mujeres ind\u00edgenas!<\/em><\/strong><\/p>","protected":false},"excerpt":{"rendered":"<p>Redacci\u00f3n DHSF El 5 de septiembre es el D\u00eda de la Mujer Ind\u00edgena, una fecha para conmemorar la resistencia y la lucha hist\u00f3rica de las mujeres por la defensa del territorio y la erradicaci\u00f3n de toda forma de violencia de g\u00e9nero. Ellas son portadoras y transmisoras de una herencia cultural, dado que ense\u00f1an y difunden [&hellip;]<\/p>\n","protected":false},"author":1,"featured_media":3355,"comment_status":"open","ping_status":"open","sticky":false,"template":"","format":"standard","meta":{"_monsterinsights_skip_tracking":false,"_monsterinsights_sitenote_active":false,"_monsterinsights_sitenote_note":"","_monsterinsights_sitenote_category":0,"_jetpack_memberships_contains_paid_content":false,"footnotes":"","jetpack_publicize_message":"","jetpack_publicize_feature_enabled":true,"jetpack_social_post_already_shared":false,"jetpack_social_options":{"image_generator_settings":{"template":"highway","default_image_id":0,"font":"","enabled":false},"version":2}},"categories":[1],"tags":[],"class_list":["post-3354","post","type-post","status-publish","format-standard","has-post-thumbnail","hentry","category-sin-categoria"],"blocksy_meta":[],"jetpack_publicize_connections":[],"jetpack_featured_media_url":"https:\/\/derechosinfronteras.pe\/wp-content\/uploads\/2022\/09\/Copia_de_seguridad_de_Cintillo-para-web-2019.png","jetpack_sharing_enabled":true,"jetpack_likes_enabled":true,"_links":{"self":[{"href":"https:\/\/derechosinfronteras.pe\/ingles\/wp-json\/wp\/v2\/posts\/3354","targetHints":{"allow":["GET"]}}],"collection":[{"href":"https:\/\/derechosinfronteras.pe\/ingles\/wp-json\/wp\/v2\/posts"}],"about":[{"href":"https:\/\/derechosinfronteras.pe\/ingles\/wp-json\/wp\/v2\/types\/post"}],"author":[{"embeddable":true,"href":"https:\/\/derechosinfronteras.pe\/ingles\/wp-json\/wp\/v2\/users\/1"}],"replies":[{"embeddable":true,"href":"https:\/\/derechosinfronteras.pe\/ingles\/wp-json\/wp\/v2\/comments?post=3354"}],"version-history":[{"count":0,"href":"https:\/\/derechosinfronteras.pe\/ingles\/wp-json\/wp\/v2\/posts\/3354\/revisions"}],"wp:featuredmedia":[{"embeddable":true,"href":"https:\/\/derechosinfronteras.pe\/ingles\/wp-json\/wp\/v2\/media\/3355"}],"wp:attachment":[{"href":"https:\/\/derechosinfronteras.pe\/ingles\/wp-json\/wp\/v2\/media?parent=3354"}],"wp:term":[{"taxonomy":"category","embeddable":true,"href":"https:\/\/derechosinfronteras.pe\/ingles\/wp-json\/wp\/v2\/categories?post=3354"},{"taxonomy":"post_tag","embeddable":true,"href":"https:\/\/derechosinfronteras.pe\/ingles\/wp-json\/wp\/v2\/tags?post=3354"}],"curies":[{"name":"wp","href":"https:\/\/api.w.org\/{rel}","templated":true}]}}