{"id":3360,"date":"2022-08-05T13:01:35","date_gmt":"2022-08-05T18:01:35","guid":{"rendered":"http:\/\/derechosinfronteras.pe\/?p=8317"},"modified":"2022-08-05T13:01:35","modified_gmt":"2022-08-05T18:01:35","slug":"espinar-avmae-participara-en-la-evaluacion-ambiental-de-causalidad-en-ambito-de-la-empresa-antapaccay","status":"publish","type":"post","link":"https:\/\/derechosinfronteras.pe\/ingles\/espinar-avmae-participara-en-la-evaluacion-ambiental-de-causalidad-en-ambito-de-la-empresa-antapaccay\/","title":{"rendered":"Espinar: AVMAE participar\u00e1 en la Evaluaci\u00f3n Ambiental de Causalidad en \u00e1mbito de la empresa Antapaccay"},"content":{"rendered":"<p>Redacci\u00f3n DHSF<\/p>\n<p>La Asociaci\u00f3n de Vigilantes y Monitores Ambientales de Espinar (AVMAE) integrar\u00e1 el equipo fiscalizador que acompa\u00f1ar\u00e1 la Evaluaci\u00f3n Ambiental de Causalidad que realizar\u00e1 el Organismo de Evaluaci\u00f3n y Fiscalizaci\u00f3n Ambiental (OEFA) en la Unidad Minera Antapaccay.<\/p>\n<p>El estudio ambiental abordar\u00e1 el an\u00e1lisis de los componentes de agua, aire, suelo, sedimentos, flora y fauna en respuesta a un aproximado de 60 denuncias ambientales recibidas por OEFA en un lapso de 10 a\u00f1os (2012-2022) relacionadas con el territorio ubicado en torno al proyecto minero Antapaccay en la provincia de Espinar, que afecta a las comunidades originarias.<\/p>\n<p><img fetchpriority=\"high\" decoding=\"async\" class=\"alignnone size-full wp-image-8325\" src=\"http:\/\/derechosinfronteras.pe\/wp-content\/uploads\/2022\/08\/NUEVO-AVMAE.jpg\" alt=\"\" width=\"755\" height=\"469\" \/><\/p>\n<p>Por lo tanto, las y los monitores, en pleno ejercicio de su derecho a la participaci\u00f3n ciudadana y vigilancia ambiental, verificar\u00e1n que el proceso se lleve de manera transparente en la cuenca hidrogr\u00e1fica del r\u00edo Ca\u00f1ip\u00eda y Salado. Posteriormente, dicho organismo de fiscalizaci\u00f3n ambiental enviar\u00e1 sus muestras a los laboratorios acreditados cuyos resultados permitir\u00e1n determinar la relaci\u00f3n causal entre la alteraci\u00f3n de la calidad de los componentes ambientales con la identificaci\u00f3n de las posibles fuentes de contaminaci\u00f3n asociadas a la actividad extractiva minera.<\/p>\n<p>Dentro del grupo de los monitores se encuentran pobladores de diversas comunidades y estudiantes del Instituto Polit\u00e9cnico del Sur.<\/p>\n<p><strong>DETALLES<\/strong><\/p>\n<p>Como parte de las acciones previas, el personal t\u00e9cnico del OEFA capacit\u00f3 ayer a los monitores en el tema de las implicancias de la Evaluaci\u00f3n Ambiental de Causalidad, monitoreo ambiental de agua y sedimentos, as\u00ed tambi\u00e9n realiz\u00f3 una pr\u00e1ctica en campo.<\/p>\n<p><img decoding=\"async\" class=\"alignnone size-large wp-image-8318\" src=\"http:\/\/derechosinfronteras.pe\/wp-content\/uploads\/2022\/08\/WhatsApp-Image-2022-08-05-at-10.48.56-AM-6-1024x768.jpeg\" alt=\"Em\" width=\"715\" height=\"536\" \/><\/p>\n<p>Participaron en esta capacitaci\u00f3n monitores y estudiantes del Instituto Polit\u00e9cnico del Sur, el equipo t\u00e9cnico de Derechos Humanos Sin Fronteras y funcionarios del OEFA.<\/p>\n<p><img decoding=\"async\" class=\"alignnone size-large wp-image-8319\" src=\"http:\/\/derechosinfronteras.pe\/wp-content\/uploads\/2022\/08\/WhatsApp-Image-2022-08-05-at-10.48.56-AM-1-1024x768.jpeg\" alt=\"\" width=\"715\" height=\"536\" \/><\/p>\n<p>Esta actividad se realiz\u00f3 a solicitud de la AVMAE a partir de su experiencia en la vigilancia ciudadana y en el marco de su constante formaci\u00f3n y capacitaci\u00f3n para el cuidado y protecci\u00f3n del medio ambiente.<\/p>\n<p>Cabe resaltar que, el pasado 23 de marzo, esta organizaci\u00f3n social present\u00f3 los hallazgos encontrados durante 7 a\u00f1os de monitoreo ambiental comunitario en la cuenca del r\u00edo Ca\u00f1ip\u00eda.<\/p>\n<p><a href=\"https:\/\/derechosinfronteras.pe\/ingles\/siete-anos-de-monitoreo-ambiental-comunitario-en-espinar-cual-es-la-situacion-actual-de-la-calidad-del-agua\/\">AQU\u00cd<\/a>, puedes leer el informe de la AVMAE<\/p>","protected":false},"excerpt":{"rendered":"<p>Redacci\u00f3n DHSF La Asociaci\u00f3n de Vigilantes y Monitores Ambientales de Espinar (AVMAE) integrar\u00e1 el equipo fiscalizador que acompa\u00f1ar\u00e1 la Evaluaci\u00f3n Ambiental de Causalidad que realizar\u00e1 el Organismo de Evaluaci\u00f3n y Fiscalizaci\u00f3n Ambiental (OEFA) en la Unidad Minera Antapaccay. El estudio ambiental abordar\u00e1 el an\u00e1lisis de los componentes de agua, aire, suelo, sedimentos, flora y fauna [&hellip;]<\/p>\n","protected":false},"author":1,"featured_media":3361,"comment_status":"open","ping_status":"open","sticky":false,"template":"","format":"standard","meta":{"_monsterinsights_skip_tracking":false,"_monsterinsights_sitenote_active":false,"_monsterinsights_sitenote_note":"","_monsterinsights_sitenote_category":0,"_jetpack_memberships_contains_paid_content":false,"footnotes":"","jetpack_publicize_message":"","jetpack_publicize_feature_enabled":true,"jetpack_social_post_already_shared":false,"jetpack_social_options":{"image_generator_settings":{"template":"highway","default_image_id":0,"font":"","enabled":false},"version":2}},"categories":[1],"tags":[],"class_list":["post-3360","post","type-post","status-publish","format-standard","has-post-thumbnail","hentry","category-sin-categoria"],"blocksy_meta":[],"jetpack_publicize_connections":[],"jetpack_featured_media_url":"https:\/\/derechosinfronteras.pe\/wp-content\/uploads\/2022\/08\/WhatsApp-Image-2022-08-05-at-10.48.57-AM-1-1.jpeg","jetpack_sharing_enabled":true,"jetpack_likes_enabled":true,"_links":{"self":[{"href":"https:\/\/derechosinfronteras.pe\/ingles\/wp-json\/wp\/v2\/posts\/3360","targetHints":{"allow":["GET"]}}],"collection":[{"href":"https:\/\/derechosinfronteras.pe\/ingles\/wp-json\/wp\/v2\/posts"}],"about":[{"href":"https:\/\/derechosinfronteras.pe\/ingles\/wp-json\/wp\/v2\/types\/post"}],"author":[{"embeddable":true,"href":"https:\/\/derechosinfronteras.pe\/ingles\/wp-json\/wp\/v2\/users\/1"}],"replies":[{"embeddable":true,"href":"https:\/\/derechosinfronteras.pe\/ingles\/wp-json\/wp\/v2\/comments?post=3360"}],"version-history":[{"count":0,"href":"https:\/\/derechosinfronteras.pe\/ingles\/wp-json\/wp\/v2\/posts\/3360\/revisions"}],"wp:featuredmedia":[{"embeddable":true,"href":"https:\/\/derechosinfronteras.pe\/ingles\/wp-json\/wp\/v2\/media\/3361"}],"wp:attachment":[{"href":"https:\/\/derechosinfronteras.pe\/ingles\/wp-json\/wp\/v2\/media?parent=3360"}],"wp:term":[{"taxonomy":"category","embeddable":true,"href":"https:\/\/derechosinfronteras.pe\/ingles\/wp-json\/wp\/v2\/categories?post=3360"},{"taxonomy":"post_tag","embeddable":true,"href":"https:\/\/derechosinfronteras.pe\/ingles\/wp-json\/wp\/v2\/tags?post=3360"}],"curies":[{"name":"wp","href":"https:\/\/api.w.org\/{rel}","templated":true}]}}