{"id":3363,"date":"2022-08-04T12:02:33","date_gmt":"2022-08-04T17:02:33","guid":{"rendered":"http:\/\/derechosinfronteras.pe\/?p=8303"},"modified":"2022-08-04T12:02:33","modified_gmt":"2022-08-04T17:02:33","slug":"feminicidios-en-espinar-y-chumbivilcas-indignacion-por-expresiones-de-violencia-e-inaccion-de-las-autoridades-locales","status":"publish","type":"post","link":"https:\/\/derechosinfronteras.pe\/ingles\/feminicidios-en-espinar-y-chumbivilcas-indignacion-por-expresiones-de-violencia-e-inaccion-de-las-autoridades-locales\/","title":{"rendered":"Feminicidios en Espinar y Chumbivilcas:  indignaci\u00f3n por expresiones de violencia e inacci\u00f3n de las autoridades locales"},"content":{"rendered":"<p>Redacci\u00f3n DHSF<\/p>\n<p>Dos casos de feminicidio se registraron en las provincias de Espinar y Chumbivilcas, regi\u00f3n de Cusco, los cuales han sido motivo de indignaci\u00f3n y preocupaci\u00f3n por la violencia de g\u00e9nero y la inacci\u00f3n de las autoridades locales frente a esta problem\u00e1tica social.<\/p>\n<p><strong>ESPINAR<\/strong><\/p>\n<p>Juan Guzm\u00e1n Cuyo Arosquipa fue sentenciado, el 2 de agosto \u00faltimo, por conclusi\u00f3n anticipada a 19 a\u00f1os, 8 meses y 17 d\u00edas de pena privativa de libertad efectiva por el feminicidio de su esposa Genoveva Kana Huillca.<\/p>\n<p>El titular de la Fiscal\u00eda Provincial Penal de Espinar, Julio N\u00e9stor N\u00fa\u00f1ez Zeballos, sustent\u00f3 su acusaci\u00f3n frente al Juzgado Colegiado Especializado en Violencia Familiar de Cusco, que dict\u00f3 sentencia condenatoria contra el imputado.<\/p>\n<p>El 12 de julio del 2021, la v\u00edctima denunci\u00f3 al sentenciado por agresi\u00f3n f\u00edsica y psicol\u00f3gica, por lo que el Juez Mixto de Espinar dict\u00f3 medidas de protecci\u00f3n contra Juan Guzm\u00e1n Cuyo. Orden\u00f3 la abstenci\u00f3n de todo tipo de agresi\u00f3n, prohibi\u00f3 entablar conversaciones para proferir insultos y no ingerir bebidas alcoh\u00f3licas para evitar los constantes maltratos f\u00edsicos y psicol\u00f3gicos.<\/p>\n<p>Tres d\u00edas despu\u00e9s, al promediar el mediod\u00eda, la v\u00edctima lleg\u00f3 a casa de sus primos Nalio Ccorahua Chaupi y Mar\u00eda Arosquipa Ninahuam\u00e1n en la comunidad de Hatun Ayracollana, distrito de Coporaque, para solucionar algunos problemas de terrenos. Aproximadamente a las 2 de la tarde lleg\u00f3 el esposo sentenciado con unas cervezas en su mochila, por lo que bebieron hasta las 5 de la tarde. Durante la reuni\u00f3n, la v\u00edctima habr\u00eda realizado comentarios que encendieron los celos del esposo, hecho que no justifica la violencia.<\/p>\n<p>Cuando Genoveva pretend\u00eda retirarse, los due\u00f1os de la casa la convencieron para que se quede en la habitaci\u00f3n donde se encontraban reunidos. La v\u00edctima se encontraba recostada en la cama y Juan Guzm\u00e1n, provisto de una piedra, golpe\u00f3 a su esposa en la frente y luego en la nuca, ocasion\u00e1ndole la muerte.<\/p>\n<p>El sentenciado, en complicidad con los due\u00f1os de la casa, pretendi\u00f3 esconder las evidencias del hecho. Limpi\u00f3 el lugar, traslad\u00f3 el cuerpo y la moto de la v\u00edctima fuera del sector. Posteriormente present\u00f3 una falsa denuncia por abandono de hogar ante la Polic\u00eda.<\/p>\n<p>Cabe precisar que se encuentra pendiente el pronunciamiento por el delito de encubrimiento real en contra de Nalio Chaupi Ccorahua y el sentenciado Juan Guzm\u00e1n Cuyo Arosquipa.<\/p>\n<p><strong>CHUMBIVILCAS<\/strong><\/p>\n<p>Nueve meses de prisi\u00f3n preventiva dictaron para Washington Huaman\u00ed Pacco (52), acusado por la presunta comisi\u00f3n del delito contra la vida, el cuerpo y la salud, en la modalidad de homicidio, subtipo feminicidio, en agravio de su esposa G.A.CH. (48). El crimen ocurri\u00f3 en la comunidad campesina de Huancan\u00e9, en el distrito de Livitaca.<\/p>\n<p>La fiscal adjunta Provincial de Apoyo a la Fiscal\u00eda Provincial Especializada Corporativa en Violencia Contra la Mujer e Integrantes del Grupo Familiar de Chumbivilcas, Ver\u00f3nica Acurio Salazar, a cargo del caso, sustent\u00f3 los hechos que originaron el pedido de prisi\u00f3n preventiva y el Juzgado de Investigaci\u00f3n Preparatoria de Santo Tom\u00e1s aprob\u00f3 la medida restrictiva.<\/p>\n<p>En la tarde, a las 18.00 horas del 23 de julio del 2022, el imputado y la agraviada fueron observados por su vecina Mar\u00eda Huachuco Pocco. Ella declar\u00f3 que los esposos se encontraban caminando por la trocha carrozable. La agraviada caminaba a unos cuantos pasos delante del imputado y llegaron a desaparecer ambos en destino a un cerro, lo que dificult\u00f3 su visibilidad.<\/p>\n<p>En ese lugar, el imputado aprovech\u00f3 para asesinar a la mujer a pedradas y asest\u00e1ndole tres estocadas en la cabeza con un desarmador. Al ver a su v\u00edctima agonizante la asfixi\u00f3.<\/p>\n<p><strong>PRONUNCIAMIENTO<\/strong><\/p>\n<p>La presidenta de la Asociaci\u00f3n de Mujeres Defensoras del Territorio y Cultura K\u2019ana, Elsa Merma, record\u00f3 la movilizaci\u00f3n realizada en Espinar luego del feminicidio en contra de Genoveva Kana Huillca.<\/p>\n<p>\u201cSe cambi\u00f3 a la Polic\u00eda (para que haya una mejor atenci\u00f3n a las v\u00edctimas), pero no hay avances. Hay mujeres (denunciantes) que est\u00e1n en la puerta de la comisar\u00eda y ni siquiera son bien orientadas. En Espinar hay mucha violencia y no hay justicia. Mientras que, las reuniones de la Instancia Provincial de Concertaci\u00f3n para Erradicar la Violencia contra la Mujer e Integrantes del Grupo Familiar se est\u00e1n suspendiendo. La mujer violentada viene triste (a pedir ayuda a las instituciones), sicol\u00f3gicamente afectada, \u00bfqu\u00e9 le queda si no la atienden de manera correcta? regresar a la casa con el agresor. Y tienen que aguantar todo tipo de violencia\u201d, lament\u00f3.<\/p>\n<p>En tanto, la expresidenta de la Organizaci\u00f3n de Mujeres del Distrito de Livitaca \u201cVirgen de Natividad e integrante de las defensor\u00edas comunitarias, Nelly Molero, inform\u00f3 que en realidad son dos casos de feminicidio en el distrito, uno ocurrido en junio y el otro en julio. Este \u00faltimo en contra de G.A.CH. (48).<\/p>\n<p>\u201cHay bastante machismo en Livitaca, a muchas compa\u00f1eras sus parejas no les permiten venir a las reuniones de la organizaci\u00f3n. Se ha instalado la Instancia Distrital de Concertaci\u00f3n para la Erradicaci\u00f3n de la Violencia contra la Mujer e Integrantes del Grupo Familiar, pero no est\u00e1n actuando (con celeridad), tampoco la Polic\u00eda lo hace. La mayor\u00eda de los casos est\u00e1n quedando impugnes. Mandan (a las v\u00edctimas) al distrito de Santo Tom\u00e1s y por falta de econom\u00eda (para su traslado) dejan su caso. Tambi\u00e9n les piden pruebas y como no tienen, abandonan sus casos\u201d, expres\u00f3.<\/p>","protected":false},"excerpt":{"rendered":"<p>Redacci\u00f3n DHSF Dos casos de feminicidio se registraron en las provincias de Espinar y Chumbivilcas, regi\u00f3n de Cusco, los cuales han sido motivo de indignaci\u00f3n y preocupaci\u00f3n por la violencia de g\u00e9nero y la inacci\u00f3n de las autoridades locales frente a esta problem\u00e1tica social. ESPINAR Juan Guzm\u00e1n Cuyo Arosquipa fue sentenciado, el 2 de agosto [&hellip;]<\/p>\n","protected":false},"author":1,"featured_media":3364,"comment_status":"open","ping_status":"open","sticky":false,"template":"","format":"standard","meta":{"_monsterinsights_skip_tracking":false,"_monsterinsights_sitenote_active":false,"_monsterinsights_sitenote_note":"","_monsterinsights_sitenote_category":0,"_jetpack_memberships_contains_paid_content":false,"footnotes":"","jetpack_publicize_message":"","jetpack_publicize_feature_enabled":true,"jetpack_social_post_already_shared":false,"jetpack_social_options":{"image_generator_settings":{"template":"highway","default_image_id":0,"font":"","enabled":false},"version":2}},"categories":[1],"tags":[],"class_list":["post-3363","post","type-post","status-publish","format-standard","has-post-thumbnail","hentry","category-sin-categoria"],"blocksy_meta":[],"jetpack_publicize_connections":[],"jetpack_featured_media_url":"https:\/\/derechosinfronteras.pe\/wp-content\/uploads\/2022\/08\/2-FOTO-FEMINICIDIOS-scaled-1.jpg","jetpack_sharing_enabled":true,"jetpack_likes_enabled":true,"_links":{"self":[{"href":"https:\/\/derechosinfronteras.pe\/ingles\/wp-json\/wp\/v2\/posts\/3363","targetHints":{"allow":["GET"]}}],"collection":[{"href":"https:\/\/derechosinfronteras.pe\/ingles\/wp-json\/wp\/v2\/posts"}],"about":[{"href":"https:\/\/derechosinfronteras.pe\/ingles\/wp-json\/wp\/v2\/types\/post"}],"author":[{"embeddable":true,"href":"https:\/\/derechosinfronteras.pe\/ingles\/wp-json\/wp\/v2\/users\/1"}],"replies":[{"embeddable":true,"href":"https:\/\/derechosinfronteras.pe\/ingles\/wp-json\/wp\/v2\/comments?post=3363"}],"version-history":[{"count":0,"href":"https:\/\/derechosinfronteras.pe\/ingles\/wp-json\/wp\/v2\/posts\/3363\/revisions"}],"wp:featuredmedia":[{"embeddable":true,"href":"https:\/\/derechosinfronteras.pe\/ingles\/wp-json\/wp\/v2\/media\/3364"}],"wp:attachment":[{"href":"https:\/\/derechosinfronteras.pe\/ingles\/wp-json\/wp\/v2\/media?parent=3363"}],"wp:term":[{"taxonomy":"category","embeddable":true,"href":"https:\/\/derechosinfronteras.pe\/ingles\/wp-json\/wp\/v2\/categories?post=3363"},{"taxonomy":"post_tag","embeddable":true,"href":"https:\/\/derechosinfronteras.pe\/ingles\/wp-json\/wp\/v2\/tags?post=3363"}],"curies":[{"name":"wp","href":"https:\/\/api.w.org\/{rel}","templated":true}]}}