{"id":3365,"date":"2022-07-14T16:33:44","date_gmt":"2022-07-14T21:33:44","guid":{"rendered":"http:\/\/derechosinfronteras.pe\/?p=8290"},"modified":"2023-12-28T20:31:42","modified_gmt":"2023-12-29T01:31:42","slug":"i-congreso-provincial-de-la-plataforma-de-afectados-por-metales-toxicos-espinar-cusco","status":"publish","type":"post","link":"https:\/\/derechosinfronteras.pe\/ingles\/i-congreso-provincial-de-la-plataforma-de-afectados-por-metales-toxicos-espinar-cusco\/","title":{"rendered":"I Congreso Provincial de la Plataforma de Afectados por Metales T\u00f3xicos Espinar \u2013 Cusco"},"content":{"rendered":"<p>Redacci\u00f3n DHSF<\/p>\n<p>La provincia de Espinar fue el escenario del I Congreso Provincial de la Plataforma de Afectados por Metales T\u00f3xicos Espinar &#8211; Cusco, que se desarroll\u00f3, el pasado 10 de julio, en el teatro municipal del distrito de Yauri, provincia de Espinar.<\/p>\n<p>La actividad, organizada por la Plataforma de Afectados por Metales T\u00f3xicos Espinar \u2013 Cusco, con el apoyo de la Plataforma Nacional de Afectados y Afectadas por Metales, Metaloides y Otras Sustancias Qu\u00edmicas T\u00f3xicas y Mesa T\u00e9cnica de Salud Ambiental y Humana, convoc\u00f3 a varios actores de la sociedad civil, instituciones p\u00fablicas (Organismo de Evaluaci\u00f3n y Fiscalizaci\u00f3n Ambiental \u2013 OEFA y Gerencia Regional de Salud &#8211; GERESA) y exautoridades a fin de reflexionar sobre los logros en favor de la poblaci\u00f3n expuesta y afectada por t\u00f3xicos a nivel nacional.<\/p>\n<p>La participaci\u00f3n de autoridades de comunidades campesinas, organizaciones sociales de base como el Frente \u00danico de la Juventud Espinarense K\u00b4ana (FUJEK), Federaci\u00f3n Unificada de Campesinos de Espinar (FUCAE) y dirigentes de la provincia de Chumbivilcas y Cusco fue importante porque evidenciaron la contaminaci\u00f3n ambiental de las zonas afectadas por metales pesados a trav\u00e9s de estudios de impacto ambiental y an\u00e1lisis realizados por el OEFA y la Autoridad Nacional del Agua (ANA).<\/p>\n<p>En el a\u00f1o 2012 estas instituciones emitieron resultados alarmantes sobre la situaci\u00f3n ambiental en Espinar, cifra que actualmente no ha variado principalmente en el componente de agua de consumo humano. En un informe presentado dentro de una comisi\u00f3n multisectorial para evaluar los posibles da\u00f1os de la provincia de Espinar, mostraron que, entre el 2012 al 2021, de 157 puntos analizados, 129 de ellos ten\u00edan presencia de sustancias t\u00f3xicas como mercurio, plomo, ars\u00e9nico, cadmio, entre otros.<\/p>\n<p>La expremier Mirtha V\u00e1zquez resalt\u00f3 los avances y los desaf\u00edos para implementar el Plan Especial Multisectorial. Mientras que, el excongresista y actual director de Derechos Humanos Sin Fronteras, Oracio Pacori, precis\u00f3 la necesidad de implementar pol\u00edticas p\u00fablicas para la atenci\u00f3n integral a los afectados por metales t\u00f3xicos e hizo un an\u00e1lisis del proyecto de Ley 31189 &#8211; Ley para fortalecer la prevenci\u00f3n, mitigaci\u00f3n y atenci\u00f3n a la salud afectada por la contaminaci\u00f3n con metales pesados y otras sustancias qu\u00edmicas.<\/p>\n<p>Por su parte, Karem Luque, equipo de Derechos Humanos Sin Fronteras y coordinadora de la Mesa T\u00e9cnica de Salud Ambiental y Humana, analiz\u00f3 la situaci\u00f3n de abandono en que se encuentra la provincia de Espinar debido a la desidia de las autoridades locales. Asimismo, resalt\u00f3 que parte de la lucha de la provincia de Espinar fue establecido en una agenda nacional que actualmente se forma a trav\u00e9s de una Plataforma Nacional de Afectados y Afectadas por metales, metaloides y otras sustancias qu\u00edmicas t\u00f3xicas, en la cual se ha logrado bastantes pol\u00edticas como el Decreto Supremo N\u00b0 037-2021\/MINAM, Ley 31189 y un presupuesto de hasta 50 millones de soles para la atenci\u00f3n de personas afectadas por sustancias toxicas, finalmente, tienen una sentencia a favor de los afectados por sustancias t\u00f3xicas de la provincia de Espinar.<\/p>\n<p>Los defensores ambientales de Cusco manifestaron sobre la contaminaci\u00f3n ambiental que causa las fabricas artesanales de tejas y ladrilleras que son los contaminantes nocturnos en el distrito de San Jer\u00f3nimo.<\/p>\n<p>En el evento tambi\u00e9n estuvieron los pobladores de la zona de Chumbivilcas, quienes se encuentran en el proceso de extractivismo y este podr\u00eda recaer en un problema de salud.<\/p>\n<p><strong>A continuaci\u00f3n, compartimos los acuerdos:<\/strong><\/p>\n<ul>\n<li>Fortalecimiento de la Plataforma de Afectados por Metales T\u00f3xicos Espinar \u2013 Cusco con incorporaci\u00f3n de m\u00e1s organizaciones sociales y comunidades campesinas que est\u00e1n aisladas.<\/li>\n<li>Puesta en marcha el Plan Especial Multisectorial para la intervenci\u00f3n integral a favor de la poblaci\u00f3n expuesta a metales pesados, metaloides y otras sustancias qu\u00edmicas t\u00f3xicas.<\/li>\n<li>Seguir con los estudios y an\u00e1lisis del OEFA y la ANA.<\/li>\n<li>Incorporaci\u00f3n de la Plataforma de Afectados por Metales T\u00f3xicos Espinar \u2013 Cusco a todas las mesas t\u00e9cnicas, desde el gobierno regional, provincial y local.<\/li>\n<li>Realizar el I Congreso Macro Sur del Per\u00fa de Afectados por la Contaminaci\u00f3n de Metales Pesados en Puno en el mes de agosto.<\/li>\n<\/ul>\n<p>&nbsp;<\/p>","protected":false},"excerpt":{"rendered":"<p>Redacci\u00f3n DHSF La provincia de Espinar fue el escenario del I Congreso Provincial de la Plataforma de Afectados por Metales T\u00f3xicos Espinar &#8211; Cusco, que se desarroll\u00f3, el pasado 10 de julio, en el teatro municipal del distrito de Yauri, provincia de Espinar. La actividad, organizada por la Plataforma de Afectados por Metales T\u00f3xicos Espinar [&hellip;]<\/p>\n","protected":false},"author":1,"featured_media":3366,"comment_status":"open","ping_status":"open","sticky":false,"template":"","format":"standard","meta":{"_monsterinsights_skip_tracking":false,"_monsterinsights_sitenote_active":false,"_monsterinsights_sitenote_note":"","_monsterinsights_sitenote_category":0,"_jetpack_memberships_contains_paid_content":false,"footnotes":"","jetpack_publicize_message":"","jetpack_publicize_feature_enabled":true,"jetpack_social_post_already_shared":false,"jetpack_social_options":{"image_generator_settings":{"template":"highway","default_image_id":0,"font":"","enabled":false},"version":2}},"categories":[1],"tags":[],"class_list":["post-3365","post","type-post","status-publish","format-standard","has-post-thumbnail","hentry","category-sin-categoria"],"blocksy_meta":[],"jetpack_publicize_connections":[],"jetpack_featured_media_url":"https:\/\/derechosinfronteras.pe\/wp-content\/uploads\/2022\/07\/IMG_9210-scaled-2.jpg","jetpack_sharing_enabled":true,"jetpack_likes_enabled":true,"_links":{"self":[{"href":"https:\/\/derechosinfronteras.pe\/ingles\/wp-json\/wp\/v2\/posts\/3365","targetHints":{"allow":["GET"]}}],"collection":[{"href":"https:\/\/derechosinfronteras.pe\/ingles\/wp-json\/wp\/v2\/posts"}],"about":[{"href":"https:\/\/derechosinfronteras.pe\/ingles\/wp-json\/wp\/v2\/types\/post"}],"author":[{"embeddable":true,"href":"https:\/\/derechosinfronteras.pe\/ingles\/wp-json\/wp\/v2\/users\/1"}],"replies":[{"embeddable":true,"href":"https:\/\/derechosinfronteras.pe\/ingles\/wp-json\/wp\/v2\/comments?post=3365"}],"version-history":[{"count":4,"href":"https:\/\/derechosinfronteras.pe\/ingles\/wp-json\/wp\/v2\/posts\/3365\/revisions"}],"predecessor-version":[{"id":7037,"href":"https:\/\/derechosinfronteras.pe\/ingles\/wp-json\/wp\/v2\/posts\/3365\/revisions\/7037"}],"wp:featuredmedia":[{"embeddable":true,"href":"https:\/\/derechosinfronteras.pe\/ingles\/wp-json\/wp\/v2\/media\/3366"}],"wp:attachment":[{"href":"https:\/\/derechosinfronteras.pe\/ingles\/wp-json\/wp\/v2\/media?parent=3365"}],"wp:term":[{"taxonomy":"category","embeddable":true,"href":"https:\/\/derechosinfronteras.pe\/ingles\/wp-json\/wp\/v2\/categories?post=3365"},{"taxonomy":"post_tag","embeddable":true,"href":"https:\/\/derechosinfronteras.pe\/ingles\/wp-json\/wp\/v2\/tags?post=3365"}],"curies":[{"name":"wp","href":"https:\/\/api.w.org\/{rel}","templated":true}]}}