{"id":3371,"date":"2022-06-30T09:57:27","date_gmt":"2022-06-30T14:57:27","guid":{"rendered":"http:\/\/derechosinfronteras.pe\/?p=8269"},"modified":"2022-06-30T09:57:27","modified_gmt":"2022-06-30T14:57:27","slug":"union-europea-debida-diligencia-para-resolver-la-negligencia-empresarial","status":"publish","type":"post","link":"https:\/\/derechosinfronteras.pe\/ingles\/union-europea-debida-diligencia-para-resolver-la-negligencia-empresarial\/","title":{"rendered":"Uni\u00f3n Europea: Debida diligencia para resolver la negligencia empresarial"},"content":{"rendered":"<p style=\"text-align: right;\"><em>Por: Helio Cruz Chuchullo \u2013 \u00c1rea Legal de DHSF\u00a0<\/em><\/p>\n<p>Las dos \u00faltimas d\u00e9cadas en el Per\u00fa, paralelo a la explotaci\u00f3n de recursos naturales, se ha seguido de forma continua los conflictos sociales en los que se expone un contexto de violaci\u00f3n de derechos humanos, entre los cuales se destacan la contaminaci\u00f3n ambiental, afectaci\u00f3n a la salud de las personas, despojo de sus territorios, grave afectaci\u00f3n a la identidad cultural, criminalizaci\u00f3n o persecuci\u00f3n penal contra los defensores representantes sociales, incumplimiento de acuerdos que suscriben comunidades impactadas y empresa extractiva, entre otros.<\/p>\n<p>Por un lado, la empresa extractiva se beneficia con los recursos naturales y, por otro lado, las comunidades enfrentan impactos y afectaciones ambientales que empeora su calidad de vida, su econom\u00eda, su organizaci\u00f3n, su cultura hacen evidente una forma de convivencia conflictiva y diametralmente opuestas en intereses, as\u00ed como toda una sistem\u00e1tica afectaci\u00f3n de derechos humanos que el Estado no logra resolver.<\/p>\n<p>Las comunidades afectadas por las empresas extractivas, adem\u00e1s, sienten el abandono del Estado al no haber implementado mecanismos de participaci\u00f3n ciudadana, consulta y consentimiento previo libre e informado antes de ser aprobado los estudios de impacto ambiental y decidir los t\u00e9rminos y condiciones para la explotaci\u00f3n de recursos naturales. El Estado peruano adem\u00e1s ha aprobado pol\u00edticas de flexibilizaci\u00f3n de normas ambientales.<\/p>\n<p>En el Per\u00fa para resolver los conflictos sociales normalmente se acude a la declaratoria de estado de emergencia, al enfrentamiento de las fuerzas del orden (polic\u00eda) contra la poblaci\u00f3n dejando como resultado personas heridas de bala y otros con perdigones, se recurre tambi\u00e9n a la suscripci\u00f3n de convenios policiales e instalaci\u00f3n de comisarias dentro de las operaciones mineras.<\/p>\n<p>Dicho lo anterior resulta necesario emprender mecanismos de soluci\u00f3n que puedan contribuir al mejor relacionamiento de comunidades y empresas extractivas.<\/p>\n<p>Durante este mes, en Europa se desarrolla la campa\u00f1a \u00abEspinar no puede esperar\u00bb con la finalidad de exigir al parlamento europeo la aprobaci\u00f3n de la Directiva de Debida Diligencia. Esta directiva puede abrir paso a la soluci\u00f3n de problem\u00e1ticas frente a la negligencia empresarial que explota recursos naturales sin efectivizar est\u00e1ndares de derechos humanos.<\/p>\n<p>El proyecto de Directiva de Debida Diligencia de la Uni\u00f3n Europea ser\u00e1 un instrumento que haga efectiva la protecci\u00f3n de los derechos humanos contemplados en los convenios internacionales del cual el Per\u00fa es parte. Enfatizamos el derecho al medio ambiente libre de contaminaci\u00f3n, incluso ante la gravedad y probabilidad de impactos\/afectaciones se disponga de medidas prioritarias que eviten poner en situaci\u00f3n de riesgo a las personas que habitan alrededor del proyecto extractivo.<\/p>\n<p>Es importante que las empresas extractivas incorporen en su c\u00f3digo de conducta los derechos humanos para ser respetados y garantizar su plena vigencia. As\u00ed como identificar riesgos sean estos de \u00edndole ambiental, social, cultural, econ\u00f3mica y pol\u00edtica, para ser atendidos en la reducci\u00f3n de sus impactos.<\/p>\n<p>De acuerdo a la directiva las empresas deber\u00e1n implementar procedimientos para atender demandas o solicitudes de atenci\u00f3n sobre afectaci\u00f3n de derechos humanos o el medio ambiente que est\u00e9 vinculada con la actividad empresarial, ello no solo en Europa, sino con las empresas que son filiales en los Estados o que forman parte de su cadena de suministro.<\/p>\n<p><strong>LA ESPERANZA PARA ESPINAR<\/strong><\/p>\n<p>Tras largos a\u00f1os de lucha por ambiente y calidad de vida de las comunidades ind\u00edgenas pertenecientes a la naci\u00f3n k&#8217;ana y personas afectadas por los impactos de la empresa extractiva, amparado en el principio precautorio. Tambi\u00e9n lo podr\u00e1n hacer los sindicatos o formas de organizaci\u00f3n de trabajadores de la cadena de suministro, as\u00ed como las entidades de la sociedad civil.<\/p>\n<p>Este podr\u00eda ser el camino de esperanza para Espinar porque en esa misma provincia se ha concluido que las personas tienen en el cuerpo metales t\u00f3xicos que degradan su calidad de vida, as\u00ed mismo se ha encontrado en los recursos h\u00eddricos presencia de esos metales, el medio ambiente est\u00e1 expuesto a contaminaci\u00f3n derivado del material particulado (polvo), la falta de cumplimiento de acuerdos que se suscriben y la omisi\u00f3n de procesos de consulta \u2013 consentimiento previo libre e informado.<\/p>\n<p>Volviendo a la campa\u00f1a \u00abEspinar no puede esperar\u00bb, es importante resaltar la necesidad vinculante de implementar procesos de consulta \u2013 consentimiento, tener claro la aplicaci\u00f3n del principio precautorio en cuanto a los riesgos ambientales e impactos negativos, considerar la cadena de valor en la cual se debe implementar el c\u00f3digo de conducta, principalmente el ejercicio y protecci\u00f3n de los derechos humanos aplicable a las naciones en la que se explota recursos naturales a trav\u00e9s de empresas filiales y\/o relacionadas con inversiones de la Uni\u00f3n Europea.<\/p>\n<p>Es urgente que el Per\u00fa encaminemos una Ley de Debida Diligencia como parte del debate de las pol\u00edticas p\u00fablicas sobre las Empresas y Derechos Humanos, atendiendo a los impactos ambientales y al cambio clim\u00e1tico acelerado urge establecer reglas que garanticen que los pobladores obtengan mejor calidad de vida y acceso a servicios b\u00e1sicos.<\/p>\n<p><em>Art\u00edculo publicado en la revista Pulso Regional edici\u00f3n julio<\/em><\/p>","protected":false},"excerpt":{"rendered":"<p>Por: Helio Cruz Chuchullo \u2013 \u00c1rea Legal de DHSF\u00a0 Las dos \u00faltimas d\u00e9cadas en el Per\u00fa, paralelo a la explotaci\u00f3n de recursos naturales, se ha seguido de forma continua los conflictos sociales en los que se expone un contexto de violaci\u00f3n de derechos humanos, entre los cuales se destacan la contaminaci\u00f3n ambiental, afectaci\u00f3n a la [&hellip;]<\/p>\n","protected":false},"author":1,"featured_media":3372,"comment_status":"open","ping_status":"open","sticky":false,"template":"","format":"standard","meta":{"_monsterinsights_skip_tracking":false,"_monsterinsights_sitenote_active":false,"_monsterinsights_sitenote_note":"","_monsterinsights_sitenote_category":0,"_jetpack_memberships_contains_paid_content":false,"footnotes":"","jetpack_publicize_message":"","jetpack_publicize_feature_enabled":true,"jetpack_social_post_already_shared":false,"jetpack_social_options":{"image_generator_settings":{"template":"highway","default_image_id":0,"font":"","enabled":false},"version":2}},"categories":[1],"tags":[],"class_list":["post-3371","post","type-post","status-publish","format-standard","has-post-thumbnail","hentry","category-sin-categoria"],"blocksy_meta":[],"jetpack_publicize_connections":[],"jetpack_featured_media_url":"https:\/\/derechosinfronteras.pe\/wp-content\/uploads\/2022\/06\/AAAhELIO.jpg","jetpack_sharing_enabled":true,"jetpack_likes_enabled":true,"_links":{"self":[{"href":"https:\/\/derechosinfronteras.pe\/ingles\/wp-json\/wp\/v2\/posts\/3371","targetHints":{"allow":["GET"]}}],"collection":[{"href":"https:\/\/derechosinfronteras.pe\/ingles\/wp-json\/wp\/v2\/posts"}],"about":[{"href":"https:\/\/derechosinfronteras.pe\/ingles\/wp-json\/wp\/v2\/types\/post"}],"author":[{"embeddable":true,"href":"https:\/\/derechosinfronteras.pe\/ingles\/wp-json\/wp\/v2\/users\/1"}],"replies":[{"embeddable":true,"href":"https:\/\/derechosinfronteras.pe\/ingles\/wp-json\/wp\/v2\/comments?post=3371"}],"version-history":[{"count":0,"href":"https:\/\/derechosinfronteras.pe\/ingles\/wp-json\/wp\/v2\/posts\/3371\/revisions"}],"wp:featuredmedia":[{"embeddable":true,"href":"https:\/\/derechosinfronteras.pe\/ingles\/wp-json\/wp\/v2\/media\/3372"}],"wp:attachment":[{"href":"https:\/\/derechosinfronteras.pe\/ingles\/wp-json\/wp\/v2\/media?parent=3371"}],"wp:term":[{"taxonomy":"category","embeddable":true,"href":"https:\/\/derechosinfronteras.pe\/ingles\/wp-json\/wp\/v2\/categories?post=3371"},{"taxonomy":"post_tag","embeddable":true,"href":"https:\/\/derechosinfronteras.pe\/ingles\/wp-json\/wp\/v2\/tags?post=3371"}],"curies":[{"name":"wp","href":"https:\/\/api.w.org\/{rel}","templated":true}]}}