{"id":3375,"date":"2022-06-22T17:39:06","date_gmt":"2022-06-22T22:39:06","guid":{"rendered":"http:\/\/derechosinfronteras.pe\/?p=8256"},"modified":"2022-06-22T17:39:06","modified_gmt":"2022-06-22T22:39:06","slug":"subgrupo-de-justicia-y-dd-hh-sesiona-por-cuarta-vez-en-espinar","status":"publish","type":"post","link":"https:\/\/derechosinfronteras.pe\/ingles\/subgrupo-de-justicia-y-dd-hh-sesiona-por-cuarta-vez-en-espinar\/","title":{"rendered":"Subgrupo de Justicia y DD.HH. sesiona por cuarta vez en Espinar"},"content":{"rendered":"<p>Redacci\u00f3n DHSF<\/p>\n<p>Representantes de las organizaciones sociales de base de Espinar y del Ministerio de Justicia y Derechos Humanos (MINJUSDH) realizaron hoy la cuarta sesi\u00f3n del Subgrupo de Justicia y Derechos Humanos de la Mesa de Di\u00e1logo para el Desarrollo Sostenible de la Provincia de Espinar.<\/p>\n<p>La agenda de la reuni\u00f3n fue el informe sobre el cumplimiento de los <a href=\"https:\/\/derechosinfronteras.pe\/ingles\/ejecutivo-reanuda-la-mesa-de-dialogo-para-el-desarrollo-sostenible-de-espinar-ante-la-insistencia-de-las-organizaciones-sociales\/\">8 acuerdos alcanzados el pasado 6 de junio<\/a>.<\/p>\n<p>Entre los actuales acuerdos alcanzados, que suman cinco, el primero recae en la Direcci\u00f3n General de Derechos Humanos cuya responsabilidad es la de concluir el informe sobre criminalizaci\u00f3n de la protesta hasta el 30 de este mes.<\/p>\n<p>El segundo y tercer punto corresponde a la informaci\u00f3n sobre los heridos &#8211; producto de los conflictos sociales de los a\u00f1os 2010, 2012 y 2020-, que las organizaciones sociales de base se comprometieron a brindar, y que incluye a las hijas e hijos que quedaron en situaci\u00f3n de orfandad en los referidos acontecimientos.<\/p>\n<p>El cuarto acuerdo est\u00e1 dirigido a brindar orientaci\u00f3n legal y patrocinio a las personas afectadas por los conflictos sociales. El cumplimiento de este punto est\u00e1 a cargo de la Direcci\u00f3n General de Defensa P\u00fablica y Acceso a la Justica.<\/p>\n<p>Por \u00faltimo, el MINJUSDH remitir\u00e1 el pedido del Frente \u00danico de Defensa de los Intereses de Espinar (FUDIE) sobre la incorporaci\u00f3n de los ministerios de Cultura y de la Mujer y Poblaciones Vulnerables.<\/p>\n<p>A su vez, las organizaciones sociales expusieron cuatro pedidos adicionales. Entre ellos, realizar un listado general de los menores de edad hu\u00e9rfanos en el marco de los conflictos sociales y la formaci\u00f3n de una comisi\u00f3n del Congreso de la Rep\u00fablica para investigar los sucesos de conflictividad de los a\u00f1os 2010, 2012 y 2020.<\/p>\n<p>Finalmente, solicitaron que la Municipalidad Provincial de Espinar facilite la contrataci\u00f3n de personas con discapacidad a consecuencia de estos mismos hechos de conflictividad social y la ampliaci\u00f3n de la mesa de di\u00e1logo hasta diciembre del presente a\u00f1o.<\/p>","protected":false},"excerpt":{"rendered":"<p>Redacci\u00f3n DHSF Representantes de las organizaciones sociales de base de Espinar y del Ministerio de Justicia y Derechos Humanos (MINJUSDH) realizaron hoy la cuarta sesi\u00f3n del Subgrupo de Justicia y Derechos Humanos de la Mesa de Di\u00e1logo para el Desarrollo Sostenible de la Provincia de Espinar. La agenda de la reuni\u00f3n fue el informe sobre [&hellip;]<\/p>\n","protected":false},"author":1,"featured_media":3376,"comment_status":"open","ping_status":"open","sticky":false,"template":"","format":"standard","meta":{"_monsterinsights_skip_tracking":false,"_monsterinsights_sitenote_active":false,"_monsterinsights_sitenote_note":"","_monsterinsights_sitenote_category":0,"_jetpack_memberships_contains_paid_content":false,"footnotes":"","jetpack_publicize_message":"","jetpack_publicize_feature_enabled":true,"jetpack_social_post_already_shared":false,"jetpack_social_options":{"image_generator_settings":{"template":"highway","default_image_id":0,"font":"","enabled":false},"version":2}},"categories":[1],"tags":[],"class_list":["post-3375","post","type-post","status-publish","format-standard","has-post-thumbnail","hentry","category-sin-categoria"],"blocksy_meta":[],"jetpack_publicize_connections":[],"jetpack_featured_media_url":"https:\/\/derechosinfronteras.pe\/wp-content\/uploads\/2022\/06\/final-SUBGRUPO-JUSTICIA-Y-DDHH-scaled-1.jpg","jetpack_sharing_enabled":true,"jetpack_likes_enabled":true,"_links":{"self":[{"href":"https:\/\/derechosinfronteras.pe\/ingles\/wp-json\/wp\/v2\/posts\/3375","targetHints":{"allow":["GET"]}}],"collection":[{"href":"https:\/\/derechosinfronteras.pe\/ingles\/wp-json\/wp\/v2\/posts"}],"about":[{"href":"https:\/\/derechosinfronteras.pe\/ingles\/wp-json\/wp\/v2\/types\/post"}],"author":[{"embeddable":true,"href":"https:\/\/derechosinfronteras.pe\/ingles\/wp-json\/wp\/v2\/users\/1"}],"replies":[{"embeddable":true,"href":"https:\/\/derechosinfronteras.pe\/ingles\/wp-json\/wp\/v2\/comments?post=3375"}],"version-history":[{"count":0,"href":"https:\/\/derechosinfronteras.pe\/ingles\/wp-json\/wp\/v2\/posts\/3375\/revisions"}],"wp:featuredmedia":[{"embeddable":true,"href":"https:\/\/derechosinfronteras.pe\/ingles\/wp-json\/wp\/v2\/media\/3376"}],"wp:attachment":[{"href":"https:\/\/derechosinfronteras.pe\/ingles\/wp-json\/wp\/v2\/media?parent=3375"}],"wp:term":[{"taxonomy":"category","embeddable":true,"href":"https:\/\/derechosinfronteras.pe\/ingles\/wp-json\/wp\/v2\/categories?post=3375"},{"taxonomy":"post_tag","embeddable":true,"href":"https:\/\/derechosinfronteras.pe\/ingles\/wp-json\/wp\/v2\/tags?post=3375"}],"curies":[{"name":"wp","href":"https:\/\/api.w.org\/{rel}","templated":true}]}}