{"id":3377,"date":"2022-06-20T16:32:50","date_gmt":"2022-06-20T21:32:50","guid":{"rendered":"http:\/\/derechosinfronteras.pe\/?p=8246"},"modified":"2022-06-20T16:32:50","modified_gmt":"2022-06-20T21:32:50","slug":"avmae-monitorea-por-segunda-vez-la-calidad-del-agua-que-llega-a-las-comunidades-originarias-de-espinar","status":"publish","type":"post","link":"https:\/\/derechosinfronteras.pe\/ingles\/avmae-monitorea-por-segunda-vez-la-calidad-del-agua-que-llega-a-las-comunidades-originarias-de-espinar\/","title":{"rendered":"AVMAE monitorea por segunda vez la calidad del agua que llega a las comunidades originarias de Espinar"},"content":{"rendered":"<p>Redacci\u00f3n DHSF<\/p>\n<p>La Asociaci\u00f3n de Vigilantes y Monitores Ambientales de Espinar (AVMAE), con la compa\u00f1\u00eda del equipo t\u00e9cnico de Derechos Humanos Sin Fronteras, realiz\u00f3 el segundo monitoreo de la calidad del agua que llega a una parte de las comunidades originarias de Espinar, ubicadas en el entorno del proyecto minero Antapaccay.<\/p>\n<p><img fetchpriority=\"high\" decoding=\"async\" class=\"alignnone size-large wp-image-8249\" src=\"http:\/\/derechosinfronteras.pe\/wp-content\/uploads\/2022\/06\/WhatsApp-Image-2022-06-15-at-11.26.44-AM-4-1024x576.jpeg\" alt=\"\" width=\"715\" height=\"402\" \/><\/p>\n<p>Los monitores recorrieron la zona alta, media y baja de la cuenca del r\u00edo Ca\u00f1ip\u00eda, el pasado 4 de junio. En diferentes puntos tomaron dos tipos de muestras: fisicoqu\u00edmicas y biol\u00f3gicas mediante macroinvertebrados bent\u00f3nicos. Con el primero monitorearon seis par\u00e1metros (dureza, alcalinidad, pH, temperatura, turbidez y ox\u00edgeno disuelto) y con el segundo monitorearon sobre la base de la colecta e interpretaci\u00f3n de la presencia de ciertos organismos en el fondo del agua.<\/p>\n<p><img decoding=\"async\" class=\"alignnone size-large wp-image-8250\" src=\"http:\/\/derechosinfronteras.pe\/wp-content\/uploads\/2022\/06\/WhatsApp-Image-2022-06-15-at-11.26.44-AM-3-1024x576.jpeg\" alt=\"\" width=\"715\" height=\"402\" \/><\/p>\n<p>Esta fue la segunda actividad de campo que lideraron las y los integrantes de la AVMAE, quienes provienen de comunidades originarias, as\u00ed como del mismo distrito de Yauri. Tambi\u00e9n participaron estudiantes del Instituto Polit\u00e9cnico del Sur.<\/p>\n<p><img decoding=\"async\" class=\"alignnone size-large wp-image-8248\" src=\"http:\/\/derechosinfronteras.pe\/wp-content\/uploads\/2022\/06\/WhatsApp-Image-2022-06-15-at-11.26.43-AM-1024x768.jpeg\" alt=\"\" width=\"715\" height=\"536\" \/><\/p>\n<p>El pr\u00f3ximo monitoreo fue programado para el mes de agosto. El objetivo es vigilar los puntos de la cuenca hidrogr\u00e1fica que se encuentran aguas abajo de la actividad minera de la empresa Antapaccay. Si bien los puntos de monitoreo del agua del r\u00edo Ca\u00f1ip\u00eda no est\u00e1n ubicados en zonas para consumo humano directo, el recurso es utilizado para bebida animal y para el riego de vegetales. Si hay cualquier variaci\u00f3n de la calidad del agua, indirectamente, mediante la cadena tr\u00f3fica, llega al ser humano, por consiguiente, puede afectar a la salud de las personas.<\/p>\n<p><img loading=\"lazy\" decoding=\"async\" class=\"alignnone size-large wp-image-8252\" src=\"http:\/\/derechosinfronteras.pe\/wp-content\/uploads\/2022\/06\/WhatsApp-Image-2022-06-15-at-11.31.00-AM-1-1024x576.jpeg\" alt=\"\" width=\"715\" height=\"402\" \/><\/p>\n<p>En ese marco, la participaci\u00f3n activa y consciente de la AVMAE y de la sociedad civil organizada es importante para la protecci\u00f3n del medio ambiente por tratarse de un derecho a vivir en un ambiente sano.<\/p>\n<p><a href=\"https:\/\/derechosinfronteras.pe\/ingles\/siete-anos-de-monitoreo-ambiental-comunitario-en-espinar-cual-es-la-situacion-actual-de-la-calidad-del-agua\/\">AQU\u00cd<\/a>, puedes leer los hallazgos encontrados durante 7 a\u00f1os de monitoreo ambiental comunitario realizado por la AVMAE.<\/p>","protected":false},"excerpt":{"rendered":"<p>Redacci\u00f3n DHSF La Asociaci\u00f3n de Vigilantes y Monitores Ambientales de Espinar (AVMAE), con la compa\u00f1\u00eda del equipo t\u00e9cnico de Derechos Humanos Sin Fronteras, realiz\u00f3 el segundo monitoreo de la calidad del agua que llega a una parte de las comunidades originarias de Espinar, ubicadas en el entorno del proyecto minero Antapaccay. Los monitores recorrieron la [&hellip;]<\/p>\n","protected":false},"author":1,"featured_media":3378,"comment_status":"open","ping_status":"open","sticky":false,"template":"","format":"standard","meta":{"_monsterinsights_skip_tracking":false,"_monsterinsights_sitenote_active":false,"_monsterinsights_sitenote_note":"","_monsterinsights_sitenote_category":0,"_jetpack_memberships_contains_paid_content":false,"footnotes":"","jetpack_publicize_message":"","jetpack_publicize_feature_enabled":true,"jetpack_social_post_already_shared":false,"jetpack_social_options":{"image_generator_settings":{"template":"highway","default_image_id":0,"font":"","enabled":false},"version":2}},"categories":[1],"tags":[],"class_list":["post-3377","post","type-post","status-publish","format-standard","has-post-thumbnail","hentry","category-sin-categoria"],"blocksy_meta":[],"jetpack_publicize_connections":[],"jetpack_featured_media_url":"https:\/\/derechosinfronteras.pe\/wp-content\/uploads\/2022\/06\/WhatsApp-Image-2022-06-15-at-11.26.45-AM.jpeg","jetpack_sharing_enabled":true,"jetpack_likes_enabled":true,"_links":{"self":[{"href":"https:\/\/derechosinfronteras.pe\/ingles\/wp-json\/wp\/v2\/posts\/3377","targetHints":{"allow":["GET"]}}],"collection":[{"href":"https:\/\/derechosinfronteras.pe\/ingles\/wp-json\/wp\/v2\/posts"}],"about":[{"href":"https:\/\/derechosinfronteras.pe\/ingles\/wp-json\/wp\/v2\/types\/post"}],"author":[{"embeddable":true,"href":"https:\/\/derechosinfronteras.pe\/ingles\/wp-json\/wp\/v2\/users\/1"}],"replies":[{"embeddable":true,"href":"https:\/\/derechosinfronteras.pe\/ingles\/wp-json\/wp\/v2\/comments?post=3377"}],"version-history":[{"count":0,"href":"https:\/\/derechosinfronteras.pe\/ingles\/wp-json\/wp\/v2\/posts\/3377\/revisions"}],"wp:featuredmedia":[{"embeddable":true,"href":"https:\/\/derechosinfronteras.pe\/ingles\/wp-json\/wp\/v2\/media\/3378"}],"wp:attachment":[{"href":"https:\/\/derechosinfronteras.pe\/ingles\/wp-json\/wp\/v2\/media?parent=3377"}],"wp:term":[{"taxonomy":"category","embeddable":true,"href":"https:\/\/derechosinfronteras.pe\/ingles\/wp-json\/wp\/v2\/categories?post=3377"},{"taxonomy":"post_tag","embeddable":true,"href":"https:\/\/derechosinfronteras.pe\/ingles\/wp-json\/wp\/v2\/tags?post=3377"}],"curies":[{"name":"wp","href":"https:\/\/api.w.org\/{rel}","templated":true}]}}