{"id":3381,"date":"2022-06-16T14:02:16","date_gmt":"2022-06-16T19:02:16","guid":{"rendered":"http:\/\/derechosinfronteras.pe\/?p=8231"},"modified":"2022-06-16T14:02:16","modified_gmt":"2022-06-16T19:02:16","slug":"organizaciones-de-mujeres-realizan-congresos-provinciales-tras-mas-de-dos-anos-de-pandemia","status":"publish","type":"post","link":"https:\/\/derechosinfronteras.pe\/ingles\/organizaciones-de-mujeres-realizan-congresos-provinciales-tras-mas-de-dos-anos-de-pandemia\/","title":{"rendered":"Organizaciones de mujeres realizan congresos provinciales tras m\u00e1s de dos a\u00f1os de pandemia"},"content":{"rendered":"<p>Redacci\u00f3n DHSF<\/p>\n<p>En los meses de mayo y junio, diversas organizaciones de mujeres de las provincias de Paruro, Espinar y Chumbivilcas, de la regi\u00f3n del Cusco, volvieron a reencontrarse tras m\u00e1s de dos a\u00f1os de pandemia. Aqu\u00ed te contamos los detalles.<\/p>\n<p><strong>PARURO <\/strong><\/p>\n<p>El 25 y 26 de mayo, en el distrito de Pillpinto, se desarroll\u00f3 el \u00abIX Congreso provincial de organizaciones de mujeres de la provincia de Paruro\u00bb con la participaci\u00f3n de aproximadamente 300 mujeres.<\/p>\n<p>Mujeres de los 9 distritos de Paruro (Ccapi, Accha, Omacha, Huanoquite, Colcha, Pillpinto, Colcha, Paccaritambo, Paruro y Yaurisque) se reunieron para fortalecer sus organizaciones y elegir a la junta directiva de la Organizaci\u00f3n de Mujeres Warmikuna T\u2019ikarisun, la cual agrupa a las diferentes organizaciones de mujeres de los 9 distritos.<\/p>\n<p><img fetchpriority=\"high\" decoding=\"async\" class=\"wp-image-8233 aligncenter\" src=\"http:\/\/derechosinfronteras.pe\/wp-content\/uploads\/2022\/06\/11-1024x683.jpg\" alt=\"\" width=\"603\" height=\"402\" \/><\/p>\n<p>Las y los invitados a este congreso fueron Toribia Lero Quispe (diputada de Bolivia), In\u00e9s Martens Godines (representante de la Direcci\u00f3n General de Igualdad de G\u00e9nero y No Discriminaci\u00f3n del Ministerio de la Mujer), la coordinadora territorial del Centro de Emergencia Mujer del Cusco y delegaciones de las diferentes provincias del Cusco.<\/p>\n<p>Durante el congreso se realiz\u00f3 un balance de los sentires y emociones en el contexto de pandemia, se expuso sobre la lucha de las mujeres en Am\u00e9rica Latina y la problem\u00e1tica de las mujeres y alternativas de soluci\u00f3n.<\/p>\n<p><img decoding=\"async\" class=\"wp-image-8235 aligncenter\" src=\"http:\/\/derechosinfronteras.pe\/wp-content\/uploads\/2022\/06\/c1-1024x636.jpg\" alt=\"\" width=\"620\" height=\"385\" \/><\/p>\n<p>Este espacio fue propicio para visibilizar que en la provincia de Paruro no se ha instalado la Instancia de Concertaci\u00f3n Provincial para Erradicar la Violencia contra las Mujeres y los Integrantes del Grupo Familiar, tanto en la capital ni en ninguno de sus distritos, situaci\u00f3n que preocupa a las organizaciones de mujeres.<\/p>\n<p>Tambi\u00e9n en el evento se realiz\u00f3 la exposici\u00f3n de productos oriundos de cada zona, platos t\u00edpicos, artesan\u00eda y la presentaci\u00f3n art\u00edstica de danza y m\u00fasica de las delegaciones de los 9 distritos.<\/p>\n<p><img decoding=\"async\" class=\"wp-image-8234 aligncenter\" src=\"http:\/\/derechosinfronteras.pe\/wp-content\/uploads\/2022\/06\/m5-1024x683.jpg\" alt=\"\" width=\"608\" height=\"406\" \/><\/p>\n<p>Cabe recalcar que el congreso surgi\u00f3 a iniciativa de las organizaciones de mujeres y se desarroll\u00f3 con el apoyo de organizaciones gubernamentales y no gubernamentales como las municipalidades distritales de Pillpinto y Accha, Cedep Ayllu, Derechos Humanos Sin Fronteras, Yanapanakusun, Arariwa, Kallpa, CooperAcci\u00f3n, Cadep Jos\u00e9 Mar\u00eda Arguedas, Caja Cusco, entre otras.<\/p>\n<p><strong>CHUMBIVILCAS <\/strong><\/p>\n<p>El Encuentro Provincial de Lideresas Chumbivilcanas \u201cWarmikuna kuskalla puririsun\u201d se desarroll\u00f3 el viernes 3 de junio, en el distrito de Santo Tom\u00e1s, a fin de promover la participaci\u00f3n de las representantes de las organizaciones sociales y pol\u00edticas en espacios p\u00fablicos.<\/p>\n<p><img loading=\"lazy\" decoding=\"async\" class=\"wp-image-8236 aligncenter\" src=\"http:\/\/derechosinfronteras.pe\/wp-content\/uploads\/2022\/06\/c3-1024x682.jpg\" alt=\"\" width=\"611\" height=\"407\" \/><\/p>\n<p>Estuvieron presentes lideresas de los 9 distritos de Chumbivilcas, quienes han renovado el Consejo Directivo de la Organizaci\u00f3n Provincial de Mujeres Toribia Flores de Cutipa. La lideresa Elisa Salcedo del distrito de Velille es la nueva presidenta.<\/p>\n<p>Dicho evento fue impulsado por la Gerencia de Desarrollo Social de la Municipalidad de Chumbivilcas y el proyecto \u201cCreaci\u00f3n del servicio de desarrollo de las capacidades sociales, econ\u00f3micas y pol\u00edticas a mujeres en los 8 distritos de la provincia de Chumbivilcas &#8211; departamento de Cusco\u201d y aliados estrat\u00e9gicos como Plan Internacional, Red Interqorum y Derechos Humanos Sin Fronteras.<\/p>\n<p><img loading=\"lazy\" decoding=\"async\" class=\"wp-image-8237 aligncenter\" src=\"http:\/\/derechosinfronteras.pe\/wp-content\/uploads\/2022\/06\/c2-1024x683.jpg\" alt=\"\" width=\"623\" height=\"415\" \/><\/p>\n<p><strong>ESPINAR <\/strong><\/p>\n<p>El 21 de mayo se realiz\u00f3 el\u00a0 <a href=\"https:\/\/derechosinfronteras.pe\/ingles\/i-encuentro-provincial-de-mujeres-kanas-una-forma-organizada-de-hacerle-frente-a-la-violencia-contra-las-mujeres\/\">I Encuentro de la Mujer k\u2019ana \u201ck\u2019ana warmikunaq tinkuynin\u201d<\/a>, con la finalidad de conocer las diferentes demandas de las organizaciones sociales de mujeres frente a la violencia de g\u00e9nero.<\/p>\n<p>Participaron representantes de la Fiscal\u00eda Provincial Corporativa Especializada en Violencia contra la Mujer e integrantes del Grupo Familiar de Espinar, el Centro de Emergencia Mujer, el Juzgado Mixto de Espinar, la Polic\u00eda Nacional del Per\u00fa, as\u00ed como tambi\u00e9n la congresista Ruth Luque y diversas lideresas, dirigentas y j\u00f3venes de la provincia.<\/p>\n<p><img loading=\"lazy\" decoding=\"async\" class=\"wp-image-8239 aligncenter\" src=\"http:\/\/derechosinfronteras.pe\/wp-content\/uploads\/2022\/06\/m1-1-1024x687.jpg\" alt=\"\" width=\"670\" height=\"450\" \/><\/p>\n<p>En el desarrollo del evento la congresista Ruth Luque anunci\u00f3 que buscar\u00e1 un di\u00e1logo con la Municipalidad Provincial de Espinar para gestionar la contrataci\u00f3n de m\u00e9dicos legistas y expondr\u00e1 en el pr\u00f3ximo debate del Congreso de la Rep\u00fablica, para que se priorice en el presupuesto 2023.<\/p>\n<p>En tanto, las y los dem\u00e1s panelistas y lideresas manifestaron su preocupaci\u00f3n por el estado de la Casa de Refugio Temporal de la Mujer, la cual no funciona ni se encuentra implementada. Adem\u00e1s, hicieron hincapi\u00e9 en la implementaci\u00f3n del Albergue de Ni\u00f1os y Ni\u00f1as de Espinar y la necesidad de contratar a m\u00e9dicos legistas.<\/p>\n<p>Nuestra instituci\u00f3n Derechos Humanos Sin Fronteras acompa\u00f1\u00f3 antes, durante y despu\u00e9s del encuentro a trav\u00e9s de la asistencia t\u00e9cnica a las lideresas organizadoras.<\/p>\n<p>Finalmente, en estos espacios las mujeres de Paruro, Chumbivilcas y Espinar compartieron ideas, reflexiones, conocimientos, tradiciones, cultura y saberes ancestrales. El objetivo en com\u00fan es fortalecer sus organizaciones y avanzar hacia la igualdad de oportunidades en entornos comunales, pol\u00edticos y laborales. \u00a1Kawsachun Wamirkunaq Ju\u00f1unakuy!<\/p>\n<p>&nbsp;<\/p>","protected":false},"excerpt":{"rendered":"<p>Redacci\u00f3n DHSF En los meses de mayo y junio, diversas organizaciones de mujeres de las provincias de Paruro, Espinar y Chumbivilcas, de la regi\u00f3n del Cusco, volvieron a reencontrarse tras m\u00e1s de dos a\u00f1os de pandemia. Aqu\u00ed te contamos los detalles. PARURO El 25 y 26 de mayo, en el distrito de Pillpinto, se desarroll\u00f3 [&hellip;]<\/p>\n","protected":false},"author":1,"featured_media":3382,"comment_status":"open","ping_status":"open","sticky":false,"template":"","format":"standard","meta":{"_monsterinsights_skip_tracking":false,"_monsterinsights_sitenote_active":false,"_monsterinsights_sitenote_note":"","_monsterinsights_sitenote_category":0,"_jetpack_memberships_contains_paid_content":false,"footnotes":"","jetpack_publicize_message":"","jetpack_publicize_feature_enabled":true,"jetpack_social_post_already_shared":false,"jetpack_social_options":{"image_generator_settings":{"template":"highway","default_image_id":0,"font":"","enabled":false},"version":2}},"categories":[1],"tags":[],"class_list":["post-3381","post","type-post","status-publish","format-standard","has-post-thumbnail","hentry","category-sin-categoria"],"blocksy_meta":[],"jetpack_publicize_connections":[],"jetpack_featured_media_url":"https:\/\/derechosinfronteras.pe\/wp-content\/uploads\/2022\/06\/JJJ.jpg","jetpack_sharing_enabled":true,"jetpack_likes_enabled":true,"_links":{"self":[{"href":"https:\/\/derechosinfronteras.pe\/ingles\/wp-json\/wp\/v2\/posts\/3381","targetHints":{"allow":["GET"]}}],"collection":[{"href":"https:\/\/derechosinfronteras.pe\/ingles\/wp-json\/wp\/v2\/posts"}],"about":[{"href":"https:\/\/derechosinfronteras.pe\/ingles\/wp-json\/wp\/v2\/types\/post"}],"author":[{"embeddable":true,"href":"https:\/\/derechosinfronteras.pe\/ingles\/wp-json\/wp\/v2\/users\/1"}],"replies":[{"embeddable":true,"href":"https:\/\/derechosinfronteras.pe\/ingles\/wp-json\/wp\/v2\/comments?post=3381"}],"version-history":[{"count":0,"href":"https:\/\/derechosinfronteras.pe\/ingles\/wp-json\/wp\/v2\/posts\/3381\/revisions"}],"wp:featuredmedia":[{"embeddable":true,"href":"https:\/\/derechosinfronteras.pe\/ingles\/wp-json\/wp\/v2\/media\/3382"}],"wp:attachment":[{"href":"https:\/\/derechosinfronteras.pe\/ingles\/wp-json\/wp\/v2\/media?parent=3381"}],"wp:term":[{"taxonomy":"category","embeddable":true,"href":"https:\/\/derechosinfronteras.pe\/ingles\/wp-json\/wp\/v2\/categories?post=3381"},{"taxonomy":"post_tag","embeddable":true,"href":"https:\/\/derechosinfronteras.pe\/ingles\/wp-json\/wp\/v2\/tags?post=3381"}],"curies":[{"name":"wp","href":"https:\/\/api.w.org\/{rel}","templated":true}]}}