{"id":3385,"date":"2022-06-15T15:11:53","date_gmt":"2022-06-15T20:11:53","guid":{"rendered":"http:\/\/derechosinfronteras.pe\/?p=8219"},"modified":"2022-06-15T15:11:53","modified_gmt":"2022-06-15T20:11:53","slug":"exponen-caso-de-contaminacion-en-espinar-ante-parlamento-europeo","status":"publish","type":"post","link":"https:\/\/derechosinfronteras.pe\/ingles\/exponen-caso-de-contaminacion-en-espinar-ante-parlamento-europeo\/","title":{"rendered":"Exponen caso de contaminaci\u00f3n en Espinar ante Parlamento Europeo"},"content":{"rendered":"<p>Nota de prensa<\/p>\n<p>Como parte de la campa\u00f1a <strong><em>\u201cEspinar no puede esperar\u201d<\/em><\/strong>, una delegaci\u00f3n de defensoras de derechos humanos de Per\u00fa y miembros de organizaciones y redes de la sociedad civil europea, argumentaron ante parlamentarios europeos sobre los impactos ambientales y sociales en Espinar (Cusco), tras 40 a\u00f1os de actividad minera. As\u00ed, llamaron la atenci\u00f3n sobre la necesidad de aprobar una ley de debida diligencia con garant\u00edas para que las empresas europeas o las que facturan dentro de los pa\u00edses europeos, no sigan violando derechos fundamentales con total impunidad.<\/p>\n<p>Esmeralda Larota, representante de la Asociaci\u00f3n de Mujeres Defensoras del Territorio y la Cultura K\u2019ana, quien vive en Bajo Huancan\u00e9, una de las comunidades m\u00e1s afectadas por la contaminaci\u00f3n en Espinar, se\u00f1al\u00f3 c\u00f3mo la miner\u00eda ha afectado a su comunidad, la salud, el ambiente y la econom\u00eda local de las poblaciones que viven alrededor de la mina. Sostuvo que la poblaci\u00f3n de Espinar no se siente escuchada. <em>\u201cA diario tenemos dolencias, hay familias enteras que est\u00e1n enfermas, no hay c\u00f3mo curarnos. Tambi\u00e9n estamos perdiendo nuestra ganader\u00eda, al morirse nuestros ganados perdemos en nuestra econom\u00eda\u201d.<\/em><\/p>\n<p>A\u00f1ade Esmeralda: <em>\u201cYo traigo la voz de muchas mujeres, de muchos hombres y est\u00e1n esperando ser atendidos. En nuestro pa\u00eds no hay leyes que nos protejan de las empresas grandes, por eso yo <\/em><em>vengo ac\u00e1 a pedir con una esperanza de que se pueda hacer algo desde ac\u00e1, de que se pueda aprobar la ley de debida diligencia para que nos den garant\u00edas en nuestra vida, en nuestra salud. Queremos una vida sana, queremos salud, queremos vivir tranquilos en paz, no desesperados, sin futuro\u201d.<\/em><\/p>\n<p>A su turno, Karem Luque de la ONG cusque\u00f1a Derechos Humanos sin Fronteras, explic\u00f3 c\u00f3mo la poblaci\u00f3n impactada por la contaminaci\u00f3n sufre de problemas de salud, y que, a pesar de diversos estudios estatales y de organizaciones sociales han confirmado la presencia de metales pesados en la sangre de la poblaci\u00f3n. <em>\u201cLas comunidades, al buscar justicia y atenci\u00f3n a sus demandas, no han recibido respuestas efectivas ni de la empresa ni del Estado peruano. Al contrario, varios l\u00edderes han sido criminalizados. Por ello, se requieren otras herramientas para reclamar derechos y responsabilidad de las empresas\u201d.<\/em><\/p>\n<p>Luque manifest\u00f3 ante los parlamentarios que la actual propuesta de ley carece de elementos para garantizar el acceso a derechos: <em>\u201cnosotros queremos que esta ley cubra toda la cadena de valor y suministro de la empresa, porque no puede ser posible que nosotros solamente veamos el momento en el que llega la tecnolog\u00eda (que demanda minerales), sin saber su procedencia, sin saber todo el dolor y sufrimiento que hay detr\u00e1s. Queremos que esta ley cubra el principio precautorio, para que se anticipe y prevenga los potenciales da\u00f1os que pueda causar la empresa\u201d. <\/em>Luque a\u00f1adi\u00f3 que <em>\u201cEspinar es una provincia que va a tener actividades extractivas por otros 40 a\u00f1os m\u00e1s, entonces el dolor se va a ver multiplicado en cuatro generaciones m\u00e1s, por eso es importante un adecuado cumplimiento del convenio 169 para la consulta previa, libre e informada. Es necesario potenciar la ley de debida diligencia, no queremos mas casos como el de Espinar, nosotros pensamos que el desarrollo no puede estar a costa de la vida de nuestras comunidades campesinas y originarias\u201d.<\/em><\/p>\n<p>Por su parte, Wies Willems, de la ONG Broederlijk Delen y la red EU-Lat, explic\u00f3 la importancia de la nueva directiva de debida diligencia, en un contexto de creciente demanda de minerales para la transici\u00f3n energ\u00e9tica, lo que generar\u00e1 nuevos impactos en el ambiente, conflictos sociales y violaciones de derechos humanos. Willems sostuvo que la directiva (la ley de debida diligencia) s\u00ed se aplicar\u00eda en el caso de la empresa Glencore en Espinar, porque factura en los pa\u00edses miembros de la Uni\u00f3n Europea. Sostuvo que la actual propuesta se tiene que fortalecer: <em>\u201cdeber\u00eda incluir todo el marco de derechos humanos, el principio precautorio, toda la cadena de suministro, incluyendo a los bancos que invierten en el proyecto minero y la empresa, \u00a0y la consulta previa\u201d<\/em>, a\u00f1adi\u00f3.<\/p>\n<p>La eurodiputada Soraya Rodr\u00edguez (RENEW) reconoci\u00f3 las injusticias que enfrenta la poblaci\u00f3n de Espinar, resaltando en particular el derecho fundamental del acceso a agua de calidad. <em>\u201cLo que pasa en Espinar tambi\u00e9n es nuestra responsabilidad. Una ley de debida diligencia debe hacer efectiva el derecho de las personas a que una actividad empresarial no suponga la vulneraci\u00f3n de sus derechos fundamentales, garantizar que esta no se produzcan y si estas se producen, hacer responder por los da\u00f1os causados al medio ambiente, a la vida, la salud de las personas. Por eso es una norma vinculante. Nos jugamos mucho\u201d, <\/em>dijo a su turno.<\/p>\n<p>Mar\u00eda Arena (S&amp;D), tambi\u00e9n diputada del parlamento europeo, sostuvo que la Uni\u00f3n Europea se ocupa de \u201ctener el interior de la casa ordenado\u201d, pero que no se preocupa por el comportamiento de sus empresas afuera de ella, en otras partes del mundo. <em>\u201cLo que pasa en Espinar es un buen ejemplo de ello. Esto tiene que cambiar y para ello se necesita una ley de debida diligencia mucho m\u00e1s ambiciosa\u201d.<\/em><\/p>\n<p><strong><em>Link de la exposici\u00f3n del caso Espinar ante el Parlamento Europeo<\/em><\/strong>:\u00a0<a href=\"https:\/\/bit.ly\/3HplJM9\" target=\"_blank\" rel=\"noopener\">https:\/\/bit.ly\/3HplJM9<\/a><\/p>\n<p><strong><em>Mayor informaci\u00f3n: <\/em><\/strong><a href=\"https:\/\/www.facebook.com\/EspinarNPE\/\" target=\"_blank\" rel=\"noopener\"><strong><em>https:\/\/www.facebook.com\/EspinarNPE\/<\/em><\/strong><\/a><\/p>","protected":false},"excerpt":{"rendered":"<p>Nota de prensa Como parte de la campa\u00f1a \u201cEspinar no puede esperar\u201d, una delegaci\u00f3n de defensoras de derechos humanos de Per\u00fa y miembros de organizaciones y redes de la sociedad civil europea, argumentaron ante parlamentarios europeos sobre los impactos ambientales y sociales en Espinar (Cusco), tras 40 a\u00f1os de actividad minera. As\u00ed, llamaron la atenci\u00f3n [&hellip;]<\/p>\n","protected":false},"author":1,"featured_media":3386,"comment_status":"open","ping_status":"open","sticky":false,"template":"","format":"standard","meta":{"_monsterinsights_skip_tracking":false,"_monsterinsights_sitenote_active":false,"_monsterinsights_sitenote_note":"","_monsterinsights_sitenote_category":0,"_jetpack_memberships_contains_paid_content":false,"footnotes":"","jetpack_publicize_message":"","jetpack_publicize_feature_enabled":true,"jetpack_social_post_already_shared":false,"jetpack_social_options":{"image_generator_settings":{"template":"highway","default_image_id":0,"font":"","enabled":false},"version":2}},"categories":[1],"tags":[],"class_list":["post-3385","post","type-post","status-publish","format-standard","has-post-thumbnail","hentry","category-sin-categoria"],"blocksy_meta":[],"jetpack_publicize_connections":[],"jetpack_featured_media_url":"https:\/\/derechosinfronteras.pe\/wp-content\/uploads\/2022\/06\/PARLAMENTO-ANDINO-1-1.jpg","jetpack_sharing_enabled":true,"jetpack_likes_enabled":true,"_links":{"self":[{"href":"https:\/\/derechosinfronteras.pe\/ingles\/wp-json\/wp\/v2\/posts\/3385","targetHints":{"allow":["GET"]}}],"collection":[{"href":"https:\/\/derechosinfronteras.pe\/ingles\/wp-json\/wp\/v2\/posts"}],"about":[{"href":"https:\/\/derechosinfronteras.pe\/ingles\/wp-json\/wp\/v2\/types\/post"}],"author":[{"embeddable":true,"href":"https:\/\/derechosinfronteras.pe\/ingles\/wp-json\/wp\/v2\/users\/1"}],"replies":[{"embeddable":true,"href":"https:\/\/derechosinfronteras.pe\/ingles\/wp-json\/wp\/v2\/comments?post=3385"}],"version-history":[{"count":0,"href":"https:\/\/derechosinfronteras.pe\/ingles\/wp-json\/wp\/v2\/posts\/3385\/revisions"}],"wp:featuredmedia":[{"embeddable":true,"href":"https:\/\/derechosinfronteras.pe\/ingles\/wp-json\/wp\/v2\/media\/3386"}],"wp:attachment":[{"href":"https:\/\/derechosinfronteras.pe\/ingles\/wp-json\/wp\/v2\/media?parent=3385"}],"wp:term":[{"taxonomy":"category","embeddable":true,"href":"https:\/\/derechosinfronteras.pe\/ingles\/wp-json\/wp\/v2\/categories?post=3385"},{"taxonomy":"post_tag","embeddable":true,"href":"https:\/\/derechosinfronteras.pe\/ingles\/wp-json\/wp\/v2\/tags?post=3385"}],"curies":[{"name":"wp","href":"https:\/\/api.w.org\/{rel}","templated":true}]}}