{"id":3387,"date":"2022-06-14T09:29:54","date_gmt":"2022-06-14T14:29:54","guid":{"rendered":"http:\/\/derechosinfronteras.pe\/?p=8211"},"modified":"2022-06-14T09:29:54","modified_gmt":"2022-06-14T14:29:54","slug":"espinar-le-contara-su-realidad-a-europa","status":"publish","type":"post","link":"https:\/\/derechosinfronteras.pe\/ingles\/espinar-le-contara-su-realidad-a-europa\/","title":{"rendered":"Espinar le contar\u00e1 su realidad a Europa"},"content":{"rendered":"<p>Nota de prensa<\/p>\n<p><strong><em>La vulneraci\u00f3n de derechos humanos de las comunidades originarias que viven en la zona de influencia minera en Espinar (Cusco) y la deficiente actuaci\u00f3n del Estado peruano para protegerlas son las razones que impulsan esta gira: Espinar le contar\u00e1 su realidad a la Uni\u00f3n Europea.<\/em><\/strong><\/p>\n<p>En el marco de la campa\u00f1a <em>\u201cEspinar no puede esperar\u201d<\/em>, tres representantes de organizaciones sociales de Per\u00fa viajar\u00e1n a B\u00e9lgica y el Reino Unido, para exponer y visibilizar la violaci\u00f3n de derechos humanos alrededor de la actividad minera en Espinar (Cusco). El objetivo de est\u00e1 gira internacional es hacer incidencia para impulsar el debate y aprobaci\u00f3n de la Ley (directiva) de Debida Diligencia de la Uni\u00f3n Europea, buscando que esta contenga garant\u00edas en materia de derechos humanos y medioambiente.<\/p>\n<p>Esmeralda Larota de la Asociaci\u00f3n de Mujeres Defensoras del Territorio y Cultura K\u2019ana de Espinar, quien vive en una de las comunidades m\u00e1s azotadas por la contamaci\u00f3n minera en Espinar, en Huancan\u00e9 Bajo, ser\u00e1 la voz de los afectados por metales pesados ante la audiencia europea que recibir\u00e1 a la delegaci\u00f3n peruana conformada, adem\u00e1s,\u00a0 por el ex viceministro de Gesti\u00f3n Ambiental del Ministerio del Ambiente de Per\u00fa, Jos\u00e9 de Echave y la bi\u00f3loga Karem Luque de Derechos Humanos Sin Fronteras de Cusco.<\/p>\n<p>De acuerdo al programa de reuniones, entre el 13 y 19 de junio, la delegaci\u00f3n peruana se reunir\u00e1 con representantes del Servicio Europeo de Acci\u00f3n Exterior, con eurodiputados, y con el mismo Parlamento Europeo, que es la matriz de la discusi\u00f3n de la Ley de Debida Diligencia. Tambi\u00e9n se reunir\u00e1n con un banco que invierte en Glencore y con el Ministerio de Relaciones Exteriores de B\u00e9lgica, pa\u00eds que -siendo miembro de la UE &#8211; viene construyendo su propia legislaci\u00f3n de Debida Diligencia.<\/p>\n<p>Para Esmeralda vivir al lado de la mina es algo insostenible, porque gran parte de los miembros de su comunidad tiene metales t\u00f3xicos en sus cuerpos. <em>\u201cNuestra salud se est\u00e1 deteriorando d\u00eda a d\u00eda, por eso pido a las empresas mineras de otros pa\u00edses sean responsables, que sean m\u00e1s humanos, nosotros queremos que nos respeten, ellos se est\u00e1n llevando nuestras riquezas, mientras ellos ganan millones, nosotros hemos perdido toda nuestra econom\u00eda, viviamos de nuestros ganados, y ahora nuestros animales est\u00e1n enfermos y est\u00e1n muriendo; nuestras chacras casi no producen, nosotros vivimos de ello. Sabemos que nuestras aguas est\u00e1n contaminadas, pero no hay otra fuente de donde tomar, no tenemos otra opci\u00f3n\u201d<\/em>, se lamenta.<\/p>\n<p><em>\u201cPido a los ciudadanos de UE que hagan una ley para nuestra debida diligencia para que respeten nuestros derechos humanos porque nosotros tambi\u00e9n merecemos vivir como ellos, que exijan a sus autoridades para que hagan una ley de debida diligencia para que se respeten nuestros derechos humanos, para que vivamos como ellos, nosotros tambi\u00e9n queremos vivir sanos y con futuro\u201d<\/em>, finaliza Esmeralda, vocera de la campa\u00f1a <strong><em>Espinar no puede esperar.<\/em><\/strong><\/p>\n<p>Cabe se\u00f1alar que la gira tambi\u00e9n promueve una reuni\u00f3n con el Consejo Internacional de Miner\u00eda y Metales, plataforma internacional de lobby minero, e incluir\u00e1 adem\u00e1s un foro p\u00fablico, reuniones con la sociedad civil belga y un intercambio con v\u00edctimas de contaminaci\u00f3n en el entorno del puerto de Amberes.<\/p>\n<p>Posteriormente la delegaci\u00f3n visitar\u00e1 al Reino Unido para seguir su agenda en la semana del 20 de junio.<\/p>","protected":false},"excerpt":{"rendered":"<p>Nota de prensa La vulneraci\u00f3n de derechos humanos de las comunidades originarias que viven en la zona de influencia minera en Espinar (Cusco) y la deficiente actuaci\u00f3n del Estado peruano para protegerlas son las razones que impulsan esta gira: Espinar le contar\u00e1 su realidad a la Uni\u00f3n Europea. En el marco de la campa\u00f1a \u201cEspinar [&hellip;]<\/p>\n","protected":false},"author":1,"featured_media":3388,"comment_status":"open","ping_status":"open","sticky":false,"template":"","format":"standard","meta":{"_monsterinsights_skip_tracking":false,"_monsterinsights_sitenote_active":false,"_monsterinsights_sitenote_note":"","_monsterinsights_sitenote_category":0,"_jetpack_memberships_contains_paid_content":false,"footnotes":"","jetpack_publicize_message":"","jetpack_publicize_feature_enabled":true,"jetpack_social_post_already_shared":false,"jetpack_social_options":{"image_generator_settings":{"template":"highway","default_image_id":0,"font":"","enabled":false},"version":2}},"categories":[1],"tags":[],"class_list":["post-3387","post","type-post","status-publish","format-standard","has-post-thumbnail","hentry","category-sin-categoria"],"blocksy_meta":[],"jetpack_publicize_connections":[],"jetpack_featured_media_url":"https:\/\/derechosinfronteras.pe\/wp-content\/uploads\/2022\/06\/NOTA-ESPINAR-CONTARA-REALIDAD-EUROPA.jpg","jetpack_sharing_enabled":true,"jetpack_likes_enabled":true,"_links":{"self":[{"href":"https:\/\/derechosinfronteras.pe\/ingles\/wp-json\/wp\/v2\/posts\/3387","targetHints":{"allow":["GET"]}}],"collection":[{"href":"https:\/\/derechosinfronteras.pe\/ingles\/wp-json\/wp\/v2\/posts"}],"about":[{"href":"https:\/\/derechosinfronteras.pe\/ingles\/wp-json\/wp\/v2\/types\/post"}],"author":[{"embeddable":true,"href":"https:\/\/derechosinfronteras.pe\/ingles\/wp-json\/wp\/v2\/users\/1"}],"replies":[{"embeddable":true,"href":"https:\/\/derechosinfronteras.pe\/ingles\/wp-json\/wp\/v2\/comments?post=3387"}],"version-history":[{"count":0,"href":"https:\/\/derechosinfronteras.pe\/ingles\/wp-json\/wp\/v2\/posts\/3387\/revisions"}],"wp:featuredmedia":[{"embeddable":true,"href":"https:\/\/derechosinfronteras.pe\/ingles\/wp-json\/wp\/v2\/media\/3388"}],"wp:attachment":[{"href":"https:\/\/derechosinfronteras.pe\/ingles\/wp-json\/wp\/v2\/media?parent=3387"}],"wp:term":[{"taxonomy":"category","embeddable":true,"href":"https:\/\/derechosinfronteras.pe\/ingles\/wp-json\/wp\/v2\/categories?post=3387"},{"taxonomy":"post_tag","embeddable":true,"href":"https:\/\/derechosinfronteras.pe\/ingles\/wp-json\/wp\/v2\/tags?post=3387"}],"curies":[{"name":"wp","href":"https:\/\/api.w.org\/{rel}","templated":true}]}}