{"id":3389,"date":"2022-06-08T16:15:24","date_gmt":"2022-06-08T21:15:24","guid":{"rendered":"http:\/\/derechosinfronteras.pe\/?p=8205"},"modified":"2022-06-08T16:15:24","modified_gmt":"2022-06-08T21:15:24","slug":"ejecutivo-reanuda-la-mesa-de-dialogo-para-el-desarrollo-sostenible-de-espinar-ante-la-insistencia-de-las-organizaciones-sociales","status":"publish","type":"post","link":"https:\/\/derechosinfronteras.pe\/ingles\/ejecutivo-reanuda-la-mesa-de-dialogo-para-el-desarrollo-sostenible-de-espinar-ante-la-insistencia-de-las-organizaciones-sociales\/","title":{"rendered":"Ejecutivo reanuda la mesa de di\u00e1logo en Espinar ante la insistencia de las organizaciones sociales"},"content":{"rendered":"<p>Redacci\u00f3n DHSF<\/p>\n<p>Las reuniones de los subgrupos que integran la Mesa de Di\u00e1logo para el Desarrollo Sostenible de Espinar se reactivaron a solicitud de las organizaciones sociales que exigen la atenci\u00f3n de sus demandas de \u00edndole ambiental y social.<\/p>\n<p>La facilitaci\u00f3n est\u00e1 a cargo de la Presidencia del Consejo de Ministros, a trav\u00e9s de los diferentes ministerios que integran y lideran los subgrupos, los cuales son los siguientes de acuerdo a la Resoluci\u00f3n Ministerial n.\u00b0 121-2021-PCM:<\/p>\n<ol>\n<li>Subgrupo de Trabajo Inversiones y Desarrollo<\/li>\n<li>Subgrupo de Trabajo Salud y Metales Pesados, Contaminaci\u00f3n Ambiental y Proyectos de Inversi\u00f3n en Saneamiento<\/li>\n<li>Subgrupo de Trabajo Reformulaci\u00f3n del Convenio de Marco<\/li>\n<li>Subgrupo de Trabajo Corredor Vial<\/li>\n<li>Subgrupo de Trabajo Justicia y Derechos Humanos<\/li>\n<li>Subgrupo de Trabajo Proyecto Minero Integraci\u00f3n Coroccohuayco<\/li>\n<\/ol>\n<p>El pasado 6 de junio, se desarroll\u00f3 la segunda reuni\u00f3n del Subgrupo de Trabajo Justicia y Derechos Humanos. Participaron funcionarios del Ministerio de Justicia y Derechos Humanos (MINJUSDH), Municipalidad Provincial de Espinar y representantes de las organizaciones sociales, quienes acordaron 8 puntos.<\/p>\n<p>Entre los cuales figura que el MINJUSDH enviar\u00e1 el pedido a las entidades correspondientes sobre la intervenci\u00f3n de control interno del Poder Judicial y Ministerio P\u00fablico, as\u00ed como el incremento de fiscales y jueces. Otro punto fue incluir en el informe con aportes a la solicitud de un acuerdo plenario para la no criminalizaci\u00f3n de la protesta social ante la Corte Suprema de Justicia del Per\u00fa.<\/p>\n<p>Tambi\u00e9n llegaron a otros acuerdos que implica el compromiso tanto de las organizaciones sociales como del MINJUSDH. La pr\u00f3xima reuni\u00f3n se realizar\u00e1 el pr\u00f3ximo 22 del corriente.<\/p>\n<p>Por su parte, el 7 de junio, se reinstal\u00f3 el Subgrupo de Trabajo Corredor Minero, donde sus integrantes consensuaron que tambi\u00e9n participar\u00e1 la poblaci\u00f3n afectada directamente por el Corredor Vial Apur\u00edmac-Cusco. La pr\u00f3xima fecha de trabajo es el pr\u00f3ximo 21 del corriente.<\/p>\n<p>El viceministro de Transportes y Comunicaciones, Luis Rivera P\u00e9rez, se traslad\u00f3 a la v\u00eda Espinar-Negro Mayo para verificar su estado. Antes del 15 de este mes se iniciar\u00eda el asfaltado de dicha v\u00eda.<\/p>\n<p>Vale precisar que los acuerdos de los otros subgrupos a\u00fan no se conocen oficialmente.<\/p>","protected":false},"excerpt":{"rendered":"<p>Redacci\u00f3n DHSF Las reuniones de los subgrupos que integran la Mesa de Di\u00e1logo para el Desarrollo Sostenible de Espinar se reactivaron a solicitud de las organizaciones sociales que exigen la atenci\u00f3n de sus demandas de \u00edndole ambiental y social. La facilitaci\u00f3n est\u00e1 a cargo de la Presidencia del Consejo de Ministros, a trav\u00e9s de los [&hellip;]<\/p>\n","protected":false},"author":1,"featured_media":3390,"comment_status":"open","ping_status":"open","sticky":false,"template":"","format":"standard","meta":{"_monsterinsights_skip_tracking":false,"_monsterinsights_sitenote_active":false,"_monsterinsights_sitenote_note":"","_monsterinsights_sitenote_category":0,"_jetpack_memberships_contains_paid_content":false,"footnotes":"","jetpack_publicize_message":"","jetpack_publicize_feature_enabled":true,"jetpack_social_post_already_shared":false,"jetpack_social_options":{"image_generator_settings":{"template":"highway","default_image_id":0,"font":"","enabled":false},"version":2}},"categories":[1],"tags":[],"class_list":["post-3389","post","type-post","status-publish","format-standard","has-post-thumbnail","hentry","category-sin-categoria"],"blocksy_meta":[],"jetpack_publicize_connections":[],"jetpack_featured_media_url":"https:\/\/derechosinfronteras.pe\/wp-content\/uploads\/2022\/06\/nota-mesa-espinar.jpg","jetpack_sharing_enabled":true,"jetpack_likes_enabled":true,"_links":{"self":[{"href":"https:\/\/derechosinfronteras.pe\/ingles\/wp-json\/wp\/v2\/posts\/3389","targetHints":{"allow":["GET"]}}],"collection":[{"href":"https:\/\/derechosinfronteras.pe\/ingles\/wp-json\/wp\/v2\/posts"}],"about":[{"href":"https:\/\/derechosinfronteras.pe\/ingles\/wp-json\/wp\/v2\/types\/post"}],"author":[{"embeddable":true,"href":"https:\/\/derechosinfronteras.pe\/ingles\/wp-json\/wp\/v2\/users\/1"}],"replies":[{"embeddable":true,"href":"https:\/\/derechosinfronteras.pe\/ingles\/wp-json\/wp\/v2\/comments?post=3389"}],"version-history":[{"count":0,"href":"https:\/\/derechosinfronteras.pe\/ingles\/wp-json\/wp\/v2\/posts\/3389\/revisions"}],"wp:featuredmedia":[{"embeddable":true,"href":"https:\/\/derechosinfronteras.pe\/ingles\/wp-json\/wp\/v2\/media\/3390"}],"wp:attachment":[{"href":"https:\/\/derechosinfronteras.pe\/ingles\/wp-json\/wp\/v2\/media?parent=3389"}],"wp:term":[{"taxonomy":"category","embeddable":true,"href":"https:\/\/derechosinfronteras.pe\/ingles\/wp-json\/wp\/v2\/categories?post=3389"},{"taxonomy":"post_tag","embeddable":true,"href":"https:\/\/derechosinfronteras.pe\/ingles\/wp-json\/wp\/v2\/tags?post=3389"}],"curies":[{"name":"wp","href":"https:\/\/api.w.org\/{rel}","templated":true}]}}