{"id":3391,"date":"2022-06-07T18:06:00","date_gmt":"2022-06-07T23:06:00","guid":{"rendered":"http:\/\/derechosinfronteras.pe\/?p=8194"},"modified":"2022-06-07T18:06:00","modified_gmt":"2022-06-07T23:06:00","slug":"asociaciones-de-mujeres-afectadas-por-esterilizaciones-forzadas-exponen-demandas-en-el-subgrupo-de-justicia-y-derechos-humanos","status":"publish","type":"post","link":"https:\/\/derechosinfronteras.pe\/ingles\/asociaciones-de-mujeres-afectadas-por-esterilizaciones-forzadas-exponen-demandas-en-el-subgrupo-de-justicia-y-derechos-humanos\/","title":{"rendered":"Mujeres afectadas por esterilizaciones forzadas exponen demandas en el Subgrupo de Justicia y Derechos Humanos"},"content":{"rendered":"<p>Redacci\u00f3n DHSF<\/p>\n<p>Las asociaciones de mujeres afectadas por esterilizaciones forzadas de las provincias de Anta, Canchis, Chumbivilcas y del distrito de Sicuani participaron de la reuni\u00f3n del Subgrupo de Justicia y Derechos Humanos, el cual forma parte de la Mesa T\u00e9cnica de Di\u00e1logo para el Desarrollo del Departamento de Cusco.<\/p>\n<p>En este espacio expusieron sus demandas con respecto al recojo de testimonio de las v\u00edctimas del caso penal 059-2019. Seg\u00fan se\u00f1alaron, tiene problemas de comunicaci\u00f3n con las y los abogados de Defensa P\u00fablica, por lo que las representantes solicitaron a la Direcci\u00f3n General de Derechos Humanos coordinar previamente con ellas el cronograma de toma de declaraciones y as\u00ed puedan disponer de tiempo en esta \u00e9poca de cosecha y agenciarse de un celular moderno para las diligencias virtuales, situaci\u00f3n que se les complica por la brecha digital y los problemas de conectividad en la zona rural.<\/p>\n<p>Adem\u00e1s, manifestaron que parte de las integrantes de sus asociaciones no saben qui\u00e9n es su abogado y desconocen en qu\u00e9 carpeta fiscal o expediente penal se encuentran.<\/p>\n<figure id=\"attachment_8196\" aria-describedby=\"caption-attachment-8196\" style=\"width: 715px\" class=\"wp-caption alignnone\"><img fetchpriority=\"high\" decoding=\"async\" class=\"wp-image-8196 size-large\" src=\"http:\/\/derechosinfronteras.pe\/wp-content\/uploads\/2022\/06\/WhatsApp-Image-2022-06-07-at-4.00.22-PM-1-1024x768.jpeg\" alt=\"Esta ma\u00f1ana en plena reuni\u00f3n\" width=\"715\" height=\"536\" \/><figcaption id=\"caption-attachment-8196\" class=\"wp-caption-text\">Esta ma\u00f1ana en plena reuni\u00f3n<\/figcaption><\/figure>\n<p>Otro punto de la reuni\u00f3n fue el estado actual del Registro de V\u00edctimas de Esterilizaciones Forzadas (REVIESFO), a cargo del Ministerio de Justicia y Derechos Humanos (MINJUSDH). Las v\u00edctimas expresaron la necesidad del cumplimiento de los objetivos del REVIESFO como atenci\u00f3n integral de salud del Ministerio de Salud y atenci\u00f3n psicol\u00f3gica y acompa\u00f1amiento social del Ministerio de la Mujer y Poblaciones Vulnerables.<\/p>\n<p>El director distrital de Defensa P\u00fablica y Acceso a la Justicia de Cusco, Robert Ch\u00e1vez Hurtado, inform\u00f3 que hay 7,913 y 1,734 personas inscritas en el REVIESFO a nivel nacional y en la regi\u00f3n Cusco, respectivamente. Asimismo, brind\u00f3 datos del n\u00famero de patrocinios de Defensa P\u00fablica, sobre el soporte emocional coordinado con el Centro de Emergencia Mujer (CEM) en algunas zonas y la programaci\u00f3n de inscripciones en este segundo semestre del a\u00f1o.<\/p>\n<p>Por su parte, el director general de Derechos Humanos, Edgardo Rodr\u00edguez G\u00f3mez, plante\u00f3 la importancia de incorporar las demandas de las v\u00edctimas del caso esterilizaciones forzadas en dicho subgrupo. Se comprometi\u00f3 a elaborar una propuesta normativa que atienda a las v\u00edctimas con reparaciones integrales.<\/p>\n<p>Nuestra instituci\u00f3n acompa\u00f1\u00f3 en esta reuni\u00f3n a la Asociaci\u00f3n de Mujeres Afectadas por Esterilizaciones Forzadas de Chumbivilcas (AMAEEFFCH) y a la Asociaci\u00f3n de Mujeres V\u00edctimas de Violencia M\u00faltiple y Esterilizaciones Forzadas de Sicuani.<\/p>\n<p>La abogada Yudith Conto de DHSF hizo menci\u00f3n de la demanda de amparo interpuesta contra el MINJUSDH por la sociedad civil para lograr la implementaci\u00f3n de una pol\u00edtica de reparaciones integrales para las mujeres afectadas por las esterilizaciones forzadas durante el r\u00e9gimen de Alberto Fujimori Fujimori. En tanto, Yulissa Casana, equipo de DHSF, inform\u00f3 sobre las dificultades de coordinaci\u00f3n que tiene la AMAEEFFCH con Defensa P\u00fablica, de acuerdo a lo mencionado por las mismas asociadas.<\/p>\n<figure id=\"attachment_8197\" aria-describedby=\"caption-attachment-8197\" style=\"width: 715px\" class=\"wp-caption alignnone\"><img decoding=\"async\" class=\"wp-image-8197 size-large\" src=\"http:\/\/derechosinfronteras.pe\/wp-content\/uploads\/2022\/06\/WhatsApp-Image-2022-06-07-at-4.00.21-PM-1024x768.jpeg\" alt=\"In\u00e9s Condori dirigi\u00e9ndose al p\u00fablico\" width=\"715\" height=\"536\" \/><figcaption id=\"caption-attachment-8197\" class=\"wp-caption-text\">In\u00e9s Condori dirigi\u00e9ndose al p\u00fablico<\/figcaption><\/figure>\n<p>Antes de finalizar, la asesora de la Asociaci\u00f3n de Mujeres Peruanas Afectadas por las Esterilizaciones Forzadas, Mar\u00eda Esther Mogoll\u00f3n, y la coordinadora de la AMAEEFFCH, In\u00e9s Condori Anaya, recordaron que el presidente Pedro Castillo se comprometi\u00f3 en campa\u00f1a electoral a atender las demandas de las v\u00edctimas, hecho que a la fecha no ha cumplido.<\/p>\n<p>A continuaci\u00f3n, los acuerdos alcanzados en el Subgrupo de Justicia y Derechos Humanos:<\/p>\n<ol>\n<li>Agilizar el proceso de elaboraci\u00f3n y consulta de la propuesta normativa, para ello, la Direcci\u00f3n General de Derechos Humanos compartir\u00e1 con la mesa un proyecto antes del plazo de un mes.<\/li>\n<li>Celebrar reuniones presenciales en Cusco para la concreci\u00f3n del proyecto, pudiendo completarse con reuniones virtuales que involucren a organizaciones nacionales.<\/li>\n<li>La Direcci\u00f3n Distrital de Defensa P\u00fablica solicitar\u00e1 los directorios actualizados de los Tambos y de los CEM.<\/li>\n<li>El pedido de que se solicite a trav\u00e9s de la Mesa T\u00e9cnica de Di\u00e1logo que las representantes de las organizaciones sean recibidas por el presidente Pedro Castillo, se incluir\u00e1 en el informe de la matriz.<\/li>\n<li>Se coordinar\u00e1 con el Ministerio de la Mujer y Poblaciones Vulnerables para la elaboraci\u00f3n de la propuesta ante los pedidos de las organizaciones de v\u00edctimas.<\/li>\n<\/ol>","protected":false},"excerpt":{"rendered":"<p>Redacci\u00f3n DHSF Las asociaciones de mujeres afectadas por esterilizaciones forzadas de las provincias de Anta, Canchis, Chumbivilcas y del distrito de Sicuani participaron de la reuni\u00f3n del Subgrupo de Justicia y Derechos Humanos, el cual forma parte de la Mesa T\u00e9cnica de Di\u00e1logo para el Desarrollo del Departamento de Cusco. En este espacio expusieron sus [&hellip;]<\/p>\n","protected":false},"author":1,"featured_media":3392,"comment_status":"open","ping_status":"open","sticky":false,"template":"","format":"standard","meta":{"_monsterinsights_skip_tracking":false,"_monsterinsights_sitenote_active":false,"_monsterinsights_sitenote_note":"","_monsterinsights_sitenote_category":0,"_jetpack_memberships_contains_paid_content":false,"footnotes":"","jetpack_publicize_message":"","jetpack_publicize_feature_enabled":true,"jetpack_social_post_already_shared":false,"jetpack_social_options":{"image_generator_settings":{"template":"highway","default_image_id":0,"font":"","enabled":false},"version":2}},"categories":[1],"tags":[],"class_list":["post-3391","post","type-post","status-publish","format-standard","has-post-thumbnail","hentry","category-sin-categoria"],"blocksy_meta":[],"jetpack_publicize_connections":[],"jetpack_featured_media_url":"https:\/\/derechosinfronteras.pe\/wp-content\/uploads\/2022\/06\/NOTA-CASO-EEFF.jpg","jetpack_sharing_enabled":true,"jetpack_likes_enabled":true,"_links":{"self":[{"href":"https:\/\/derechosinfronteras.pe\/ingles\/wp-json\/wp\/v2\/posts\/3391","targetHints":{"allow":["GET"]}}],"collection":[{"href":"https:\/\/derechosinfronteras.pe\/ingles\/wp-json\/wp\/v2\/posts"}],"about":[{"href":"https:\/\/derechosinfronteras.pe\/ingles\/wp-json\/wp\/v2\/types\/post"}],"author":[{"embeddable":true,"href":"https:\/\/derechosinfronteras.pe\/ingles\/wp-json\/wp\/v2\/users\/1"}],"replies":[{"embeddable":true,"href":"https:\/\/derechosinfronteras.pe\/ingles\/wp-json\/wp\/v2\/comments?post=3391"}],"version-history":[{"count":0,"href":"https:\/\/derechosinfronteras.pe\/ingles\/wp-json\/wp\/v2\/posts\/3391\/revisions"}],"wp:featuredmedia":[{"embeddable":true,"href":"https:\/\/derechosinfronteras.pe\/ingles\/wp-json\/wp\/v2\/media\/3392"}],"wp:attachment":[{"href":"https:\/\/derechosinfronteras.pe\/ingles\/wp-json\/wp\/v2\/media?parent=3391"}],"wp:term":[{"taxonomy":"category","embeddable":true,"href":"https:\/\/derechosinfronteras.pe\/ingles\/wp-json\/wp\/v2\/categories?post=3391"},{"taxonomy":"post_tag","embeddable":true,"href":"https:\/\/derechosinfronteras.pe\/ingles\/wp-json\/wp\/v2\/tags?post=3391"}],"curies":[{"name":"wp","href":"https:\/\/api.w.org\/{rel}","templated":true}]}}