{"id":3393,"date":"2022-06-02T13:03:10","date_gmt":"2022-06-02T18:03:10","guid":{"rendered":"http:\/\/derechosinfronteras.pe\/?p=8190"},"modified":"2023-12-28T20:31:44","modified_gmt":"2023-12-29T01:31:44","slug":"lanzamos-la-campana-internacional-espinar-no-puede-esperar","status":"publish","type":"post","link":"https:\/\/derechosinfronteras.pe\/ingles\/lanzamos-la-campana-internacional-espinar-no-puede-esperar\/","title":{"rendered":"Lanzamos la campa\u00f1a internacional \u00abEspinar no puede esperar\u00bb"},"content":{"rendered":"<p>Nota de prensa<\/p>\n<p><strong><em>M\u00e1s de 100 organizaciones -entre nacionales e internacionales- se unen para pedir a los pa\u00edses de la Uni\u00f3n Europea (UE) que debatan y aprueben la Ley de Debida Diligencia, directiva que busca adoptar una legislaci\u00f3n a la escala de la UE para prevenir los abusos de los derechos humanos y los da\u00f1os ambientales por parte de empresas europeas que operen en otros pa\u00edses a lo largo de toda su cadena de valor.\u00a0 La campa\u00f1a pone \u00e9nfasis en el caso Espinar (Cusco), lugar que convive cerca de 40 a\u00f1os con la actividad minera y donde se han presentado diversas vulneraciones a los derechos humanos.<\/em><\/strong><\/p>\n<p><strong><em>\u00a0<\/em><\/strong>Los 27 pa\u00edses que forman parte de la Uni\u00f3n Europea han puesto en debate una propuesta legislativa (directiva) de debida diligencia que podr\u00eda cambiar el comportamiento de las empresas europeas o empresas que facturan en estos pa\u00edses, en los distintos lugares en los que tengan operaciones. De aprobarse e implementarse esta directiva, la empresa Suiza Glencore, que opera en Espinar, Cusco (Per\u00fa), estar\u00e1 obligada a determinar, prevenir, mitigar y reparar los efectos adversos reales y potenciales generados por sus actividades en los derechos humanos y el ambiente.<\/p>\n<p>La directiva europea tambi\u00e9n contempla la cadena de valor, porque estas obligaciones \u2014en el \u00e1mbito de los derechos humanos y en aplicaci\u00f3n de los principios de precauci\u00f3n y de prevenci\u00f3n\u2014 deben recaer no s\u00f3lo en las empresas matrices, sino en todo lo que se considera su cadena de suministro y todas aquellas entidades empresariales con las cuales tiene v\u00ednculos comerciales o relaciones de subordinaci\u00f3n jur\u00eddica. Es decir, las empresas matrices, sus sucursales y filiales, pero tambi\u00e9n otras entidades empresariales \u2014grandes y chicas\u2014 con las que contratan y subcontratan. Toda la cadena de suministro y toda la cadena de valor, debe ser incorporada en el examen de esta obligaci\u00f3n de debida diligencia.<\/p>\n<p>\u00bfPor qu\u00e9 el caso Espinar? Porque cerca de cuatro d\u00e9cadas de actividad minera viene ocasionando un grave impacto en las poblaciones originarias -especialmente a la poblaci\u00f3n K&#8217;ana- que vive cerca de la mina.\u00a0 Adem\u00e1s de la contaminaci\u00f3n, enfrentan la fragmentaci\u00f3n y p\u00e9rdida de sus territorios por la venta individual de la tierra que, por siglos, se ha ocupado y trabajado de manera comunal.\u00a0 La migraci\u00f3n y la p\u00e9rdida de pr\u00e1cticas, conocimientos y costumbres es la consecuencia m\u00e1s notoria. Pese a ello, y sin que se haya corregido esta pr\u00e1ctica, la mina contin\u00faa con su proceso de expansi\u00f3n con el proyecto Coroccohuayco.<\/p>\n<p>As\u00ed, la campa\u00f1a <strong><em>Espinar no puede esperar<\/em><\/strong> busca justicia para la poblaci\u00f3n de Espinar. En ese marco, busca incidir en que la propuesta de ley de debida diligencia de la Uni\u00f3n Europea incluya cl\u00e1usulas de garant\u00edas para los derechos de la poblaci\u00f3n en los entornos en donde se realiza la inversi\u00f3n europea. Busca que se d\u00e9, con transparencia y rigor cient\u00edfico, con las causas de la contaminaci\u00f3n y los da\u00f1os a la salud humana, que se asegure acceso a agua limpia y a servicios especializados de salud con enfoque de g\u00e9nero y pertenencia cultural para toda la poblaci\u00f3n. Asi mismo, busca que se definan mecanismos vinculantes para el cumplimiento del marco internacional de derechos humanos, como la realizaci\u00f3n de consultas previas, libres e informadas, con est\u00e1ndares internaciones, respetando el convenio 169 de la OIT y la declaraci\u00f3n universal de Naciones Unidas sobre los derechos de la poblaci\u00f3n ind\u00edgena, en el marco de la responsabilidad extraterritorial de las empresas con capitales o sede en la UE.<\/p>\n<p>En un pa\u00eds extractivista como el Per\u00fa, que no cuenta con un marco legal para acceder a justicia y reparaci\u00f3n de da\u00f1os por parte de empresas transnacionales y su cadena de valor en los graves impactos negativos que generan en el medio ambiente y los derechos humanos de las personas que viven alrededor de estos proyectos, se hace urgente y necesario una ley de debida diligencia que garantice el acceso a la justicia, reparaci\u00f3n y sanci\u00f3n a las violaciones de derechos humanos.<\/p>\n<p>Cabe se\u00f1alar que actualmente pa\u00edses como Francia y Alemania ya cuentan con una legislaci\u00f3n en esta materia.<\/p>\n<p><strong>\u00a0<\/strong>Esta campa\u00f1a est\u00e1 impulsada por tres redes europeas: <a href=\"https:\/\/eulatnetwork.org\/es\/\" target=\"_blank\" rel=\"noopener\">Red UE-LAT<\/a>,\u00a0<a href=\"https:\/\/www.cidse.org\/es\/\" target=\"_blank\" rel=\"noopener\">CIDSE<\/a>\u00a0y\u00a0PEP<u>,<\/u>\u00a0 que agrupan a m\u00e1s de 60 organizaciones de solidaridad internacional de 15 pa\u00edses diferentes, adem\u00e1s de 50 organizaciones peruanas pertenecientes a cuatro plataformas nacionales:\u00a0 Plataforma de la Sociedad Civil sobre Empresas y Derechos Humanos, Red Muqui, Campa\u00f1a Nacional Permanente Defensores y Defensoras y la Mesa T\u00e9cnica de Salud Ambiental y Humana; redes promovidas por organizaciones peruanas como: CooperAcci\u00f3n, Derechos Humanos Sin Fronteras, Instituto de Defensa Legal-IDL y Per\u00fa Equidad.<\/p>\n<p>&nbsp;<\/p>","protected":false},"excerpt":{"rendered":"<p>Nota de prensa M\u00e1s de 100 organizaciones -entre nacionales e internacionales- se unen para pedir a los pa\u00edses de la Uni\u00f3n Europea (UE) que debatan y aprueben la Ley de Debida Diligencia, directiva que busca adoptar una legislaci\u00f3n a la escala de la UE para prevenir los abusos de los derechos humanos y los da\u00f1os [&hellip;]<\/p>\n","protected":false},"author":1,"featured_media":3394,"comment_status":"open","ping_status":"open","sticky":false,"template":"","format":"standard","meta":{"_monsterinsights_skip_tracking":false,"_monsterinsights_sitenote_active":false,"_monsterinsights_sitenote_note":"","_monsterinsights_sitenote_category":0,"_jetpack_memberships_contains_paid_content":false,"footnotes":"","jetpack_publicize_message":"","jetpack_publicize_feature_enabled":true,"jetpack_social_post_already_shared":false,"jetpack_social_options":{"image_generator_settings":{"template":"highway","default_image_id":0,"font":"","enabled":false},"version":2}},"categories":[1],"tags":[],"class_list":["post-3393","post","type-post","status-publish","format-standard","has-post-thumbnail","hentry","category-sin-categoria"],"blocksy_meta":[],"jetpack_publicize_connections":[],"jetpack_featured_media_url":"https:\/\/derechosinfronteras.pe\/wp-content\/uploads\/2022\/06\/no-ta-deprensa-campana-Espinar-no-puede-esperar.jpg","jetpack_sharing_enabled":true,"jetpack_likes_enabled":true,"_links":{"self":[{"href":"https:\/\/derechosinfronteras.pe\/ingles\/wp-json\/wp\/v2\/posts\/3393","targetHints":{"allow":["GET"]}}],"collection":[{"href":"https:\/\/derechosinfronteras.pe\/ingles\/wp-json\/wp\/v2\/posts"}],"about":[{"href":"https:\/\/derechosinfronteras.pe\/ingles\/wp-json\/wp\/v2\/types\/post"}],"author":[{"embeddable":true,"href":"https:\/\/derechosinfronteras.pe\/ingles\/wp-json\/wp\/v2\/users\/1"}],"replies":[{"embeddable":true,"href":"https:\/\/derechosinfronteras.pe\/ingles\/wp-json\/wp\/v2\/comments?post=3393"}],"version-history":[{"count":1,"href":"https:\/\/derechosinfronteras.pe\/ingles\/wp-json\/wp\/v2\/posts\/3393\/revisions"}],"predecessor-version":[{"id":7009,"href":"https:\/\/derechosinfronteras.pe\/ingles\/wp-json\/wp\/v2\/posts\/3393\/revisions\/7009"}],"wp:featuredmedia":[{"embeddable":true,"href":"https:\/\/derechosinfronteras.pe\/ingles\/wp-json\/wp\/v2\/media\/3394"}],"wp:attachment":[{"href":"https:\/\/derechosinfronteras.pe\/ingles\/wp-json\/wp\/v2\/media?parent=3393"}],"wp:term":[{"taxonomy":"category","embeddable":true,"href":"https:\/\/derechosinfronteras.pe\/ingles\/wp-json\/wp\/v2\/categories?post=3393"},{"taxonomy":"post_tag","embeddable":true,"href":"https:\/\/derechosinfronteras.pe\/ingles\/wp-json\/wp\/v2\/tags?post=3393"}],"curies":[{"name":"wp","href":"https:\/\/api.w.org\/{rel}","templated":true}]}}