{"id":3395,"date":"2022-05-30T18:00:38","date_gmt":"2022-05-30T23:00:38","guid":{"rendered":"http:\/\/derechosinfronteras.pe\/?p=8187"},"modified":"2022-05-30T18:00:38","modified_gmt":"2022-05-30T23:00:38","slug":"defensores-y-defensoras-del-sur-rumbo-al-encuentro-nacional","status":"publish","type":"post","link":"https:\/\/derechosinfronteras.pe\/ingles\/defensores-y-defensoras-del-sur-rumbo-al-encuentro-nacional\/","title":{"rendered":"Defensores y Defensoras del sur rumbo al Encuentro Nacional\u00a0"},"content":{"rendered":"<p style=\"text-align: center;\"><b>Pronunciamiento<\/b><\/p>\n<p><b>Nos ratificamos en defender los derechos de los y las defensores y defensoras de derechos humanos del sur andino.\u00a0<\/b><\/p>\n<p><b>\u00a1No m\u00e1s criminalizaci\u00f3n!, \u00a1Ratificaci\u00f3n de Escaz\u00fa ya!, \u00a1Implementaci\u00f3n del mecanismo intersectorial para la protecci\u00f3n de defensores y defensoras!<\/b><\/p>\n<p><span style=\"font-weight: 400;\">Los d\u00edas 25 y 26 de mayo del 2022 las y los defensores de la macro regi\u00f3n surandina nos reunimos en Cusco para continuar nuestro proceso de autoformaci\u00f3n, as\u00ed como para fortalecer nuestra articulaci\u00f3n y organizarnos camino al Encuentro Nacional de Defensores y Defensoras en Lima el 15 y 16 de junio.<\/span><\/p>\n<p><span style=\"font-weight: 400;\">La situaci\u00f3n de los defensores y las defensoras ambientales en el sur andino es preocupante, debido a que nos encontramos criminalizados, estigmatizados y hostigados permanentemente por las instituciones del Estado, principalmente por el sistema de Justicia. As\u00ed mismo, los defensores y defensoras ambientales sufrimos la contaminaci\u00f3n de nuestros territorios, incluyendo recursos indispensables como el agua, el aire y el suelo por parte de las actividades extractivas mineras. Contaminaci\u00f3n que afecta tambi\u00e9n nuestra salud por la presencia de metales t\u00f3xicos en nuestros cuerpos, resultado del impacto de los megaproyectos extractivos en nuestros territorios.<\/span><\/p>\n<p><span style=\"font-weight: 400;\">En la mayor\u00eda de casos los defensores y defensoras nos encontramos indefensos ante la desidia del Estado y su frecuente parcializaci\u00f3n a favor de las empresas extractivas. Este sin embargo no atiende su rol garante de derechos y criminaliza a las personas que luchamos por el reconocimiento de nuestro derecho fundamental a la vida, a la salud, a la identidad, a la relaci\u00f3n con nuestros territorios y a un ambiente saludable y adecuado para la vida.\u00a0\u00a0<\/span><\/p>\n<p><span style=\"font-weight: 400;\">En esa l\u00ednea, el principal acuerdo del II Taller de defensores y defensoras de la macro regi\u00f3n surandina es participar en el Encuentro Nacional de Defensores el 15 y 16 de junio en Lima.<\/span><\/p>\n<p><span style=\"font-weight: 400;\">Algunas de las propuestas centrales que llevaremos a este espacio de encuentro, reflexi\u00f3n y movilizaci\u00f3n y que adem\u00e1s hacemos p\u00fablicas:<\/span><\/p>\n<ul>\n<li style=\"font-weight: 400;\" aria-level=\"1\"><span style=\"font-weight: 400;\">A nivel internacional, seguir moviliz\u00e1ndonos y generando alianzas para la ratificaci\u00f3n del Acuerdo de Escaz\u00fa en el Congreso de la Rep\u00fablica que debe servir como marco normativo que permita proteger a las y los defensores en todo el territorio nacional, incluido el sur,\u00a0 y que asegura los mecanismos de acceso a la informaci\u00f3n y la justicia para temas ambientales.\u00a0<\/span><\/li>\n<li style=\"font-weight: 400;\" aria-level=\"1\"><span style=\"font-weight: 400;\">A nivel nacional, construir desde las y los defensores una ley nacional de protecci\u00f3n de defensores y defensoras ambientales y continuar con la incidencia que permita tener una normatividad favorable que reduzca los riesgos de las y los defensores, acelerando la respuesta del Estado.<\/span><\/li>\n<li style=\"font-weight: 400;\" aria-level=\"1\"><span style=\"font-weight: 400;\">Sobre el mecanismo intersectorial, luchar por su implementaci\u00f3n adecuada a nivel nacional,y aplicar sus protocolos y lineamientos en los distintos sectores del Ejecutivo, con presupuestos y personal que garantice su ejecuci\u00f3n. Es fundamental que los diversos ministerios asuman este mecanismo, y en especial el Ministerio del Interior. Por lo que denunciamos c\u00f3mo viene actuando este sector en los conflictos en los distintos territorios, como ocurri\u00f3 en las \u00faltimas semanas en el caso de la minera Las Bambas en Apur\u00edmac.<\/span><\/li>\n<li style=\"font-weight: 400;\" aria-level=\"1\"><span style=\"font-weight: 400;\">Trabajar un registro de defensores y defensoras a nivel nacional, porque es necesario saber cu\u00e1ntos\/as somos y d\u00f3nde estamos ejerciendo la defensa del territorio, el ambiente y la vida a nivel nacional, reconoci\u00e9ndonos y protegi\u00e9ndonos.\u00a0<\/span><\/li>\n<li style=\"font-weight: 400;\" aria-level=\"1\"><span style=\"font-weight: 400;\">Necesitamos visibilizar tambi\u00e9n la importancia y el doble riesgo al que se ven expuestas las compa\u00f1eras defensoras en los territorios y la importancia de asegurar mecanismos de protecci\u00f3n espec\u00edficos para ellas, que aseguren su derecho a la defensa de la vida digna en sus territorios.\u00a0<\/span><\/li>\n<li style=\"font-weight: 400;\" aria-level=\"1\"><span style=\"font-weight: 400;\">Tambi\u00e9n acordamos seguir haciendo incidencia ante la Corte Suprema de Justicia sobre la necesidad de un acuerdo plenario. A fin que se aborde la criminalizaci\u00f3n a los defensores\/as, que se\u00f1ale pautas en el marco\u00a0 del derecho a la protesta social, defensa del territorio y el medio ambiente y se evite la criminalizaci\u00f3n de defensores y defensoras. Para que dicha instancia tambi\u00e9n defina una l\u00ednea de interpretaci\u00f3n jurisprudencial correcta en pro de los derechos humanos. Contraria a las interpretaciones erradas que por ejemplo equiparan el derecho a la protesta al delito de disturbios, extorsi\u00f3n, entorpecimiento de los servicios p\u00fablicos o secuestro, que son utilizadas para criminalizar la leg\u00edtima protesta.\u00a0<\/span><\/li>\n<\/ul>\n<p><span style=\"font-weight: 400;\">Para finalizar, queremos ratificar que como defensores y defensoras de la macrosur somos parte de la Campa\u00f1a Nacional Permanente de Defensores y Defensoras, proceso que debe servir para unificar y articular la lucha de las y los defensores a nivel nacional. Para visibilizar nuestras demandas, fortalecer la defensa de la vida en nuestros territorios, y generar redes. Por lo cual, estaremos participando en el gran Encuentro Nacional este 15 y 16 de junio en la ciudad de Lima.<\/span><\/p>\n<p>&nbsp;<\/p>\n<p><span style=\"font-weight: 400;\">Cusco, 26 de mayo del 2022.<\/span><\/p>","protected":false},"excerpt":{"rendered":"<p>Pronunciamiento Nos ratificamos en defender los derechos de los y las defensores y defensoras de derechos humanos del sur andino.\u00a0 \u00a1No m\u00e1s criminalizaci\u00f3n!, \u00a1Ratificaci\u00f3n de Escaz\u00fa ya!, \u00a1Implementaci\u00f3n del mecanismo intersectorial para la protecci\u00f3n de defensores y defensoras! Los d\u00edas 25 y 26 de mayo del 2022 las y los defensores de la macro regi\u00f3n [&hellip;]<\/p>\n","protected":false},"author":1,"featured_media":3396,"comment_status":"open","ping_status":"open","sticky":false,"template":"","format":"standard","meta":{"_monsterinsights_skip_tracking":false,"_monsterinsights_sitenote_active":false,"_monsterinsights_sitenote_note":"","_monsterinsights_sitenote_category":0,"_jetpack_memberships_contains_paid_content":false,"footnotes":"","jetpack_publicize_message":"","jetpack_publicize_feature_enabled":true,"jetpack_social_post_already_shared":false,"jetpack_social_options":{"image_generator_settings":{"template":"highway","default_image_id":0,"font":"","enabled":false},"version":2}},"categories":[1],"tags":[],"class_list":["post-3395","post","type-post","status-publish","format-standard","has-post-thumbnail","hentry","category-sin-categoria"],"blocksy_meta":[],"jetpack_publicize_connections":[],"jetpack_featured_media_url":"https:\/\/derechosinfronteras.pe\/wp-content\/uploads\/2022\/05\/PRON-2.jpg","jetpack_sharing_enabled":true,"jetpack_likes_enabled":true,"_links":{"self":[{"href":"https:\/\/derechosinfronteras.pe\/ingles\/wp-json\/wp\/v2\/posts\/3395","targetHints":{"allow":["GET"]}}],"collection":[{"href":"https:\/\/derechosinfronteras.pe\/ingles\/wp-json\/wp\/v2\/posts"}],"about":[{"href":"https:\/\/derechosinfronteras.pe\/ingles\/wp-json\/wp\/v2\/types\/post"}],"author":[{"embeddable":true,"href":"https:\/\/derechosinfronteras.pe\/ingles\/wp-json\/wp\/v2\/users\/1"}],"replies":[{"embeddable":true,"href":"https:\/\/derechosinfronteras.pe\/ingles\/wp-json\/wp\/v2\/comments?post=3395"}],"version-history":[{"count":0,"href":"https:\/\/derechosinfronteras.pe\/ingles\/wp-json\/wp\/v2\/posts\/3395\/revisions"}],"wp:featuredmedia":[{"embeddable":true,"href":"https:\/\/derechosinfronteras.pe\/ingles\/wp-json\/wp\/v2\/media\/3396"}],"wp:attachment":[{"href":"https:\/\/derechosinfronteras.pe\/ingles\/wp-json\/wp\/v2\/media?parent=3395"}],"wp:term":[{"taxonomy":"category","embeddable":true,"href":"https:\/\/derechosinfronteras.pe\/ingles\/wp-json\/wp\/v2\/categories?post=3395"},{"taxonomy":"post_tag","embeddable":true,"href":"https:\/\/derechosinfronteras.pe\/ingles\/wp-json\/wp\/v2\/tags?post=3395"}],"curies":[{"name":"wp","href":"https:\/\/api.w.org\/{rel}","templated":true}]}}