{"id":3399,"date":"2022-05-23T15:08:43","date_gmt":"2022-05-23T20:08:43","guid":{"rendered":"http:\/\/derechosinfronteras.pe\/?p=8166"},"modified":"2023-12-28T20:31:46","modified_gmt":"2023-12-29T01:31:46","slug":"i-encuentro-provincial-de-mujeres-kanas-una-forma-organizada-de-hacerle-frente-a-la-violencia-contra-las-mujeres","status":"publish","type":"post","link":"https:\/\/derechosinfronteras.pe\/ingles\/i-encuentro-provincial-de-mujeres-kanas-una-forma-organizada-de-hacerle-frente-a-la-violencia-contra-las-mujeres\/","title":{"rendered":"I Encuentro Provincial de Mujeres K\u2019anas, una forma organizada de hacerle frente a la violencia contra las mujeres"},"content":{"rendered":"<p>Redacci\u00f3n DHSF<\/p>\n<p>La vigilancia y participaci\u00f3n ciudadana es una forma de hacerle frente a la violencia contra las mujeres, adolescentes y ni\u00f1as, por lo cual lideresas, dirigentas y j\u00f3venes organizaron el I Encuentro Provincial de Mujeres K\u2019anas en la provincia de Espinar, el s\u00e1bado 21 de mayo, en el D\u00eda de la Dignidad Espinarense.<\/p>\n<p>Participaron representantes de las instituciones p\u00fablicas y privadas, que integran la Instancia Provincial de Concertaci\u00f3n para Erradicar la Violencia contra la Mujer e Integrantes del Grupo Familiar, como el Centro Emergencia Mujer (CEM), Fiscal\u00eda Provincial Corporativa Especializada en Violencia contra la Mujer e Integrantes del Grupo Familiar, Juzgado Mixto de Espinar, Polic\u00eda Nacional del Per\u00fa y Derechos Humanos Sin Fronteras.<\/p>\n<p>Tambi\u00e9n estuvieron integrantes de las organizaciones sociales de base, exdirigentas y la representante del Consejo Regional de la Mujer, Gloria Joaquina Pilares, as\u00ed como la congresista Ruth Luque Ibarra.<\/p>\n Claudia Cuba, parte del equipo de DHSF, moderando el evento.\n<p>Tanto las instituciones como las organizaciones sociales manifestaron su preocupaci\u00f3n por el estado de la Casa de Refugio Temporal de la Mujer, la cual no funciona ni se encuentra implementada. Esto a pesar que existe la necesidad de contar con un espacio que albergue a las v\u00edctimas y a los integrantes del grupo familiar, tal como figura en la Agenda de la Mujer K\u2019ana 2020-2025, instrumento de gesti\u00f3n que contiene la problem\u00e1tica y propuestas ante la vulneraci\u00f3n de los derechos humanos, como es la violencia hacia la mujer.<\/p>\n<p>Tampoco la provincia cuenta con un m\u00e9dico legista y el albergue para menores de edad ni siquiera est\u00e1 implementado, as\u00ed lo expuso la jueza del Juzgado Mixto de Espinar, Carmen Rosa Delgado.<\/p>\n Doctora Carmen Rosa Delgado marcando su posici\u00f3n.\n<p>En la misma l\u00ednea, el fiscal Gerber Quispe Machicado de la Fiscal\u00eda Provincial Corporativa Especializada en Violencia contra la Mujer e integrantes del Grupo Familiar de Espinar se pronunci\u00f3 sobre la Casa de Refugio Temporal de la Mujer.<\/p>\n Magistrado Gerber Quispe manifestando su preocupaci\u00f3n.\n<p>En tanto, la psic\u00f3loga Yaned Soledad Quispe Colque del CEM pidi\u00f3 a las mujeres denunciantes no abandonar sus casos y acercarse al \u00e1rea de atenci\u00f3n.<\/p>\n PsIc\u00f3loga Yaned Quispe explic\u00f3 sobre las funciones del CEM.\n<p>Mientras que, el comandante PNP Geraldo Mirano Huam\u00e1n dijo que la instituci\u00f3n que representa est\u00e1 presente para las v\u00edctimas en cualquier momento, declaraciones que llamaron la atenci\u00f3n de las y los asistentes debido al desprestigio de la Polic\u00eda Nacional del Per\u00fa.<\/p>\n Comandante PNP Geraldo Mirano Huam\u00e1n dirigi\u00e9ndose al p\u00fablico.\n<p>El coordinador regional del Ministerio de la Mujer y Poblaciones Vulnerables en Cusco, Angelo Medina, se\u00f1al\u00f3 que la problem\u00e1tica de la violencia de la mujer es tarea de todas y todos. Tambi\u00e9n dio datos estad\u00edsticos del CEM de Espinar, de enero a marzo, 111 casos reportados, de los cuales 110 fueron mujeres.<\/p>\n Representante del Ministerio de la Mujer y Poblaciones Vulnerables.\n<p>El turno de las organizaciones sociales fue clave, puesto que reflexionaron sobre la violencia hacia la mujer y plantearon algunas soluciones.<\/p>\n<p>Luego, la congresista Ruth Luque anunci\u00f3 que buscar\u00e1 un di\u00e1logo con la Municipalidad Provincial de Espinar para gestionar la contrataci\u00f3n de m\u00e9dicos legistas y expondr\u00e1 en el pr\u00f3ximo debate del Congreso de la Rep\u00fablica, en agosto de 2023, priorizar en el presupuesto la contrataci\u00f3n de dichos profesionales a nivel nacional.<\/p>\n<p>Asimismo, dijo que el sistema de justicia requiere de mayor presupuesto ante la carga procesal, al igual que el CEM.<\/p>\n<p>Finalmente, anim\u00f3 a las asistentes a elegir en las pr\u00f3ximas elecciones regionales y municipales a un candidato\/ta comprometido con la lucha contra la violencia hacia la mujer.<\/p>\n La congresista Ruth Luque tras escuchar las demandas.\n<p>Despu\u00e9s de este primer momento. Cada representante de las instituciones se comprometi\u00f3 a unir esfuerzos y trabajar coordinadamente.<\/p>\n<p>Por su parte, la presidenta de la Asociaci\u00f3n de Mujeres Defensoras del Territorio y Cultura K\u2019ana, Elsa Mema Ccahua, lament\u00f3 la actitud del alcalde Lolo Arenas, quien no asisti\u00f3 a esta actividad pese haber sido invitado y ser presidente de la Instancia Provincial de Concertaci\u00f3n. Tampoco ning\u00fan representante de su gesti\u00f3n, por lo que hizo un llamado a las y los espinarenses a mantenerse unidos y vigilantes para hacerle frente a la violencia y cumplir con la Agenda de la Mujer K\u2019ana.<\/p>\n<figure id=\"attachment_8177\" aria-describedby=\"caption-attachment-8177\" style=\"width: 715px\" class=\"wp-caption alignnone\"><img fetchpriority=\"high\" decoding=\"async\" class=\"wp-image-8177 size-large\" src=\"http:\/\/derechosinfronteras.pe\/wp-content\/uploads\/2022\/05\/Elsa-Mermas-agenda-de-la-mujer-kana-1024x756.jpg\" alt=\"Elsa Merma mostrando la Agenda de la Mujer K'ana\" width=\"715\" height=\"528\" \/><figcaption id=\"caption-attachment-8177\" class=\"wp-caption-text\">Elsa Merma mostrando la Agenda de la Mujer K&#8217;ana<\/figcaption><\/figure>\n<p>Nuestra instituci\u00f3n Derechos Humanos Sin Fronteras acompa\u00f1\u00f3 antes, durante y despu\u00e9s del evento a trav\u00e9s de la asistencia t\u00e9cnica a las lideresas organizadoras. Tambi\u00e9n moder\u00f3 este espacio en quechua y espa\u00f1ol con ayuda de Elizabeth Saico, lideresa y locutora de Pichigua.<\/p>\n<p>El encuentro finaliz\u00f3 con el reconocimiento a las mentoras formadas por el CEM de Espinar para el acompa\u00f1amiento a otras mujeres v\u00edctimas de violencia.<\/p>\n Voluntarias realizar\u00e1n acompa\u00f1amiento a mujeres v\u00edctimas de violencia.\n<p>&nbsp;<\/p>","protected":false},"excerpt":{"rendered":"<p>Redacci\u00f3n DHSF La vigilancia y participaci\u00f3n ciudadana es una forma de hacerle frente a la violencia contra las mujeres, adolescentes y ni\u00f1as, por lo cual lideresas, dirigentas y j\u00f3venes organizaron el I Encuentro Provincial de Mujeres K\u2019anas en la provincia de Espinar, el s\u00e1bado 21 de mayo, en el D\u00eda de la Dignidad Espinarense. Participaron [&hellip;]<\/p>\n","protected":false},"author":1,"featured_media":3400,"comment_status":"open","ping_status":"open","sticky":false,"template":"","format":"standard","meta":{"_monsterinsights_skip_tracking":false,"_monsterinsights_sitenote_active":false,"_monsterinsights_sitenote_note":"","_monsterinsights_sitenote_category":0,"_jetpack_memberships_contains_paid_content":false,"footnotes":"","jetpack_publicize_message":"","jetpack_publicize_feature_enabled":true,"jetpack_social_post_already_shared":false,"jetpack_social_options":{"image_generator_settings":{"template":"highway","default_image_id":0,"font":"","enabled":false},"version":2}},"categories":[1],"tags":[],"class_list":["post-3399","post","type-post","status-publish","format-standard","has-post-thumbnail","hentry","category-sin-categoria"],"blocksy_meta":[],"jetpack_publicize_connections":[],"jetpack_featured_media_url":"https:\/\/derechosinfronteras.pe\/wp-content\/uploads\/2022\/05\/IMG_8717-scaled-2.jpg","jetpack_sharing_enabled":true,"jetpack_likes_enabled":true,"_links":{"self":[{"href":"https:\/\/derechosinfronteras.pe\/ingles\/wp-json\/wp\/v2\/posts\/3399","targetHints":{"allow":["GET"]}}],"collection":[{"href":"https:\/\/derechosinfronteras.pe\/ingles\/wp-json\/wp\/v2\/posts"}],"about":[{"href":"https:\/\/derechosinfronteras.pe\/ingles\/wp-json\/wp\/v2\/types\/post"}],"author":[{"embeddable":true,"href":"https:\/\/derechosinfronteras.pe\/ingles\/wp-json\/wp\/v2\/users\/1"}],"replies":[{"embeddable":true,"href":"https:\/\/derechosinfronteras.pe\/ingles\/wp-json\/wp\/v2\/comments?post=3399"}],"version-history":[{"count":8,"href":"https:\/\/derechosinfronteras.pe\/ingles\/wp-json\/wp\/v2\/posts\/3399\/revisions"}],"predecessor-version":[{"id":7017,"href":"https:\/\/derechosinfronteras.pe\/ingles\/wp-json\/wp\/v2\/posts\/3399\/revisions\/7017"}],"wp:featuredmedia":[{"embeddable":true,"href":"https:\/\/derechosinfronteras.pe\/ingles\/wp-json\/wp\/v2\/media\/3400"}],"wp:attachment":[{"href":"https:\/\/derechosinfronteras.pe\/ingles\/wp-json\/wp\/v2\/media?parent=3399"}],"wp:term":[{"taxonomy":"category","embeddable":true,"href":"https:\/\/derechosinfronteras.pe\/ingles\/wp-json\/wp\/v2\/categories?post=3399"},{"taxonomy":"post_tag","embeddable":true,"href":"https:\/\/derechosinfronteras.pe\/ingles\/wp-json\/wp\/v2\/tags?post=3399"}],"curies":[{"name":"wp","href":"https:\/\/api.w.org\/{rel}","templated":true}]}}