{"id":3403,"date":"2022-05-20T18:08:27","date_gmt":"2022-05-20T23:08:27","guid":{"rendered":"http:\/\/derechosinfronteras.pe\/?p=8154"},"modified":"2022-05-20T18:08:27","modified_gmt":"2022-05-20T23:08:27","slug":"oscar-mollohuanca-y-la-lucha-de-la-nacion-kana","status":"publish","type":"post","link":"https:\/\/derechosinfronteras.pe\/ingles\/oscar-mollohuanca-y-la-lucha-de-la-nacion-kana\/","title":{"rendered":"Oscar Mollohuanca y la lucha de la Naci\u00f3n K\u00b4ana"},"content":{"rendered":"<p>A dos meses de su muerte, la Fiscal\u00eda Provincial de Espinar tiene entre sus manos el informe m\u00e9dico legal, pero a\u00fan no hay carpeta fiscal porque falta el informe policial y otros ex\u00e1menes que le practicaron al cuerpo de Oscar. En Cusco se le recuerda con tristeza y como un ejemplo a seguir.<\/p>\n<p><strong>Escribe: <\/strong>Helio Nestor Cruz Chuchullo (*)<\/p>\n<p>El 7 de marzo a las dos de la tarde una noticia nos sacudi\u00f3 hasta la angustia. Nos informaron que encontraron el cuerpo de Oscar Mollohuanca sin vida y con indicios de haber sido asesinado. Minutos despu\u00e9s su familia nos confirmar\u00eda de la tr\u00e1gica muerte del l\u00edder, defensor de derechos de salud y ambiente, y ex alcalde de la provincia de Espinar.<\/p>\n<p>Oscar Mollohuanca tuvo una trayectoria pol\u00edtica que emerge desde las aulas del colegio y desde nuestra izquierda. Hombre comprometido con las causas justas, as\u00ed como una profunda preocupaci\u00f3n por mejorar las relaciones ya en escenario conflictivo entre empresa minera, las comunidades campesinas originarias y la provincia.<\/p>\n<p>En el aspecto electoral, Espinar le neg\u00f3 la posibilidad de ser congresista de la rep\u00fablica, pese a haberle dado confianza al ser elegido alcalde provincial dos veces de las cinco que particip\u00f3 en elecciones (1999 al 2002 y 2011 al 2014).<\/p>\n<p>Oscar Mollohuanca ha impulsado la discusi\u00f3n y construcci\u00f3n del ahora denominado \u201cConvenio Marco\u201d, que a Espinar le permite recibir el 3 % de las utilidades de la empresa minera antes del pago de impuestos con la que se financia proyectos productivos y sociales en Espinar.<\/p>\n<p>El \u201cConvenio Marco\u201d es una conquista de la movilizaci\u00f3n social que impuls\u00f3 la agenda ambiental y social, sostenida por denuncias de contaminaci\u00f3n ambiental y falta de cumplimiento de compromisos, de atenci\u00f3n inmediata ante emergencias ambientales, de implementaci\u00f3n de la responsabilidad empresarial y transparencia de la informaci\u00f3n ambiental, entre otros.<\/p>\n<p>Bien dec\u00eda el recordado compa\u00f1ero que para enfrentar la problem\u00e1tica de la explotaci\u00f3n minera de Espinar primero es necesario fortalecer las organizaciones sociales, asociaciones, sindicatos, frentes, comit\u00e9s y comunidades campesinas. Se debe elaborar acuerdos que representen consensos, agendas o plataformas que ayuden a solucionar las demandas de las comunidades que se encuentran en el \u00e1rea de influencia directa principalmente porque se encuentran en zona de afectaci\u00f3n ambiental, as\u00ed como mejorar su calidad de vida, esto se complementa con la fuerza movilizadora de toda la provincia.<\/p>\n<p>A esto se suma una de las mayores preocupaciones que es la ampliaci\u00f3n de explotaci\u00f3n minera con direcci\u00f3n al distrito de Pallpata. Oscar se preparaba para hacer p\u00fablica su candidatura en la conferencia de prensa programada para el 8 de marzo en la ciudad de Cusco. Lamentablemente, dej\u00f3 de existir el domingo 6 de marzo en horas de la noche. Oscar ten\u00eda posibilidades de ganar en el proceso electoral.<\/p>\n<p>A la fecha, la Fiscal\u00eda Provincial de Espinar tiene entre sus manos el informe m\u00e9dico legal, pero a\u00fan no hay carpeta fiscal porque falta el informe policial y otros ex\u00e1menes que le practicaron al cuerpo de Oscar.<\/p>\n<p>Recuerdo las primeras declaraciones de Oscar, luego de estar injustamente con prisi\u00f3n preventiva en Ica (2012). En aquella oportunidad dijo: \u201c[\u2026] cuando nos dicen antimineros es un calificativo que no nos corresponde. En Espinar tenemos treinta a\u00f1os de miner\u00eda y en el a\u00f1o 2001 hemos propuesto la suscripci\u00f3n de un convenio marco. \u00bfUn antiminero puede proponerle a una empresa suscribir un convenio?\u201d.<\/p>\n<p>En este punto la criminalizaci\u00f3n o persecuci\u00f3n penal contra \u00e9l ten\u00eda desde su origen deficiencias en la investigaci\u00f3n porque hasta hoy (10 a\u00f1os despu\u00e9s). No hay una sola prueba que lo vincule con alg\u00fan delito, as\u00ed que el proceso penal fue como una medida disciplinaria para silenciar su voz y sus acciones.<\/p>\n<p>A dos meses de la partida de nuestro hermano, Espinar a trav\u00e9s de sus organizaciones se preparan para conmemorar el 21 de mayo la lucha de la Naci\u00f3n K\u00b4ana, una lucha hist\u00f3rica por dignidad. Aquel d\u00eda del entierro del cuerpo de Oscar Mollohuanca las personas coreaban con energ\u00eda: \u00ab\u00a1Mi lucha, mi sangre, todo por mi pueblo!\u00bb.<\/p>\n<hr \/>\n<p>(*) Derechos Humanos Sin Fronteras (DHSF).<\/p>\n<p>LEYENDA<\/p>\n<p>Oscar Mollohuanca Cruz es una de las principales figuras entre los defensores de la salud y el medio ambiente en Cusco y el pa\u00eds.<\/p>\n","protected":false},"excerpt":{"rendered":"<p>A dos meses de su muerte, la Fiscal\u00eda Provincial de Espinar tiene entre sus manos el informe m\u00e9dico legal, pero a\u00fan no hay carpeta fiscal porque falta el informe policial y otros ex\u00e1menes que le practicaron al cuerpo de Oscar. En Cusco se le recuerda con tristeza y como un ejemplo a seguir. Escribe: Helio [&hellip;]<\/p>\n","protected":false},"author":1,"featured_media":3404,"comment_status":"open","ping_status":"open","sticky":false,"template":"","format":"standard","meta":{"_monsterinsights_skip_tracking":false,"_monsterinsights_sitenote_active":false,"_monsterinsights_sitenote_note":"","_monsterinsights_sitenote_category":0,"_jetpack_memberships_contains_paid_content":false,"footnotes":"","jetpack_publicize_message":"","jetpack_publicize_feature_enabled":true,"jetpack_social_post_already_shared":false,"jetpack_social_options":{"image_generator_settings":{"template":"highway","default_image_id":0,"font":"","enabled":false},"version":2}},"categories":[1],"tags":[],"class_list":["post-3403","post","type-post","status-publish","format-standard","has-post-thumbnail","hentry","category-sin-categoria"],"blocksy_meta":[],"jetpack_publicize_connections":[],"jetpack_featured_media_url":"https:\/\/derechosinfronteras.pe\/wp-content\/uploads\/2022\/05\/plantilla-notas-web.jpg","jetpack_sharing_enabled":true,"jetpack_likes_enabled":true,"_links":{"self":[{"href":"https:\/\/derechosinfronteras.pe\/ingles\/wp-json\/wp\/v2\/posts\/3403","targetHints":{"allow":["GET"]}}],"collection":[{"href":"https:\/\/derechosinfronteras.pe\/ingles\/wp-json\/wp\/v2\/posts"}],"about":[{"href":"https:\/\/derechosinfronteras.pe\/ingles\/wp-json\/wp\/v2\/types\/post"}],"author":[{"embeddable":true,"href":"https:\/\/derechosinfronteras.pe\/ingles\/wp-json\/wp\/v2\/users\/1"}],"replies":[{"embeddable":true,"href":"https:\/\/derechosinfronteras.pe\/ingles\/wp-json\/wp\/v2\/comments?post=3403"}],"version-history":[{"count":0,"href":"https:\/\/derechosinfronteras.pe\/ingles\/wp-json\/wp\/v2\/posts\/3403\/revisions"}],"wp:featuredmedia":[{"embeddable":true,"href":"https:\/\/derechosinfronteras.pe\/ingles\/wp-json\/wp\/v2\/media\/3404"}],"wp:attachment":[{"href":"https:\/\/derechosinfronteras.pe\/ingles\/wp-json\/wp\/v2\/media?parent=3403"}],"wp:term":[{"taxonomy":"category","embeddable":true,"href":"https:\/\/derechosinfronteras.pe\/ingles\/wp-json\/wp\/v2\/categories?post=3403"},{"taxonomy":"post_tag","embeddable":true,"href":"https:\/\/derechosinfronteras.pe\/ingles\/wp-json\/wp\/v2\/tags?post=3403"}],"curies":[{"name":"wp","href":"https:\/\/api.w.org\/{rel}","templated":true}]}}