{"id":3405,"date":"2022-05-19T18:29:58","date_gmt":"2022-05-19T23:29:58","guid":{"rendered":"http:\/\/derechosinfronteras.pe\/?p=8147"},"modified":"2022-05-19T18:29:58","modified_gmt":"2022-05-19T23:29:58","slug":"casas-de-refugio-temporal-en-chumbivilcas-y-espinar-desafios-para-la-sociedad-civil-organizada","status":"publish","type":"post","link":"https:\/\/derechosinfronteras.pe\/ingles\/casas-de-refugio-temporal-en-chumbivilcas-y-espinar-desafios-para-la-sociedad-civil-organizada\/","title":{"rendered":"Casas de Refugio Temporal en Chumbivilcas y Espinar: Desaf\u00edos para la sociedad civil organizada"},"content":{"rendered":"<p style=\"text-align: right;\"><strong>Por: Claudia Cuba Huaman\u00ed &#8211; <\/strong><\/p>\n<p style=\"text-align: right;\"><strong>equipo del \u00c1rea de Comunicaci\u00f3n, Incidencia y G\u00e9nero<\/strong><\/p>\n<p>A prop\u00f3sito de la puesta de la primera piedra para la construcci\u00f3n de la Casa de Refugio Temporal para v\u00edctimas de violencia e integrantes del grupo familiar, en el distrito de Santo, provincia de Chumbivilcas, \u00bfqu\u00e9 desaf\u00edos plantea este esperado proyecto y en qu\u00e9 situaci\u00f3n se encuentra la provincia de Espinar?<\/p>\n<p>Desde hace varios a\u00f1os atr\u00e1s, las representantes de las Defensor\u00edas Comunitarias Kusi Qoyllor, la Asociaci\u00f3n de Mujeres Afectadas por Esterilizaciones Forzadas, la Asociaci\u00f3n Provincia de Mujeres Toribia Flores de Cutipa, entre otras lideresas y j\u00f3venes, han estado impulsando, apoyando los esfuerzos para brindar acogida y seguridad a las mujeres, ni\u00f1as y ni\u00f1os en riesgo de sufrir alg\u00fan da\u00f1o, como consecuencia de la violencia familiar que sufren las madres y el grupo familiar.<\/p>\n<p>Tambi\u00e9n autoridades pasadas han aportado un granito de arena, en especial la exregidora Claudia Ch\u00e1vez, qui\u00e9n ha sido una de las promotoras para gestionar la formulaci\u00f3n de este proyecto, juntamente con las directivas de las organizaciones sociales de base del distrito.<\/p>\n<p><strong>\u00bfPOR QU\u00c9 SON IMPORTANTES?<\/strong><\/p>\n<p>Seg\u00fan lo establecido en varios acuerdos internacionales, tales como la Asamblea General de la Organizaci\u00f3n de los Estados Americanos (OEA) en 1994, aprob\u00f3 la Convenci\u00f3n Interamericana para Prevenir, Sancionar y Erradicar la Violencia contra la Mujer, conocida como la <strong>\u201cConvenci\u00f3n de Bel\u00e9m Do Par\u00e1\u201d<\/strong> y <strong>la Declaraci\u00f3n y Plataforma de Acci\u00f3n de Beijing<\/strong> de 1995, que inst\u00f3 a los pa\u00edses a \u201c<em>Establecer centros de acogida y servicios de apoyo <u>dotados de los recursos necesarios<\/u> para auxiliar a las ni\u00f1as y mujeres v\u00edctimas de la violencia y prestarles servicios m\u00e9dicos, psicol\u00f3gicos y de asesoramiento, as\u00ed como asesoramiento legal gratuito o de bajo costo, cuando sea necesario, adem\u00e1s de la asistencia que corresponda para ayudarles a encontrar medios de vida suficientes\u201d. <\/em><\/p>\n<p>Por esta raz\u00f3n, las casas refugios son fundamentales, por ser una respuesta integral a la violencia contra las mujeres y as\u00ed evitar muertes o da\u00f1os o sufrimiento f\u00edsico, sexual o psicol\u00f3gico a la mujer. Por lo tanto, la promulgaci\u00f3n de la Ley N\u00b0 28236, Ley que crea Hogares de Refugio Temporal para las V\u00edctimas de Violencia Familiar en el a\u00f1o 2004, se ha dado como una adopci\u00f3n de pol\u00edticas internacionales vinculantes, conocida como la Convenci\u00f3n Interamericana. De esta manera, el Estado peruano incorpora los contenidos y conceptos de la convenci\u00f3n, la <strong>Convenci\u00f3n de \u201cBel\u00e9m do Par\u00e1\u201d<\/strong> en las pol\u00edticas p\u00fablicas y normas peruanas, para garantizar a las mujeres, una vida libre de violencia.<\/p>\n<p>En ese sentido, para la poblaci\u00f3n de la provincia de Chumbivilcas con m\u00e1s de 66, 410 habitantes; y espec\u00edficamente para las 32 646 mujeres es un alivio y una esperanza para garantizar una vida digna y libre de violencia. A la vez, es un reto tanto paras las autoridades municipales como para las organizaciones sociales. La Municipalidad Provincial de Chumbivilcas debe culminar la obra en 200 d\u00edas, lo m\u00e1s seguro es que la pr\u00f3xima gesti\u00f3n se encargue de la implementaci\u00f3n y el funcionamiento. Mientras tanto, la sociedad civil debe mantenerse vigilante y organizada.<\/p>\n<p><strong>ESPINAR<\/strong><\/p>\n<p>La Casa de Refugio Tempoiral en la provincia de Espinar no corre la misma suerte, pese a contar con una infraestructura moderna no funciona. Inclusive, en la reuni\u00f3n de la Instancia de Concertaci\u00f3n Provincial para la Prevenci\u00f3n, Sanci\u00f3n y Erradicaci\u00f3n de la Violencia contra las Mujeres e Integrantes del Grupo Familiar de la provincia de Espinar, se nos ha informado que, mediante una sesi\u00f3n de consejo, se ha decidido prestar en cesi\u00f3n de uso al Centro de Salud Mental. Esta propuesta es promovida por el regidor Arturo Ccorahua.<\/p>\n<p>Frente a esta informaci\u00f3n, la organizaci\u00f3n de mujeres representantes de Espinar, preocupadas por la violencia hacia las mujeres, se han manifestado en contra de esta decisi\u00f3n que se ha estado tomando de la \u201csupuesta casa de refugio abandonada\u201d, la cual ha sido construida con una finalidad espec\u00edfica de acoger a las mujeres v\u00edctimas de violencia en la provincia de Espinar.<\/p>\n<p>\u201c<strong><em>No creo que la poblaci\u00f3n y particularmente las mujeres de Espinar est\u00e9n de acuerdo con esta decisi\u00f3n tomada por parte de la Municipalidad de Espinar\u201d<\/em><\/strong>.<\/p>\n<p>Adem\u00e1s, una de las acciones estrat\u00e9gicas de la Agenda de la Mujer K\u2019ana, precisamente es el funcionamiento de la Casa de Refugio Temporal para garantizar la vida y seguridad de v\u00edctimas de violencia y el grupo familiar.<\/p>\n<p>En la \u00faltima reuni\u00f3n, el 5 de mayo del presente a\u00f1o, desde la instancia de Concertaci\u00f3n Provincial de la provincia de Espinar, Derechos Humanos Sin Fronteras, el Centro de Emergencia Mujer y la Asociaci\u00f3n de Mujeres Defensoras del Territorio y Cultura K\u2019ana pedimos realizar una visita de fiscalizaci\u00f3n a la la casa para verificar la situaci\u00f3n en la que se encuentra.<\/p>\n<p>Recordemos que las instancias de concertaci\u00f3n han sido creadas con el fin de fortalecer el trabajo articulado y sumar esfuerzos para la erradicaci\u00f3n de la violencia contra las mujeres en nuestra sociedad, por lo cual plantea acciones y estrategias.<\/p>\n<p>Mucho depende de la voluntad pol\u00edtica y la sensibilidad hacia el tema por parte de la autoridad local para que realmente se implemente la casa de refugio en la provincia de Espinar.<\/p>\n<p>Frente a esta realidad, lideresas, j\u00f3venes y colectivos han organizado el I Encuentro Provincial de Mujeres K\u2019anas para el pr\u00f3ximo 21 de mayo. El tema principal ser\u00e1 violencia hacia la mujer, un problema de derechos humanos.<\/p>\n<p>&nbsp;<\/p>\n<p>&nbsp;<\/p>\n<p>&nbsp;<\/p>\n<p>&nbsp;<\/p>","protected":false},"excerpt":{"rendered":"<p>Por: Claudia Cuba Huaman\u00ed &#8211; equipo del \u00c1rea de Comunicaci\u00f3n, Incidencia y G\u00e9nero A prop\u00f3sito de la puesta de la primera piedra para la construcci\u00f3n de la Casa de Refugio Temporal para v\u00edctimas de violencia e integrantes del grupo familiar, en el distrito de Santo, provincia de Chumbivilcas, \u00bfqu\u00e9 desaf\u00edos plantea este esperado proyecto y [&hellip;]<\/p>\n","protected":false},"author":1,"featured_media":3406,"comment_status":"open","ping_status":"open","sticky":false,"template":"","format":"standard","meta":{"_monsterinsights_skip_tracking":false,"_monsterinsights_sitenote_active":false,"_monsterinsights_sitenote_note":"","_monsterinsights_sitenote_category":0,"_jetpack_memberships_contains_paid_content":false,"footnotes":"","jetpack_publicize_message":"","jetpack_publicize_feature_enabled":true,"jetpack_social_post_already_shared":false,"jetpack_social_options":{"image_generator_settings":{"template":"highway","default_image_id":0,"font":"","enabled":false},"version":2}},"categories":[1],"tags":[],"class_list":["post-3405","post","type-post","status-publish","format-standard","has-post-thumbnail","hentry","category-sin-categoria"],"blocksy_meta":[],"jetpack_publicize_connections":[],"jetpack_featured_media_url":"https:\/\/derechosinfronteras.pe\/wp-content\/uploads\/2022\/05\/NOTA-CLAUDIA-CUBA.jpg","jetpack_sharing_enabled":true,"jetpack_likes_enabled":true,"_links":{"self":[{"href":"https:\/\/derechosinfronteras.pe\/ingles\/wp-json\/wp\/v2\/posts\/3405","targetHints":{"allow":["GET"]}}],"collection":[{"href":"https:\/\/derechosinfronteras.pe\/ingles\/wp-json\/wp\/v2\/posts"}],"about":[{"href":"https:\/\/derechosinfronteras.pe\/ingles\/wp-json\/wp\/v2\/types\/post"}],"author":[{"embeddable":true,"href":"https:\/\/derechosinfronteras.pe\/ingles\/wp-json\/wp\/v2\/users\/1"}],"replies":[{"embeddable":true,"href":"https:\/\/derechosinfronteras.pe\/ingles\/wp-json\/wp\/v2\/comments?post=3405"}],"version-history":[{"count":0,"href":"https:\/\/derechosinfronteras.pe\/ingles\/wp-json\/wp\/v2\/posts\/3405\/revisions"}],"wp:featuredmedia":[{"embeddable":true,"href":"https:\/\/derechosinfronteras.pe\/ingles\/wp-json\/wp\/v2\/media\/3406"}],"wp:attachment":[{"href":"https:\/\/derechosinfronteras.pe\/ingles\/wp-json\/wp\/v2\/media?parent=3405"}],"wp:term":[{"taxonomy":"category","embeddable":true,"href":"https:\/\/derechosinfronteras.pe\/ingles\/wp-json\/wp\/v2\/categories?post=3405"},{"taxonomy":"post_tag","embeddable":true,"href":"https:\/\/derechosinfronteras.pe\/ingles\/wp-json\/wp\/v2\/tags?post=3405"}],"curies":[{"name":"wp","href":"https:\/\/api.w.org\/{rel}","templated":true}]}}