{"id":3407,"date":"2022-05-18T09:57:51","date_gmt":"2022-05-18T14:57:51","guid":{"rendered":"http:\/\/derechosinfronteras.pe\/?p=8126"},"modified":"2022-05-18T09:57:51","modified_gmt":"2022-05-18T14:57:51","slug":"relator-especial-de-la-onu-escucha-a-las-comunidades-indigenas-y-organizaciones-sobre-la-situacion-de-los-derechos-de-los-pueblos-indigenas-en-el-peru","status":"publish","type":"post","link":"https:\/\/derechosinfronteras.pe\/ingles\/relator-especial-de-la-onu-escucha-a-las-comunidades-indigenas-y-organizaciones-sobre-la-situacion-de-los-derechos-de-los-pueblos-indigenas-en-el-peru\/","title":{"rendered":"Relator de la ONU escucha la problem\u00e1tica de los derechos de los pueblos ind\u00edgenas en el Per\u00fa"},"content":{"rendered":"<p>Nota de prensa colectiva<\/p>\n<ul>\n<li><em>El escenario cont\u00f3 con la participaci\u00f3n de defensoras, defensores, l\u00edderes y lideresas de las comunidades ind\u00edgenas Quechuas, Aymar<\/em>as y<em> Kichwas amaz\u00f3nicas.<\/em><\/li>\n<li><em>El encuentro se desarroll\u00f3 en la ciudad de Cusco del 13 al 14 de mayo, cont\u00f3 con la participaci\u00f3n del Relator Especial sobre los Derechos de los Pueblos Ind\u00edgenas de las Naciones Unidas, Francisco Cal\u00ed Tzay, en el marco de una visita acad\u00e9mica al Per\u00fa.<\/em><\/li>\n<li><em>EarthRights International (ERI) organiz\u00f3 el encuentro junto con la Organizaci\u00f3n Nacional de Mujeres Ind\u00edgenas Andinas y Amaz\u00f3nicas del Per\u00fa (ONAMIAP), Derechos Humanos Sin Fronteras (DHSF), Derechos Humanos y Medio Ambiente (DHUMA), Cooper<\/em><em>Acci\u00f3n, Aprodeh, Red Muqui, la Federaci\u00f3n Nativa del R\u00edo Madre de Dios y Afluentes (FENAMAD), la Plataforma de Pueblos Ind\u00edgenas Amaz\u00f3nicos Unidos en Defensa de sus Territorios (PUINAMUDT) y Per\u00fa Equidad.<\/em><\/li>\n<\/ul>\n<p>Con el objetivo de exponer la situaci\u00f3n de vulnerabilidad que atraviesan los pueblos ind\u00edgenas en defensa de sus derechos fundamentales en el Per\u00fa, el 13 y 14 de mayo, en la ciudad del Cusco, se realizaron conversatorios sobre el derecho al consentimiento libre, previo e informado, la criminalizaci\u00f3n de las y los defensores ind\u00edgenas que defienden sus territorios, la situaci\u00f3n de las mujeres ind\u00edgenas en el Per\u00fa.<\/p>\n<p>El viernes 13 de mayo se iniciaron las actividades con el conversatorio sobre la situaci\u00f3n de las mujeres ind\u00edgenas en el Per\u00fa en el que las l\u00edderes representantes de diversas organizaciones territoriales, bases de la organizaci\u00f3n Nacional ONAMIAP, dieron a conocer la situaci\u00f3n que atraviesan y la vulneraci\u00f3n de derechos que sufren debido al accionar de empresas extractivas que operan en sus territorios.<\/p>\n<p><img fetchpriority=\"high\" decoding=\"async\" class=\"alignnone size-full wp-image-8138\" src=\"http:\/\/derechosinfronteras.pe\/wp-content\/uploads\/2022\/05\/relator-editADO.jpg\" alt=\"\" width=\"982\" height=\"438\" \/><\/p>\n<p>La reuni\u00f3n continu\u00f3 el s\u00e1bado 14 de mayo con el foro sobre \u201cConsulta y consentimiento previo, libre e informado\u201d, durante el cual se presentaron los casos de las comunidades de Chila Chambila y Chila Pucara del distrito de Juli (Chucuito, Puno) ante el Tribunal Constitucional, as\u00ed como el de las comunidades de Paccopata y Huini Coroccohuayco (Espinar, Cusco), el caso de la comunidad ind\u00edgena Tantarcalla (Paruro \u2013 Cusco) y el caso del lote 192 en Loreto; asimismo, se present\u00f3 el contexto de implementaci\u00f3n de la consulta previa desde la perspectiva de las organizaciones de pueblos ind\u00edgenas.<\/p>\n<p>En horas de la tarde, se retom\u00f3 la reuni\u00f3n con el foro sobre \u201cCriminalizaci\u00f3n de los defensores ind\u00edgenas por la defensa de la tierra y el territorio\u201d en el que se presentaron diferentes casos que dan cuenta de la criminalizaci\u00f3n, estigmatizaci\u00f3n y violencia que sufren los y las l\u00edderes ind\u00edgenas en sus territorios ancestrales por la defensa de sus derechos, as\u00ed como tambi\u00e9n se presentaron los primeros hallazgos sobre la implementaci\u00f3n del mecanismo de protecci\u00f3n para personas defensoras de derechos humanos en el Per\u00fa.<\/p>\n<p>Desde los diversos pueblos ind\u00edgenas y las organizaciones que acompa\u00f1amos sus demandas por la protecci\u00f3n y garant\u00eda de sus derechos, saludamos y reconocemos la labor del relator y su equipo t\u00e9cnico por darnos la posibilidad, a trav\u00e9s de esta visita acad\u00e9mica, de exponer algunas de las problem\u00e1ticas que afrontan los pueblos ind\u00edgenas andinos y amaz\u00f3nicos del Per\u00fa debido a las pol\u00edticas extractivistas.<\/p>\n<p><img decoding=\"async\" class=\"alignnone size-large wp-image-8137\" src=\"http:\/\/derechosinfronteras.pe\/wp-content\/uploads\/2022\/05\/logos-1024x503.jpg\" alt=\"\" width=\"715\" height=\"351\" \/><\/p>\n<p>Cr\u00e9dito de la foto principal: Debates Ind\u00edgenas<\/p>","protected":false},"excerpt":{"rendered":"<p>Nota de prensa colectiva El escenario cont\u00f3 con la participaci\u00f3n de defensoras, defensores, l\u00edderes y lideresas de las comunidades ind\u00edgenas Quechuas, Aymaras y Kichwas amaz\u00f3nicas. El encuentro se desarroll\u00f3 en la ciudad de Cusco del 13 al 14 de mayo, cont\u00f3 con la participaci\u00f3n del Relator Especial sobre los Derechos de los Pueblos Ind\u00edgenas de [&hellip;]<\/p>\n","protected":false},"author":1,"featured_media":3408,"comment_status":"open","ping_status":"open","sticky":false,"template":"","format":"standard","meta":{"_monsterinsights_skip_tracking":false,"_monsterinsights_sitenote_active":false,"_monsterinsights_sitenote_note":"","_monsterinsights_sitenote_category":0,"_jetpack_memberships_contains_paid_content":false,"footnotes":"","jetpack_publicize_message":"","jetpack_publicize_feature_enabled":true,"jetpack_social_post_already_shared":false,"jetpack_social_options":{"image_generator_settings":{"template":"highway","default_image_id":0,"font":"","enabled":false},"version":2}},"categories":[1],"tags":[],"class_list":["post-3407","post","type-post","status-publish","format-standard","has-post-thumbnail","hentry","category-sin-categoria"],"blocksy_meta":[],"jetpack_publicize_connections":[],"jetpack_featured_media_url":"https:\/\/derechosinfronteras.pe\/wp-content\/uploads\/2022\/05\/NUEVA-FRANCISO-CALI.jpg","jetpack_sharing_enabled":true,"jetpack_likes_enabled":true,"_links":{"self":[{"href":"https:\/\/derechosinfronteras.pe\/ingles\/wp-json\/wp\/v2\/posts\/3407","targetHints":{"allow":["GET"]}}],"collection":[{"href":"https:\/\/derechosinfronteras.pe\/ingles\/wp-json\/wp\/v2\/posts"}],"about":[{"href":"https:\/\/derechosinfronteras.pe\/ingles\/wp-json\/wp\/v2\/types\/post"}],"author":[{"embeddable":true,"href":"https:\/\/derechosinfronteras.pe\/ingles\/wp-json\/wp\/v2\/users\/1"}],"replies":[{"embeddable":true,"href":"https:\/\/derechosinfronteras.pe\/ingles\/wp-json\/wp\/v2\/comments?post=3407"}],"version-history":[{"count":0,"href":"https:\/\/derechosinfronteras.pe\/ingles\/wp-json\/wp\/v2\/posts\/3407\/revisions"}],"wp:featuredmedia":[{"embeddable":true,"href":"https:\/\/derechosinfronteras.pe\/ingles\/wp-json\/wp\/v2\/media\/3408"}],"wp:attachment":[{"href":"https:\/\/derechosinfronteras.pe\/ingles\/wp-json\/wp\/v2\/media?parent=3407"}],"wp:term":[{"taxonomy":"category","embeddable":true,"href":"https:\/\/derechosinfronteras.pe\/ingles\/wp-json\/wp\/v2\/categories?post=3407"},{"taxonomy":"post_tag","embeddable":true,"href":"https:\/\/derechosinfronteras.pe\/ingles\/wp-json\/wp\/v2\/tags?post=3407"}],"curies":[{"name":"wp","href":"https:\/\/api.w.org\/{rel}","templated":true}]}}