{"id":3412,"date":"2022-05-13T11:11:33","date_gmt":"2022-05-13T16:11:33","guid":{"rendered":"http:\/\/derechosinfronteras.pe\/?p=8114"},"modified":"2022-05-13T11:11:33","modified_gmt":"2022-05-13T16:11:33","slug":"dhsf-inicia-proceso-de-formacion-y-vigilancia-ambiental-ciudadana-en-chumbivilcas","status":"publish","type":"post","link":"https:\/\/derechosinfronteras.pe\/ingles\/dhsf-inicia-proceso-de-formacion-y-vigilancia-ambiental-ciudadana-en-chumbivilcas\/","title":{"rendered":"DHSF inicia proceso de formaci\u00f3n y vigilancia ambiental ciudadana en Chumbivilcas"},"content":{"rendered":"<p>Redacci\u00f3n DHSF<\/p>\n<p>Como parte de su Programa de Capacitaci\u00f3n para Promotores Ambientales en las provincias de Espinar, Chumbivilcas y Paruro, el \u00faltimo mi\u00e9rcoles, en la Plaza de Armas de Santo Tom\u00e1s, Derechos Humanos Sin Fronteras particip\u00f3 en la ceremonia de acreditaci\u00f3n y juramentaci\u00f3n de m\u00e1s de 100 promotores ambientales escolares y juveniles.<\/p>\n<p>Esta actividad del Programa Municipal de Educaci\u00f3n, Cultura y Ciudadan\u00eda Ambiental (EDUCCA) fue organizada por la Municipalidad Provincial de Chumbivilcas, a trav\u00e9s de la Gerencia de Gesti\u00f3n Ambiental y Recursos Naturales.<\/p>\n<p>A continuaci\u00f3n, la lista de colegios de la provincia de Chumbivilcas que participaron del evento:<\/p>\n<ul>\n<li>E. Daniel Estrada P\u00e9rez<\/li>\n<li>E. N\u00ba 57004 Rosa de Am\u00e9rica<\/li>\n<li>E. N\u00ba 501377 Jos\u00e9 Carlos Mari\u00e1tegui<\/li>\n<li>E. N\u00ba 501247 So\u00f1aque<\/li>\n<li>E. mixto Emblem\u00e1tica Santo Tom\u00e1s<\/li>\n<li>E. 56248, I.E. Orleans Goleman<\/li>\n<li>E. San Juan Innova School<\/li>\n<li>E. General Ollanta de Llique<\/li>\n<li>S.T.P Divino Jes\u00fas<\/li>\n<\/ul>\n<p><strong>\u00bfQU\u00c9 HACE UN PROMOTOR AMBIENTAL?<\/strong><\/p>\n<p>Los nuevos promotores cumplir\u00e1n la labor de vigilancia, fiscalizaci\u00f3n y cuidado del medio ambiente y de nuestros recursos naturales dentro de sus respectivos centros educativos, as\u00ed como en sus hogares y comunidad.<\/p>\n<figure id=\"attachment_8116\" aria-describedby=\"caption-attachment-8116\" style=\"width: 715px\" class=\"wp-caption alignnone\"><img fetchpriority=\"high\" decoding=\"async\" class=\"size-large wp-image-8116\" src=\"http:\/\/derechosinfronteras.pe\/wp-content\/uploads\/2022\/05\/WhatsApp-Image-2022-05-11-at-11.15.50-AM-1024x461.jpeg\" alt=\"Alist\u00e1ndose para la juramentaci\u00f3n\" width=\"715\" height=\"322\" \/><figcaption id=\"caption-attachment-8116\" class=\"wp-caption-text\">Alist\u00e1ndose para la juramentaci\u00f3n<\/figcaption><\/figure>\n<p>Nuestra instituci\u00f3n asisti\u00f3 a esta actividad gracias a una alianza interinstitucional con la Municipalidad Provincial de Chumbivilcas, a fin de iniciar un programa de formaci\u00f3n e impulsar procesos de monitoreo ambiental ciudadano con estudiantes y j\u00f3venes de Chumbivilcas. Dicha alianza consta de la realizaci\u00f3n de talleres sobre impactos socioambientales y gesti\u00f3n social del territorio y agua.<\/p>\n<p>La coordinadora del \u00c1rea de Derechos Colectivos y Medio Ambiente de Derechos Humanos Sin Fronteras (DHSF), Karem Luque, refiri\u00f3 que, adem\u00e1s de capacitar, se va a proveer de herramientas de alerta temprana para que los estudiantes y j\u00f3venes puedan vigilar sus recursos h\u00eddricos. Esto a trav\u00e9s de talleres de monitoreo ambiental a las cuencas h\u00eddricas.<\/p>\n<p>\u201cVamos a elaborar un plan de monitoreo participativo y luego empezaremos a evaluar la calidad del agua en diferentes puntos a solicitud de los propios estudiantes y j\u00f3venes\u201d, coment\u00f3.<\/p>\n<p>DHSF lleva 10 a\u00f1os fortaleciendo capacidades y empoderando en conocimientos ambientales a las organizaciones sociales, comunidades originarias y estudiantes con enfoque de derechos humanos.<\/p>\n<p><em>Foto: Captura del video de la MPCH<\/em><\/p>","protected":false},"excerpt":{"rendered":"<p>Redacci\u00f3n DHSF Como parte de su Programa de Capacitaci\u00f3n para Promotores Ambientales en las provincias de Espinar, Chumbivilcas y Paruro, el \u00faltimo mi\u00e9rcoles, en la Plaza de Armas de Santo Tom\u00e1s, Derechos Humanos Sin Fronteras particip\u00f3 en la ceremonia de acreditaci\u00f3n y juramentaci\u00f3n de m\u00e1s de 100 promotores ambientales escolares y juveniles. Esta actividad del [&hellip;]<\/p>\n","protected":false},"author":1,"featured_media":3413,"comment_status":"open","ping_status":"open","sticky":false,"template":"","format":"standard","meta":{"_monsterinsights_skip_tracking":false,"_monsterinsights_sitenote_active":false,"_monsterinsights_sitenote_note":"","_monsterinsights_sitenote_category":0,"_jetpack_memberships_contains_paid_content":false,"footnotes":"","jetpack_publicize_message":"","jetpack_publicize_feature_enabled":true,"jetpack_social_post_already_shared":false,"jetpack_social_options":{"image_generator_settings":{"template":"highway","default_image_id":0,"font":"","enabled":false},"version":2}},"categories":[1],"tags":[],"class_list":["post-3412","post","type-post","status-publish","format-standard","has-post-thumbnail","hentry","category-sin-categoria"],"blocksy_meta":[],"jetpack_publicize_connections":[],"jetpack_featured_media_url":"https:\/\/derechosinfronteras.pe\/wp-content\/uploads\/2022\/05\/FOTO-NOTA-PROMOTRES.jpg","jetpack_sharing_enabled":true,"jetpack_likes_enabled":true,"_links":{"self":[{"href":"https:\/\/derechosinfronteras.pe\/ingles\/wp-json\/wp\/v2\/posts\/3412","targetHints":{"allow":["GET"]}}],"collection":[{"href":"https:\/\/derechosinfronteras.pe\/ingles\/wp-json\/wp\/v2\/posts"}],"about":[{"href":"https:\/\/derechosinfronteras.pe\/ingles\/wp-json\/wp\/v2\/types\/post"}],"author":[{"embeddable":true,"href":"https:\/\/derechosinfronteras.pe\/ingles\/wp-json\/wp\/v2\/users\/1"}],"replies":[{"embeddable":true,"href":"https:\/\/derechosinfronteras.pe\/ingles\/wp-json\/wp\/v2\/comments?post=3412"}],"version-history":[{"count":0,"href":"https:\/\/derechosinfronteras.pe\/ingles\/wp-json\/wp\/v2\/posts\/3412\/revisions"}],"wp:featuredmedia":[{"embeddable":true,"href":"https:\/\/derechosinfronteras.pe\/ingles\/wp-json\/wp\/v2\/media\/3413"}],"wp:attachment":[{"href":"https:\/\/derechosinfronteras.pe\/ingles\/wp-json\/wp\/v2\/media?parent=3412"}],"wp:term":[{"taxonomy":"category","embeddable":true,"href":"https:\/\/derechosinfronteras.pe\/ingles\/wp-json\/wp\/v2\/categories?post=3412"},{"taxonomy":"post_tag","embeddable":true,"href":"https:\/\/derechosinfronteras.pe\/ingles\/wp-json\/wp\/v2\/tags?post=3412"}],"curies":[{"name":"wp","href":"https:\/\/api.w.org\/{rel}","templated":true}]}}