{"id":3414,"date":"2022-05-12T12:16:10","date_gmt":"2022-05-12T17:16:10","guid":{"rendered":"http:\/\/derechosinfronteras.pe\/?p=8110"},"modified":"2023-12-28T20:31:46","modified_gmt":"2023-12-29T01:31:46","slug":"desidia-e-inaccion-del-estado-para-atender-la-salud-de-las-personas-afectadas-por-metales-toxicos","status":"publish","type":"post","link":"https:\/\/derechosinfronteras.pe\/ingles\/desidia-e-inaccion-del-estado-para-atender-la-salud-de-las-personas-afectadas-por-metales-toxicos\/","title":{"rendered":"Desidia e inacci\u00f3n del Estado para atender la salud de las personas afectadas por metales t\u00f3xicos"},"content":{"rendered":"<p>Por: Blga. Karem Luque, equipo de DHSF y coordinadora de la Mesa T\u00e9cnica de Salud Ambiental y Humana<\/p>\n<p><em>\u201cNuestro pa\u00eds tiene grandes retos en materia ambiental. En este campo tenemos que crear instrumentos estrat\u00e9gicos para la gesti\u00f3n moderna de los recursos ambientales como el Plan de Acci\u00f3n de la Estrategia Nacional de Diversidad Biol\u00f3gica, el Plan Nacional de Aplicaci\u00f3n del Convenio de Estocolmo y el <strong>de Metales Pesados, Metaloides y Sustancias Qu\u00edmicas T\u00f3xicas, entre otros\u201d<\/strong><\/em>, mencion\u00f3 Pedro Castillo cuando asumi\u00f3 la Presidencia de la Rep\u00fablica, el pasado 28 de julio del 2021, hecho que no coincide con la realidad.<\/p>\n<p>A diciembre del a\u00f1o pasado, la presi\u00f3n e incidencia de la Plataforma Nacional de Afectados\/as por Metales Pesados, Metaloides y Otras Sustancias Qu\u00edmicas T\u00f3xicas \u2013 PNAMPMOSQT concluy\u00f3 en el mayor mandato nacional generado para los m\u00e1s de 10 millones de peruanos\/as expuestos a t\u00f3xicos: el Decreto Supremo N\u00b0 037\u20132021-MINAM<a href=\"#_ftn1\" name=\"_ftnref1\">[1]<\/a> que aprueba el Plan Especial Multisectorial para la intervenci\u00f3n integral a favor de la poblaci\u00f3n expuesta a metales pesados.<\/p>\n<p>Ocho meses despu\u00e9s, el gabinete liderado por An\u00edbal Torres<a href=\"#_ftn2\" name=\"_ftnref2\">[2]<\/a> resaltaba en su mensaje: \u201c<em>En la gesti\u00f3n del presidente Pedro Castillo Terrones aprobamos el <strong>Plan especial multisectorial para la intervenci\u00f3n integral a favor de la poblaci\u00f3n expuesta a metales pesados, metaloides y otras sustancias qu\u00edmicas t\u00f3xicas<\/strong>, que es una primera medida urgente para atender a la ciudadan\u00eda que ha sido afectada por las industrias extractivas y otras actividades contaminantes. <strong>Estamos comprometidos en la implementaci\u00f3n de este plan para garantizar su real cumplimiento<\/strong>\u201d. <\/em><\/p>\n<p>Ser\u00eda mezquino no reconocer los avances en materia de pol\u00edticas p\u00fablicas en favor de las poblaciones expuestas a t\u00f3xicos en este gobierno, sin embargo, se debe resaltar que ha sido una demanda de a\u00f1os liderada por la plataforma de afectados. Por ello, es importante se\u00f1alar que todo se va quedando en papeles y palabras, mientras no se implementen las acciones que ya est\u00e1n estipuladas en el Plan Especial Multisectorial. Al primer a\u00f1o debi\u00e9ramos avanzar con aspectos claves que requieren un esfuerzo multisectorial para los ejes priorizados, por ejemplo:<\/p>\n<p><strong>EJE AMBIENTAL<\/strong><\/p>\n<ul>\n<li>Identificar las zonas afectadas y priorizadas en base al riesgo con criterios t\u00e9cnicos (ambientales, sociales y econ\u00f3micos) con el fin de prevenir y controlar el incremento de riesgo ambiental.<\/li>\n<li>Fortalecer los procesos de vigilancia ciudadana existentes respecto a labores de fiscalizaci\u00f3n ambiental con el fin de establecer mecanismos de prevenci\u00f3n del incremento del riesgo en zonas afectadas y priorizadas<\/li>\n<\/ul>\n<p><strong>EJE SALUD Y SANEAMIENTO<\/strong><\/p>\n<ul>\n<li>Identificar a la poblaci\u00f3n expuesta para la atenci\u00f3n integral de la salud con el fin de promover, prevenir, atender y vigilar de manera integral la salud de la poblaci\u00f3n expuesta, con pertinencia cultural y ling\u00fc\u00edstica.<\/li>\n<li>Realizar vigilancia sanitaria, epidemiol\u00f3gica, nutricional y de inocuidad alimentaria de la poblaci\u00f3n expuesta.<\/li>\n<li>Realizar la atenci\u00f3n integral de salud con el enfoque intercultural, etapa de vida, familia y comunidad considerando la atenci\u00f3n integral, monitoreo de estrategias para afiliaci\u00f3n del SIS gratuito.<\/li>\n<li>Incrementar y\/o mejorar los servicios de saneamiento (servicio de agua potable, alcantarillado, tratamiento de aguas residuales y disposici\u00f3n sanitaria de excretas) haciendo \u00e9nfasis en el suministro de agua potable en las zonas priorizadas con poblaci\u00f3n expuesta.<\/li>\n<\/ul>\n<p><strong>EJE INSTITUCIONAL <\/strong><\/p>\n<ul>\n<li>Elaborar instrumentos t\u00e9cnico \u2013 normativos para mejorar el desempe\u00f1o y coordinaci\u00f3n interinstitucional a nivel del gobierno nacional y subnacional para ejecutar el plan.<\/li>\n<li>Estructurar mecanismos de evaluaci\u00f3n, seguimiento y comunicaci\u00f3n participativa para la implementaci\u00f3n del Plan.<\/li>\n<\/ul>\n<p>El Plan Especial Multisectorial constituye un documento base para que se avancen con acciones concretas en los territorios afectados y en riesgo de exposici\u00f3n a metales t\u00f3xicos, pero la implementaci\u00f3n no avanz\u00f3 a cinco meses de publicado el decreto. Por tal raz\u00f3n, la plataforma nacional de afectados ha mostrado su indignaci\u00f3n y decepci\u00f3n durante las \u00faltimas reuniones generadas con el Ejecutivo para ver el avance del plan<a href=\"#_ftn1\" name=\"_ftnref1\">[3]<\/a>.<\/p>\n<p><strong>CASO ESPINAR <\/strong><\/p>\n<p>Y si por un lado se observa un claro abandono e inacci\u00f3n por parte del Ejecutivo, similar situaci\u00f3n vive la poblaci\u00f3n de Espinar (zona considerada de prioridad para la atenci\u00f3n de personas afectadas por metales t\u00f3xicos<a href=\"#_ftn2\" name=\"_ftnref2\">[4]<\/a>) por parte de sus autoridades locales. Un megaoperativo, realizado por la Contralor\u00eda General de la Rep\u00fablica, evidenci\u00f3 la falta de transparencia e inter\u00e9s que hay para la construcci\u00f3n del hospital de Espinar.<\/p>\n<p>Desde noviembre del 2019 se anunciaba la construcci\u00f3n del hospital de categor\u00eda II-1<a href=\"#_ftn3\" name=\"_ftnref3\">[5]<\/a>, obra que fue encargada a CMO Group Construye y SINOHYDRO y que beneficiar\u00eda a casi 60 mil pobladores de la provincia. La inversi\u00f3n asciende a 97 millones de soles, a marzo del 2022 se hab\u00eda incrementado el monto a m\u00e1s de 130 millones de soles. Sin embargo, pese al incremento presupuestal, el avance no iba en la misma direcci\u00f3n, tal es as\u00ed que a mayo del 2021 se avanz\u00f3 apenas un 5.45 %; a marzo del 2022 el avance f\u00edsico acumulado fue de 22.26 %, y en el \u00faltimo informe elaborado por la contralor\u00eda el avance apenas hab\u00eda llegado al 23.22 %.<\/p>\n<p>Es preocupante y alarmante que una provincia, con un problema de salud ambiental y humana que lleva 10 a\u00f1os sin resolverse y con 40 a\u00f1os de actividad minera de por medio, no reciba la atenci\u00f3n a un derecho b\u00e1sico y fundamental que es la salud. Llama la atenci\u00f3n que las autoridades solo opten por \u201cposar para la foto\u201d, pero no dar seguimiento a la implementaci\u00f3n de una obra que es urgente para Espinar. El camino y la ruta para atender el problema de fondo ya fue trazado por la misma poblaci\u00f3n afectada a trav\u00e9s de generaci\u00f3n de pol\u00edticas nacionales y asignaci\u00f3n de fondos, lo m\u00ednimo que se espera de las autoridades es implementar dichas medidas con responsabilidad, compromiso y transparencia.<\/p>\n<hr \/>\n<p>[1] Decreto Supremo que aprueba el Plan Especial Multisectorial para la intervenci\u00f3n integral a favor de la poblaci\u00f3n expuesta a metales pesados, metaloides y otras sustancias qu\u00edmicas t\u00f3xicas.<\/p>\n<p>[2] Tercer gabinete que solicit\u00f3 el voto de confianza en menos de un a\u00f1o durante el gobierno de Pedro Castillo.<\/p>\n<p style=\"text-align: left;\"><a href=\"#_ftnref1\" name=\"_ftn1\"><\/a><\/p>\n<p><a href=\"#_ftnref1\" name=\"_ftn1\"><\/a><\/p>\n<p>&nbsp;<\/p>\n<p>[3] Nota de prensa publicada en el facebook de la PNAMPMOSQT: <a href=\"https:\/\/m.facebook.com\/story.php?story_fbid=340864384807084&amp;id=100066505746874\" target=\"_blank\" rel=\"noopener\">https:\/\/m.facebook.com\/story.php?story_fbid=340864384807084&amp;id=100066505746874<\/a>.<\/p>\n<p>[4] Zona que adem\u00e1s esta incorporada dentro de las cinco regiones del pa\u00eds que recibir\u00e1 un fondo de 30 millones de soles (monto a distribuirse por regiones) para la atenci\u00f3n de personas expuestas a t\u00f3xicos.<\/p>\n<p>[1] Noticia anunciada en la p\u00e1gina del PRONIS: https:\/\/www.pronis.gob.pe\/2019\/11\/4615\/<\/p>\n<p>&nbsp;<\/p>\n","protected":false},"excerpt":{"rendered":"<p>Por: Blga. Karem Luque, equipo de DHSF y coordinadora de la Mesa T\u00e9cnica de Salud Ambiental y Humana \u201cNuestro pa\u00eds tiene grandes retos en materia ambiental. En este campo tenemos que crear instrumentos estrat\u00e9gicos para la gesti\u00f3n moderna de los recursos ambientales como el Plan de Acci\u00f3n de la Estrategia Nacional de Diversidad Biol\u00f3gica, el [&hellip;]<\/p>\n","protected":false},"author":1,"featured_media":3415,"comment_status":"open","ping_status":"open","sticky":false,"template":"","format":"standard","meta":{"_monsterinsights_skip_tracking":false,"_monsterinsights_sitenote_active":false,"_monsterinsights_sitenote_note":"","_monsterinsights_sitenote_category":0,"_jetpack_memberships_contains_paid_content":false,"footnotes":"","jetpack_publicize_message":"","jetpack_publicize_feature_enabled":true,"jetpack_social_post_already_shared":false,"jetpack_social_options":{"image_generator_settings":{"template":"highway","default_image_id":0,"font":"","enabled":false},"version":2}},"categories":[1],"tags":[],"class_list":["post-3414","post","type-post","status-publish","format-standard","has-post-thumbnail","hentry","category-sin-categoria"],"blocksy_meta":[],"jetpack_publicize_connections":[],"jetpack_featured_media_url":"https:\/\/derechosinfronteras.pe\/wp-content\/uploads\/2022\/05\/fan-page.jpg","jetpack_sharing_enabled":true,"jetpack_likes_enabled":true,"_links":{"self":[{"href":"https:\/\/derechosinfronteras.pe\/ingles\/wp-json\/wp\/v2\/posts\/3414","targetHints":{"allow":["GET"]}}],"collection":[{"href":"https:\/\/derechosinfronteras.pe\/ingles\/wp-json\/wp\/v2\/posts"}],"about":[{"href":"https:\/\/derechosinfronteras.pe\/ingles\/wp-json\/wp\/v2\/types\/post"}],"author":[{"embeddable":true,"href":"https:\/\/derechosinfronteras.pe\/ingles\/wp-json\/wp\/v2\/users\/1"}],"replies":[{"embeddable":true,"href":"https:\/\/derechosinfronteras.pe\/ingles\/wp-json\/wp\/v2\/comments?post=3414"}],"version-history":[{"count":1,"href":"https:\/\/derechosinfronteras.pe\/ingles\/wp-json\/wp\/v2\/posts\/3414\/revisions"}],"predecessor-version":[{"id":7018,"href":"https:\/\/derechosinfronteras.pe\/ingles\/wp-json\/wp\/v2\/posts\/3414\/revisions\/7018"}],"wp:featuredmedia":[{"embeddable":true,"href":"https:\/\/derechosinfronteras.pe\/ingles\/wp-json\/wp\/v2\/media\/3415"}],"wp:attachment":[{"href":"https:\/\/derechosinfronteras.pe\/ingles\/wp-json\/wp\/v2\/media?parent=3414"}],"wp:term":[{"taxonomy":"category","embeddable":true,"href":"https:\/\/derechosinfronteras.pe\/ingles\/wp-json\/wp\/v2\/categories?post=3414"},{"taxonomy":"post_tag","embeddable":true,"href":"https:\/\/derechosinfronteras.pe\/ingles\/wp-json\/wp\/v2\/tags?post=3414"}],"curies":[{"name":"wp","href":"https:\/\/api.w.org\/{rel}","templated":true}]}}