{"id":3416,"date":"2022-05-10T10:04:09","date_gmt":"2022-05-10T15:04:09","guid":{"rendered":"http:\/\/derechosinfronteras.pe\/?p=8098"},"modified":"2022-05-10T10:04:09","modified_gmt":"2022-05-10T15:04:09","slug":"tras-una-decada-de-gestion-colocan-la-primera-piedra-en-la-futura-casa-refugio-de-la-mujer-en-chumbivilcas","status":"publish","type":"post","link":"https:\/\/derechosinfronteras.pe\/ingles\/tras-una-decada-de-gestion-colocan-la-primera-piedra-en-la-futura-casa-refugio-de-la-mujer-en-chumbivilcas\/","title":{"rendered":"Tras una d\u00e9cada de gesti\u00f3n, colocan la primera piedra en la futura Casa Refugio de la Mujer en Chumbivilcas"},"content":{"rendered":"<p>Redacci\u00f3n DHSF<\/p>\n<p>Ni la pandemia de la COVID-19 impidi\u00f3 que el proceso social de m\u00e1s de una d\u00e9cada marque su hito m\u00e1s importante: la colocaci\u00f3n de la primera piedra en la futura Casa de Refugio Temporal para v\u00edctimas de violencia e integrantes del grupo familiar.<\/p>\n<p>A esta ceremonia asistieron las lideresas m\u00e1s representativas y j\u00f3venes de Chumbivilcas, quienes identificaron que la violencia contra las mujeres, ni\u00f1as y adolescentes es una de las violaciones de los derechos humanos m\u00e1s com\u00fan y sistem\u00e1tica, por lo cual es necesario contar con un espacio seguro y adecuado para albergarlas y as\u00ed evitar que regresen con su agresor.<\/p>\n<p>Los datos estad\u00edsticos tambi\u00e9n revelan la magnitud del asunto. De enero a abril, el Centro Emergencia Mujer (CEM) de Chumbivilcas report\u00f3 128 casos, de los cuales la mayor\u00eda es por violencia f\u00edsica y sexual, seg\u00fan inform\u00f3 el promotor social Juli\u00e1n Cutipa en el programa radial Riqch&#8217;ariy Chumbivilcas.<\/p>\n<p><strong>HISTORIA<\/strong><\/p>\n<p>Abordar esta problem\u00e1tica social en 2010 era m\u00e1s dif\u00edcil de lo que es ahora debido al machismo. La entonces Asociaci\u00f3n Provincial Toribia Flores de Cutipa ten\u00eda un trabajo organizacional consolidado. De esta organizaci\u00f3n social nacieron la Asociaci\u00f3n de Mujeres Afectadas por Esterilizaciones Forzadas y las Defensor\u00edas Comunitarias para luchar por demandas espec\u00edficas.<\/p>\n<p>As\u00ed es como desde ese a\u00f1o a la fecha, las Defensor\u00edas Comunitarias Kusi Q\u2019oyllor continuaron con las gestiones para hacer realidad la obra de la Casa Refugio Temporal de la Mujer de la mano de Derechos Humanos Sin Fronteras, aunque con desencuentros, cansancio y desesperanza por la desidia de las autoridades pol\u00edticas y de los propios l\u00edderes varones.<\/p>\n<p>Ya, en el 2018, diversas organizaciones sociales de bases construyeron participativamente la Agenda de la Mujer Chumbivilcana 2019-2025, que contiene las principales demandas y propuestas en seis ejes tem\u00e1ticos: violencia de g\u00e9nero; generaci\u00f3n de ingresos econ\u00f3micos; salud, derechos sexuales y reproductivos; educaci\u00f3n para la igualdad; territorio y medio ambiente, y participaci\u00f3n pol\u00edtica y ciudadana. En el primer eje figura la construcci\u00f3n y funcionamiento de la Casa Refugio Temporal, entre otras acciones estrat\u00e9gicas.<\/p>\n<p><strong>OBRA<\/strong><\/p>\n<p>Por eso, la colocaci\u00f3n de la primera piedra, organizada por la Instancia Provincial de Concertaci\u00f3n para Erradicar la Violencia contra la Mujer y los Integrantes del Grupo Familiar de Chumbivilcas, es un logro en materia de derechos, sobre todo a una vida libre de violencia y discriminaci\u00f3n.<\/p>\n<figure id=\"attachment_8100\" aria-describedby=\"caption-attachment-8100\" style=\"width: 715px\" class=\"wp-caption alignnone\"><img fetchpriority=\"high\" decoding=\"async\" class=\"size-large wp-image-8100\" src=\"http:\/\/derechosinfronteras.pe\/wp-content\/uploads\/2022\/05\/piedra-casa-refugio-1024x768.jpg\" alt=\"Beatriz Rayan colocando la primera piedra\" width=\"715\" height=\"536\" \/><figcaption id=\"caption-attachment-8100\" class=\"wp-caption-text\">Beatriz Rayan colocando la primera piedra<\/figcaption><\/figure>\n<p>El terreno de la Casa Refugio Temporal tiene un \u00e1rea de 3 mil metros cuadrados y est\u00e1 ubicado en la calle Los Incas s\/n, distrito de Santo Tom\u00e1s. El presupuesto asciende a 7 millones 924 mil 700.90 soles. La obra estar\u00e1 a cargo de la Municipalidad Provincial de Chumbivilcas por administraci\u00f3n directa y tiene un plazo de ejecuci\u00f3n de 200 d\u00edas.<\/p>\n<p>El proyecto contar\u00e1 con 14 bloques, 2 de ellos independientes. Tambi\u00e9n tendr\u00e1 una zona de atenci\u00f3n sicol\u00f3gica, zona de tareas y juegos y zona productiva donde las usuarias podr\u00e1n aprender un oficio como corte y confecci\u00f3n, panader\u00eda, gastronom\u00eda, entre otros, y a la vez recibir protecci\u00f3n. Este espacio podr\u00e1 albergar a 21 familias, de las cuales 11 vivir\u00e1n dentro de la casa.<\/p>\n<p>El ingeniero civil Iv\u00e1n U\u00f1uruco Ojeda estim\u00f3 que este mes iniciar\u00e1 la construcci\u00f3n, entre el 15 al 21 de mayo.<\/p>\n<p><strong>VOCES<\/strong><\/p>\n<p>En el evento, realizado en el D\u00eda de la Madre, se pronunciaron distintas mujeres. La a\u00fan vicepresidenta de la Asociaci\u00f3n Provincial Toribia Flores de Cutipa, Magaly Merma Mendoza, manifest\u00f3 que han esperado mucho tiempo para hacer realidad este proyecto. Mientras que, la coordinadora de la Asociaci\u00f3n de Mujeres Afectadas por Esterilizaciones Forzadas de Chumbivilcas, In\u00e9s Condori, agradeci\u00f3 a Derechos Humanos Sin Fronteras y a las dem\u00e1s instituciones que en su momento acompa\u00f1aron esta lucha.<\/p>\n<p>Por su parte, la titular de la Fiscal\u00eda Provincial en lo Civil y Familia de Chumbivilcas, Lourdes Choque Pilco, record\u00f3 el arduo trabajo hecho por las anteriores regidoras, miembros de la instancia y las lideresas, entre las que aparecen Beatriz Rayan e In\u00e9s Condori.<\/p>\n<p>La alcaldesa provincial Nadia Liz Pallo Arotaipe destac\u00f3 el papel de las Defensor\u00edas Comunitarias Kusi Q\u2019oyllor. Asimismo, se pronunci\u00f3 la representante de Plan Internacional a favor de la igualdad de g\u00e9nero. La Polic\u00eda Nacional del Per\u00fa, CEM, DEMUNA, UGEL, entre otras instituciones, asistieron a este acto. Horas antes se desarroll\u00f3 un desfile y el izamiento del Pabell\u00f3n Nacional en la plaza de armas.<\/p>\n<figure id=\"attachment_8105\" aria-describedby=\"caption-attachment-8105\" style=\"width: 715px\" class=\"wp-caption alignnone\"><img decoding=\"async\" class=\"size-large wp-image-8105\" src=\"http:\/\/derechosinfronteras.pe\/wp-content\/uploads\/2022\/05\/izamiento-casa-refugio-1024x768.jpg\" alt=\"(De izquierda a derecha) Beatriz Rayan, alcaldesa Nadia Liz Pallo y Magaly Merma en el izamiento\" width=\"715\" height=\"536\" \/><figcaption id=\"caption-attachment-8105\" class=\"wp-caption-text\">(De izquierda a derecha) Beatriz Rayan, alcaldesa Nadia Liz Pallo y Magaly Merma en el izamiento<\/figcaption><\/figure>\n<p>En tanto, la presidenta de las Defensor\u00edas Comunitarias Kusi Q\u2019oyllor, Beatriz Rayan Sivana, hizo un llamado a las mujeres y varones a mantenerse vigilantes para que la obra concluya. \u201cA pesar de las dificultes, de las piedras en el camino, hemos impulsado este proyecto. No podemos permitir que se paralice la obra\u201d, dijo.<\/p>\n<p>Finalmente, Yulissa Casana Mu\u00f1oz, coordinadora del \u00c1rea de Comunicaci\u00f3n, Incidencia y G\u00e9nero de Derechos Humanos Sin Fronteras, invit\u00f3 a las organizaciones sociales e instituciones presentes a priorizar y cumplir con las acciones estrat\u00e9gicas de la Agenda de la Mujer Chumbivilcana. \u201cEsta obra es un logro, pero nos falta avanzar a\u00fan m\u00e1s en colectivo\u201d, agreg\u00f3.<\/p>\n<figure id=\"attachment_8102\" aria-describedby=\"caption-attachment-8102\" style=\"width: 715px\" class=\"wp-caption alignnone\"><img decoding=\"async\" class=\"size-large wp-image-8102\" src=\"http:\/\/derechosinfronteras.pe\/wp-content\/uploads\/2022\/05\/WhatsApp-Image-2022-05-08-at-3.23.23-PM-1024x768.jpeg\" alt=\"Antes de finalizar la primera piedra\" width=\"715\" height=\"536\" \/><figcaption id=\"caption-attachment-8102\" class=\"wp-caption-text\">Antes de finalizar la ceremonia\u00a0<\/figcaption><\/figure>","protected":false},"excerpt":{"rendered":"<p>Redacci\u00f3n DHSF Ni la pandemia de la COVID-19 impidi\u00f3 que el proceso social de m\u00e1s de una d\u00e9cada marque su hito m\u00e1s importante: la colocaci\u00f3n de la primera piedra en la futura Casa de Refugio Temporal para v\u00edctimas de violencia e integrantes del grupo familiar. A esta ceremonia asistieron las lideresas m\u00e1s representativas y j\u00f3venes [&hellip;]<\/p>\n","protected":false},"author":1,"featured_media":3417,"comment_status":"open","ping_status":"open","sticky":false,"template":"","format":"standard","meta":{"_monsterinsights_skip_tracking":false,"_monsterinsights_sitenote_active":false,"_monsterinsights_sitenote_note":"","_monsterinsights_sitenote_category":0,"_jetpack_memberships_contains_paid_content":false,"footnotes":"","jetpack_publicize_message":"","jetpack_publicize_feature_enabled":true,"jetpack_social_post_already_shared":false,"jetpack_social_options":{"image_generator_settings":{"template":"highway","default_image_id":0,"font":"","enabled":false},"version":2}},"categories":[1],"tags":[],"class_list":["post-3416","post","type-post","status-publish","format-standard","has-post-thumbnail","hentry","category-sin-categoria"],"blocksy_meta":[],"jetpack_publicize_connections":[],"jetpack_featured_media_url":"https:\/\/derechosinfronteras.pe\/wp-content\/uploads\/2022\/05\/no-ta-casa-refugio.jpg","jetpack_sharing_enabled":true,"jetpack_likes_enabled":true,"_links":{"self":[{"href":"https:\/\/derechosinfronteras.pe\/ingles\/wp-json\/wp\/v2\/posts\/3416","targetHints":{"allow":["GET"]}}],"collection":[{"href":"https:\/\/derechosinfronteras.pe\/ingles\/wp-json\/wp\/v2\/posts"}],"about":[{"href":"https:\/\/derechosinfronteras.pe\/ingles\/wp-json\/wp\/v2\/types\/post"}],"author":[{"embeddable":true,"href":"https:\/\/derechosinfronteras.pe\/ingles\/wp-json\/wp\/v2\/users\/1"}],"replies":[{"embeddable":true,"href":"https:\/\/derechosinfronteras.pe\/ingles\/wp-json\/wp\/v2\/comments?post=3416"}],"version-history":[{"count":0,"href":"https:\/\/derechosinfronteras.pe\/ingles\/wp-json\/wp\/v2\/posts\/3416\/revisions"}],"wp:featuredmedia":[{"embeddable":true,"href":"https:\/\/derechosinfronteras.pe\/ingles\/wp-json\/wp\/v2\/media\/3417"}],"wp:attachment":[{"href":"https:\/\/derechosinfronteras.pe\/ingles\/wp-json\/wp\/v2\/media?parent=3416"}],"wp:term":[{"taxonomy":"category","embeddable":true,"href":"https:\/\/derechosinfronteras.pe\/ingles\/wp-json\/wp\/v2\/categories?post=3416"},{"taxonomy":"post_tag","embeddable":true,"href":"https:\/\/derechosinfronteras.pe\/ingles\/wp-json\/wp\/v2\/tags?post=3416"}],"curies":[{"name":"wp","href":"https:\/\/api.w.org\/{rel}","templated":true}]}}