{"id":3420,"date":"2022-05-02T17:25:44","date_gmt":"2022-05-02T22:25:44","guid":{"rendered":"http:\/\/derechosinfronteras.pe\/?p=8089"},"modified":"2023-12-28T20:31:47","modified_gmt":"2023-12-29T01:31:47","slug":"siete-anos-de-monitoreo-ambiental-comunitario-en-espinar-cual-es-la-situacion-actual-de-la-calidad-del-agua","status":"publish","type":"post","link":"https:\/\/derechosinfronteras.pe\/ingles\/siete-anos-de-monitoreo-ambiental-comunitario-en-espinar-cual-es-la-situacion-actual-de-la-calidad-del-agua\/","title":{"rendered":"Siete a\u00f1os de monitoreo ambiental comunitario en Espinar: \u00bfCu\u00e1l es la situaci\u00f3n actual de la calidad del agua?"},"content":{"rendered":"<p>Redacci\u00f3n DHSF<\/p>\n<p>La participaci\u00f3n de la ciudadan\u00eda en el monitoreo y vigilancia de las cuencas hidrogr\u00e1ficas en contextos mineros es clave para contribuir al cuidado del medio ambiente. As\u00ed es como naci\u00f3 la Asociaci\u00f3n de Monitores y Vigilantes Ambientes de Espinar (AVMAE) que lleva 7 a\u00f1os de monitoreo ambiental comunitario. Entonces \u00bfcu\u00e1l es la situaci\u00f3n actual de la calidad del agua?<\/p>\n<p>Esta organizaci\u00f3n social, con el acompa\u00f1amiento de nuestra instituci\u00f3n Derechos Humanos Sin Fronteras, organiz\u00f3 un foro para presentar los hallazgos encontrados durante el periodo 2014-2021 en la cuenca del r\u00edo Ca\u00f1ip\u00eda. Esto en el marco del D\u00eda Mundial del Agua.<\/p>\n<p>Uno de los aspectos centrales tuvo que ver con los resultados de los puntos que se encuentran aguas abajo de la actividad minera de la empresa Antapaccay.<\/p>\n<p><img fetchpriority=\"high\" decoding=\"async\" class=\"alignnone size-large wp-image-8090\" src=\"http:\/\/derechosinfronteras.pe\/wp-content\/uploads\/2022\/05\/WhatsApp-Image-2022-05-02-at-12.19.38-PM-1-1024x576.jpeg\" alt=\"Salida de campo\" width=\"715\" height=\"402\" \/><\/p>\n<p>Los puntos PM-04 y PM-05 se ubican en la parte media de la cuenca Ca\u00f1ip\u00eda, siendo esta la zona con mayores variaciones de toda la cuenca monitoreada. Se ha presentado baja alcalinidad, lo que indica que los compuestos \u00e1cidos pueden pasar con gran facilidad. En el punto PM-05, zona m\u00e1s cercana a la mina Antapaccay, se muestra un pico alto en la dureza para noviembre del 2017. Mientras que, el pH m\u00e1s acido se registr\u00f3 en el a\u00f1o 2017 en el punto de monitoreo PM-04 y PM-06 a diferencia de otros a\u00f1os y otros puntos. Lo mismo ocurre en relaci\u00f3n con el ox\u00edgeno disuelto.<\/p>\n<p>\u00bfQu\u00e9 implica todo esto con el ambiente y la vida acu\u00e1tica? Un alto registro de dureza indica que hay mayor cantidad de compuestos de calcio y magnesio. Una disminuci\u00f3n del pH puede generar da\u00f1os en el ecosistema acu\u00e1tico y por ende problemas para el desarrollo de la vida en el lugar. As\u00ed mismo, la poca cantidad de ox\u00edgeno disuelto genera que haya menos condiciones en los seres vivos para poder existir. Esta peculiaridad en el a\u00f1o 2017, de acuerdo con la AVMAE y DHSF, tendr\u00eda que ver con el permiso que otorg\u00f3 la Autoridad Nacional del Agua (ANA) a la minera Antapaccay para el vertimiento de aguas residuales por un periodo de tres a\u00f1os, que fue renovado en el a\u00f1o 2020.<\/p>\n<p>Si bien los puntos de monitoreo del agua no est\u00e1n en zonas para consumo humano directo, sino para agua de bebida animal y tambi\u00e9n para el riego de vegetales. Indirectamente, mediante la cadena tr\u00f3fica, esta agua llega al ser humano, por consiguiente, puede afectar a la salud de las personas.<\/p>\n<p>En ese sentido, seg\u00fan el informe del monitoreo de siete a\u00f1os de la AVMAE, la situaci\u00f3n actual de la calidad del agua es muy inestable para poder mantener la vida de animales y vegetales. Estas aguas para consumo animal y para riego puede ser da\u00f1inas al llegar a la cadena tr\u00f3fica, tal como lo hemos mencionado. Adem\u00e1s, un ecosistema sin un equilibrio y una constancia generan estr\u00e9s en las especies que viven en \u00e9l y, por lo tanto, en un tiempo prolongado, podr\u00eda causar m\u00e1s da\u00f1o al ecosistema ya mencionado.<\/p>\n<p>Volviendo al foro, aparte de analizar y reflexionar sobre la calidad del agua, las y los integrantes de esta organizaci\u00f3n social explicaron como realizan los dos tipos de monitoreo que realizan: fisicoqu\u00edmico y biol\u00f3gico con macroinvertebrados bent\u00f3nicos. Con el primero monitorean seis par\u00e1metros (dureza, alcalinidad, pH, temperatura, turbidez y ox\u00edgeno disuelto) y con el segundo monitorean macroinvertebrados bent\u00f3nicos (MIB) en base a la colecta e interpretaci\u00f3n de la presencia de ciertos organismos en el fondo del agua. Para esto, previamente se ha realizado un registro e identificaci\u00f3n de macroinvertebrados bent\u00f3nicos para la zona de la subcuenca del Ca\u00f1ipia.<\/p>\n<p><img decoding=\"async\" class=\"alignnone size-large wp-image-8091\" src=\"http:\/\/derechosinfronteras.pe\/wp-content\/uploads\/2022\/05\/WhatsApp-Image-2022-05-02-at-12.19.46-PM-1024x768.jpeg\" alt=\"\" width=\"715\" height=\"536\" \/><\/p>\n<p>A este evento asistieron representantes de comunidades campesinas, organizaciones sociales de base, instituciones educativas, entre otros, quienes manifestaron la importancia de estos monitoreos para la lucha ambiental de Espinar.<\/p>\n<p>Vale precisar que la AVMAE tambi\u00e9n por el D\u00eda Mundial del Agua impulso una marcha por las principales calles de la capital de la provincia de Espinar, con la participaci\u00f3n de distintas organizaciones como la Federaci\u00f3n Unificada de Campesinos de Espinar (FUCAE), la Asociaci\u00f3n de Mujeres Defensoras del Territorio y Cultura K\u2019ana (AMDETEK) y el colectivo cultural Yana Yawar. Las organizaciones acompa\u00f1aron la movilizaci\u00f3n con arengas alusivas al cuidado y defensa del agua y, de igual forma, llevaron pancartas con mensajes grabados como \u201cEl agua es la fuerza motriz de la naturaleza\u201d, entre otros mensajes que llaman a la reflexi\u00f3n.<\/p>\n<p>AQU\u00cd, puedes acceder a la \u201cGu\u00eda de monitoreo ambiental comunitario en el r\u00edo Ca\u00f1ip\u00eda. Ojo a los bichitos de Espinar\u201d.<\/p>\n<p>Si deseas ver la transmisi\u00f3n del foro denominado \u00bfCu\u00e1l es la situaci\u00f3n actual de la calidad del agua?, puedes ingresar <a href=\"https:\/\/fb.watch\/cM41lhMip8\/\" target=\"_blank\" rel=\"noopener\">AQU\u00cd<\/a>.<\/p>","protected":false},"excerpt":{"rendered":"<p>Redacci\u00f3n DHSF La participaci\u00f3n de la ciudadan\u00eda en el monitoreo y vigilancia de las cuencas hidrogr\u00e1ficas en contextos mineros es clave para contribuir al cuidado del medio ambiente. As\u00ed es como naci\u00f3 la Asociaci\u00f3n de Monitores y Vigilantes Ambientes de Espinar (AVMAE) que lleva 7 a\u00f1os de monitoreo ambiental comunitario. Entonces \u00bfcu\u00e1l es la situaci\u00f3n [&hellip;]<\/p>\n","protected":false},"author":1,"featured_media":3421,"comment_status":"open","ping_status":"open","sticky":false,"template":"","format":"standard","meta":{"_monsterinsights_skip_tracking":false,"_monsterinsights_sitenote_active":false,"_monsterinsights_sitenote_note":"","_monsterinsights_sitenote_category":0,"_jetpack_memberships_contains_paid_content":false,"footnotes":"","jetpack_publicize_message":"","jetpack_publicize_feature_enabled":true,"jetpack_social_post_already_shared":false,"jetpack_social_options":{"image_generator_settings":{"template":"highway","default_image_id":0,"font":"","enabled":false},"version":2}},"categories":[1],"tags":[],"class_list":["post-3420","post","type-post","status-publish","format-standard","has-post-thumbnail","hentry","category-sin-categoria"],"blocksy_meta":[],"jetpack_publicize_connections":[],"jetpack_featured_media_url":"https:\/\/derechosinfronteras.pe\/wp-content\/uploads\/2022\/05\/WhatsApp-Image-2022-05-02-at-12.19.46-PM.jpeg","jetpack_sharing_enabled":true,"jetpack_likes_enabled":true,"_links":{"self":[{"href":"https:\/\/derechosinfronteras.pe\/ingles\/wp-json\/wp\/v2\/posts\/3420","targetHints":{"allow":["GET"]}}],"collection":[{"href":"https:\/\/derechosinfronteras.pe\/ingles\/wp-json\/wp\/v2\/posts"}],"about":[{"href":"https:\/\/derechosinfronteras.pe\/ingles\/wp-json\/wp\/v2\/types\/post"}],"author":[{"embeddable":true,"href":"https:\/\/derechosinfronteras.pe\/ingles\/wp-json\/wp\/v2\/users\/1"}],"replies":[{"embeddable":true,"href":"https:\/\/derechosinfronteras.pe\/ingles\/wp-json\/wp\/v2\/comments?post=3420"}],"version-history":[{"count":1,"href":"https:\/\/derechosinfronteras.pe\/ingles\/wp-json\/wp\/v2\/posts\/3420\/revisions"}],"predecessor-version":[{"id":7019,"href":"https:\/\/derechosinfronteras.pe\/ingles\/wp-json\/wp\/v2\/posts\/3420\/revisions\/7019"}],"wp:featuredmedia":[{"embeddable":true,"href":"https:\/\/derechosinfronteras.pe\/ingles\/wp-json\/wp\/v2\/media\/3421"}],"wp:attachment":[{"href":"https:\/\/derechosinfronteras.pe\/ingles\/wp-json\/wp\/v2\/media?parent=3420"}],"wp:term":[{"taxonomy":"category","embeddable":true,"href":"https:\/\/derechosinfronteras.pe\/ingles\/wp-json\/wp\/v2\/categories?post=3420"},{"taxonomy":"post_tag","embeddable":true,"href":"https:\/\/derechosinfronteras.pe\/ingles\/wp-json\/wp\/v2\/tags?post=3420"}],"curies":[{"name":"wp","href":"https:\/\/api.w.org\/{rel}","templated":true}]}}