{"id":3422,"date":"2022-04-28T16:42:49","date_gmt":"2022-04-28T21:42:49","guid":{"rendered":"http:\/\/derechosinfronteras.pe\/?p=8081"},"modified":"2022-04-28T16:42:49","modified_gmt":"2022-04-28T21:42:49","slug":"represion-policial-en-apurimac-catorce-heridos-y-uno-de-gravedad","status":"publish","type":"post","link":"https:\/\/derechosinfronteras.pe\/ingles\/represion-policial-en-apurimac-catorce-heridos-y-uno-de-gravedad\/","title":{"rendered":"Represi\u00f3n policial en Apur\u00edmac: Catorce heridos y uno de gravedad"},"content":{"rendered":"<p>Redacci\u00f3n DHSF<\/p>\n<p>A partir del mediod\u00eda de ayer, mi\u00e9rcoles 27 de abril, se registr\u00f3 la represi\u00f3n de la polic\u00eda hacia los comuneros de Fuerabamba, distrito de Challhuahuacho, regi\u00f3n Apur\u00edmac.<\/p>\n<p>Este suceso trajo como resultado 14 heridos, de los cuales una mujer de gravedad, identificada como Rosa Paniura Vargas, de 60 a\u00f1os. Otra persona herida es Teresa Paniura Vargas, de 48 a\u00f1os, quien presenta un cuadro con varias contusiones y posible fractura en la pierna derecha.<\/p>\n<p>A las dos mujeres se le suma Daniel Huillca Vargas, de 21 a\u00f1os, diagnosticado con policontusiones en el rostro, y 11 heridos m\u00e1s. De este \u00faltimo grupo, la mayor\u00eda tiene contusiones y fueron atendidos en el centro de salud de Challhuahuacho, seg\u00fan indica el medio informativo Pulso Regional.<\/p>\n<p><strong>REPRESI\u00d3N<\/strong><\/p>\n<p>La Comisi\u00f3n Interamericana de Derechos Humanos advierte que el uso de la fuerza solo puede ser ejercido para proteger la vida y la integridad f\u00edsica de los participantes en una manifestaci\u00f3n, hecho que no habr\u00eda ocurrido en Apur\u00edmac.<\/p>\n<p>En la protesta del mi\u00e9rcoles, un contingente de m\u00e1s de 600 agentes desaloj\u00f3 violentamente a los comuneros que ejerc\u00edan su derecho a la protesta. Este desalojo habr\u00eda sido solicitado por la empresa minera Las Bambas, el 16 de abril de 2022.<\/p>\n<p>El medio period\u00edstico Ojo P\u00fablico, en un reportaje difundido, menciona que el comunicado emitido por la Presidencia del Consejo de Ministros (PCM), el cual \u00fanicamente informa de la petici\u00f3n de la minera para el desalojo con apoyo de la Polic\u00eda Nacional del Per\u00fa y no sobre la evidente represi\u00f3n policial, fue borrado horas despu\u00e9s.<\/p>\n<p><img fetchpriority=\"high\" decoding=\"async\" class=\"wp-image-8082 aligncenter\" src=\"http:\/\/derechosinfronteras.pe\/wp-content\/uploads\/2022\/04\/com.-borrado-1024x1024.jpg\" alt=\"\" width=\"488\" height=\"487\" \/><\/p>\n<p><strong>ESTADO DE EMERGENCIA INCONSTITUCIONAL<\/strong><\/p>\n<p>Vale recodar que, el 27 de abril, el Ejecutivo public\u00f3 el Decreto Supremo n.\u00b0 042-2022-PCM que declara <a href=\"https:\/\/derechosinfronteras.pe\/ingles\/gobierno-de-pedro-castillo-declara-en-emergencia-distritos-de-apurimac\/\">estado de emergencia por 30 d\u00edas los distritos de Challhuahuacho y Coyllurqui<\/a>, provincia de Cotabambas, Apur\u00edmac.<\/p>\n<p>Dicha medida se fundament\u00f3 en informes policiales no p\u00fablicos que se\u00f1alan la presunta comisi\u00f3n de delitos en la zona. Esa actitud va en contra de los est\u00e1ndares y principios de la declaratoria de un estado de emergencia que tiene que ser de car\u00e1cter excepcional, debidamente motivado, adem\u00e1s, debe incorporar y describir los criterios de temporalidad, proporcionalidad en la medida y necesidad de la misma.<\/p>\n<p>Al cierre de la nota se report\u00f3 que los agentes policiales estaban disparando con proyectiles, por segundo d\u00eda consecutivo, contra los manifestantes de las comunidades campesinas del distrito de Challhuahuacho. No se conoce a\u00fan la cantidad exacta de heridos. Pedimos a la Defensor\u00eda del Pueblo que recabe mayor informaci\u00f3n sobre los heridos y detenidos reportados.<\/p>\n<p>Actitudes de represi\u00f3n como las que percibimos ayer dan cuenta que el Estado no sabe lidiar con los conflictos sociales ni vela por la integridad de los que participan en las manifestaciones.<\/p>\n<p>Desde Derechos Humanos Sin Fronteras rechazamos todo tipo de violencia e instamos al Estado cumplir su rol de garante de los derechos humanos y a utilizar verdaderamente las v\u00edas de di\u00e1logo como base para la soluci\u00f3n de los conflictos.<\/p>","protected":false},"excerpt":{"rendered":"<p>Redacci\u00f3n DHSF A partir del mediod\u00eda de ayer, mi\u00e9rcoles 27 de abril, se registr\u00f3 la represi\u00f3n de la polic\u00eda hacia los comuneros de Fuerabamba, distrito de Challhuahuacho, regi\u00f3n Apur\u00edmac. Este suceso trajo como resultado 14 heridos, de los cuales una mujer de gravedad, identificada como Rosa Paniura Vargas, de 60 a\u00f1os. Otra persona herida es [&hellip;]<\/p>\n","protected":false},"author":1,"featured_media":3423,"comment_status":"open","ping_status":"open","sticky":false,"template":"","format":"standard","meta":{"_monsterinsights_skip_tracking":false,"_monsterinsights_sitenote_active":false,"_monsterinsights_sitenote_note":"","_monsterinsights_sitenote_category":0,"_jetpack_memberships_contains_paid_content":false,"footnotes":"","jetpack_publicize_message":"","jetpack_publicize_feature_enabled":true,"jetpack_social_post_already_shared":false,"jetpack_social_options":{"image_generator_settings":{"template":"highway","default_image_id":0,"font":"","enabled":false},"version":2}},"categories":[1],"tags":[],"class_list":["post-3422","post","type-post","status-publish","format-standard","has-post-thumbnail","hentry","category-sin-categoria"],"blocksy_meta":[],"jetpack_publicize_connections":[],"jetpack_featured_media_url":"https:\/\/derechosinfronteras.pe\/wp-content\/uploads\/2022\/04\/com.-borrado-1.jpg","jetpack_sharing_enabled":true,"jetpack_likes_enabled":true,"_links":{"self":[{"href":"https:\/\/derechosinfronteras.pe\/ingles\/wp-json\/wp\/v2\/posts\/3422","targetHints":{"allow":["GET"]}}],"collection":[{"href":"https:\/\/derechosinfronteras.pe\/ingles\/wp-json\/wp\/v2\/posts"}],"about":[{"href":"https:\/\/derechosinfronteras.pe\/ingles\/wp-json\/wp\/v2\/types\/post"}],"author":[{"embeddable":true,"href":"https:\/\/derechosinfronteras.pe\/ingles\/wp-json\/wp\/v2\/users\/1"}],"replies":[{"embeddable":true,"href":"https:\/\/derechosinfronteras.pe\/ingles\/wp-json\/wp\/v2\/comments?post=3422"}],"version-history":[{"count":0,"href":"https:\/\/derechosinfronteras.pe\/ingles\/wp-json\/wp\/v2\/posts\/3422\/revisions"}],"wp:featuredmedia":[{"embeddable":true,"href":"https:\/\/derechosinfronteras.pe\/ingles\/wp-json\/wp\/v2\/media\/3423"}],"wp:attachment":[{"href":"https:\/\/derechosinfronteras.pe\/ingles\/wp-json\/wp\/v2\/media?parent=3422"}],"wp:term":[{"taxonomy":"category","embeddable":true,"href":"https:\/\/derechosinfronteras.pe\/ingles\/wp-json\/wp\/v2\/categories?post=3422"},{"taxonomy":"post_tag","embeddable":true,"href":"https:\/\/derechosinfronteras.pe\/ingles\/wp-json\/wp\/v2\/tags?post=3422"}],"curies":[{"name":"wp","href":"https:\/\/api.w.org\/{rel}","templated":true}]}}