{"id":3426,"date":"2022-04-25T15:44:18","date_gmt":"2022-04-25T20:44:18","guid":{"rendered":"http:\/\/derechosinfronteras.pe\/?p=8069"},"modified":"2022-04-25T15:44:18","modified_gmt":"2022-04-25T20:44:18","slug":"comunicado-internacional-sobre-afectaciones-al-territorio-medio-ambiente-y-comunidades-en-espinar","status":"publish","type":"post","link":"https:\/\/derechosinfronteras.pe\/ingles\/comunicado-internacional-sobre-afectaciones-al-territorio-medio-ambiente-y-comunidades-en-espinar\/","title":{"rendered":"Comunicado internacional sobre afectaciones al territorio, medio ambiente y comunidades en Espinar"},"content":{"rendered":"<p><span style=\"font-weight: 400;\">Organizaciones defensoras de derechos humanos, del territorio y del medio ambiente y casa com\u00fan, de la regi\u00f3n andina, reunidas en abril de 2022 en la ciudad de Cusco, ante la crisis pol\u00edtica y social que atraviesa el Per\u00fa y las comunidades campesinas afectadas por el proyecto minero Antapaccay &#8211; Expansi\u00f3n Tintaya &#8211; Integraci\u00f3n Coroccohuayco de la empresa Glencore en Espinar,<\/span><b> manifestamos nuestra solidaridad<\/b> <b>y preocupaci\u00f3n<\/b><span style=\"font-weight: 400;\"> ante:<\/span><\/p>\n<ul>\n<li style=\"font-weight: 400;\" aria-level=\"1\"><span style=\"font-weight: 400;\">Las graves violaciones de derechos humanos <\/span><b>denunciadas por la comunidad de Alto Huarca en Espinar<\/b><span style=\"font-weight: 400;\"> a ra\u00edz de las afectaciones sociales, econ\u00f3micas y ambientales producidas por a\u00f1os de extractivismo, que no han resuelto sino agravado los problemas estructurales de las comunidades.\u00a0<\/span><\/li>\n<li style=\"font-weight: 400;\" aria-level=\"1\"><span style=\"font-weight: 400;\">Las denuncias de la poblaci\u00f3n por la falta de participaci\u00f3n efectiva y de garant\u00edas para la consulta previa, libre e informada, afectando sus derechos colectivos y las garant\u00edas contenidas bajo el Convenio 169 de la OIT, de acuerdo tambi\u00e9n al bloque de constitucionalidad,\u00a0 la Ley de Consulta Previa y la <\/span><span style=\"font-weight: 400;\">Sentencia A.P. 29126-2018<\/span><span style=\"font-weight: 400;\">.<\/span><span style=\"font-weight: 400;\">\u00a0<\/span><\/li>\n<li style=\"font-weight: 400;\" aria-level=\"1\"><span style=\"font-weight: 400;\">Los constantes reclamos ante el incumplimiento de los acuerdos y compromisos de compensaci\u00f3n,\u00a0 reubicaci\u00f3n y otros establecidos con las comunidades por parte de la empresa minera Glencore Antapaccay.<\/span><\/li>\n<li style=\"font-weight: 400;\" aria-level=\"1\"><span style=\"font-weight: 400;\">Las graves violaciones al derecho a la salud de las comunidades debido a las afectaciones al medio ambiente y a la casa com\u00fan provocados por la explotaci\u00f3n minera, as\u00ed como la falta de respuesta y atenci\u00f3n de salud, pese a los avances\u00a0 en materia de pol\u00edticas p\u00fablicas en salud ambiental y humana en el pa\u00eds.\u00a0\u00a0<\/span><\/li>\n<li style=\"font-weight: 400;\" aria-level=\"1\"><span style=\"font-weight: 400;\">La evidencia de proyectos de reasentamientos que no se adec\u00faan a est\u00e1ndares de derechos humanos tales como la Observaci\u00f3n General No 7. del Pacto Internacional de los Derechos Econ\u00f3micos Social y Culturales (PIDESC) ni responden a las necesidades culturales y formas de vida de las comunidades, promoviendo as\u00ed el cambio acelerado de patrones de vida y la urbanizaci\u00f3n acelerada de la poblaci\u00f3n.\u00a0<\/span><\/li>\n<li style=\"font-weight: 400;\" aria-level=\"1\"><span style=\"font-weight: 400;\">Las afectaciones al patrimonio cultural, espiritual, y arqueol\u00f3gico de las comunidades, incluyendo sitios sagrados, flora y fauna, lo cual constituye, adem\u00e1s, vulneraciones a la preservaci\u00f3n de la memoria hist\u00f3rica y cultural del pa\u00eds.<\/span><\/li>\n<li style=\"font-weight: 400;\" aria-level=\"1\"><span style=\"font-weight: 400;\">Los impactos ambientales relatados sobre las fuentes h\u00eddricas, contaminaci\u00f3n del aire y suelo por las operaciones mineras, como tambi\u00e9n impactos diferenciados e invisibilizados a grupos en situaci\u00f3n de vulnerabilidad, incluyendo mujeres, ni\u00f1os\/as, personas con discapacidad, personas adultas mayores, especialmente sobre sus derechos econ\u00f3micos, sociales y culturales.\u00a0<\/span><\/li>\n<li style=\"font-weight: 400;\" aria-level=\"1\"><span style=\"font-weight: 400;\">Las vulneraciones al derecho a la alimentaci\u00f3n, reforzadas por el extractivismo y la crisis de alimento y combustible actual, que muestran que d\u00e9cadas de extractivismo no han supuesto una respuesta efectiva a la superaci\u00f3n de la pobreza y la desigualdad<\/span><\/li>\n<li style=\"font-weight: 400;\" aria-level=\"1\"><span style=\"font-weight: 400;\">La criminalizaci\u00f3n de defensores\/as ambientales y el uso de la fuerza p\u00fablica que afectan el derecho a la protesta social, la libertad de expresi\u00f3n y asociaci\u00f3n.<\/span><\/li>\n<\/ul>\n<p><span style=\"font-weight: 400;\">En este contexto, preocupa el plan de <\/span><b>ampliaci\u00f3n de<\/b><b>l<\/b><b> proyecto minero Coroccohuayco <\/b><span style=\"font-weight: 400;\">y la amenaza de que se repitan estas pr\u00e1cticas y violaciones de derechos. En nuestros pa\u00edses hemos visto los mismos patrones de\u00a0 operaci\u00f3n de proyectos mineros de similar alcance, como en los departamentos de Guajira y Cesar, Colombia, donde Glencore tambi\u00e9n desarrolla actividades de extracci\u00f3n de carb\u00f3n a gran escala.<\/span><\/p>\n<p><span style=\"font-weight: 400;\">Nos sumamos al pedido de las comunidades a que, en el marco del cuidado de la Casa Com\u00fan y la promoci\u00f3n de la dignidad de las personas, se respete el ejercicio de derechos fundamentales de las comunidades afectadas por actividades extractivas, por lo que <\/span><b>solicitamos:<\/b><\/p>\n<p>&nbsp;<\/p>\n<ul>\n<li style=\"font-weight: 400;\" aria-level=\"1\"><span style=\"font-weight: 400;\">Que el Estado peruano atienda los problemas estructurales, las expectativas y reivindicaciones hist\u00f3ricas acumuladas de la poblaci\u00f3n peruana manifestadas en las recientes protestas sociales, para la gobernabilidad y bien com\u00fan, as\u00ed como el cumplimiento de rol de garante de derechos de comunidades impactadas por el extractivismo.<\/span><\/li>\n<li style=\"font-weight: 400;\" aria-level=\"1\"><span style=\"font-weight: 400;\">Que el Estado peruano, en especial el Ministerio de Energ\u00eda y Minas y la empresa Glencore, garanticen la participaci\u00f3n efectiva y el mecanismo de consulta previa a la modificatoria del Estudio de Impacto Ambiental Coroccohuayco, cumpliendo con los est\u00e1ndares internacionales ya reconocidos en el Per\u00fa y en concordancia con la <\/span><span style=\"font-weight: 400;\">Sentencia A.P. 29126-2018, la cu\u00e1l se podr\u00e1 aplicar con car\u00e1cter retroactivo a los casos donde se haya omitido o negado el derecho a la consulta previa desde el 2012, a\u00f1o en que se public\u00f3 el Reglamento de la Ley de Consulta Previa en Per\u00fa.\u00a0<\/span><\/li>\n<li style=\"font-weight: 400;\" aria-level=\"1\"><span style=\"font-weight: 400;\">Que el Estado peruano garantice la implementaci\u00f3n efectiva de leyes que protejan a personas defensoras del medio ambiente, incluyendo la ratificaci\u00f3n del Acuerdo de Escaz\u00fa, tal como ya se avanz\u00f3 en Bolivia y Chile, y que ponga fin a la criminalizaci\u00f3n y estigmatizaci\u00f3n de personas defensoras, combata la impunidad, garantice la participaci\u00f3n y consentimiento previo de comunidades campesinas ind\u00edgenas.<\/span><\/li>\n<li style=\"font-weight: 400;\" aria-level=\"1\"><span style=\"font-weight: 400;\">Que el Estado peruano ponga fin a la criminalizaci\u00f3n y estigmatizaci\u00f3n de personas defensoras del medio ambiente y derechos humanos y garantice la implementaci\u00f3n efectiva de leyes que las protejan y combatan la impunidad, promoviendo su participaci\u00f3n y consentimiento previo de comunidades campesinas ind\u00edgenas.<\/span><\/li>\n<li style=\"font-weight: 400;\" aria-level=\"1\"><span style=\"font-weight: 400;\">Que la empresa Glencore atienda el pedido de las comunidades afectadas por sus operaciones de cumplir con sus obligaciones y los acuerdos a los que ha llegado con las comunidades afectadas, respetar los derechos humanos y los est\u00e1ndares internacionales, as\u00ed como una real participaci\u00f3n e implementaci\u00f3n de la consulta previa.<\/span><\/li>\n<li style=\"font-weight: 400;\" aria-level=\"1\"><span style=\"font-weight: 400;\">Que los Estados de pa\u00edses andinos &#8211; amaz\u00f3nicos introduzcan una legislaci\u00f3n robusta sobre la debida diligencia de empresas en materia de medio ambiente y derechos humanos que garantice la protecci\u00f3n de los derechos humanos y de las personas defensoras.<\/span><\/li>\n<li style=\"font-weight: 400;\" aria-level=\"1\"><span style=\"font-weight: 400;\">Que los Bancos de Desarrollo que financian y apoyan inversiones en megaproyectos extractivos o de infraestructura en Per\u00fa y el resto de Sudam\u00e9rica modifiquen sus directivas de pueblos ind\u00edgenas, desplazamientos, compensaciones, debida diligencia y atenci\u00f3n a grupos vulnerables, para adecuarlas a los est\u00e1ndares internacionalmente reconocidos de derechos humanos.<\/span><\/li>\n<\/ul>\n<p><img fetchpriority=\"high\" decoding=\"async\" class=\"size-full wp-image-8070 aligncenter\" src=\"http:\/\/derechosinfronteras.pe\/wp-content\/uploads\/2022\/04\/caf.jpg\" alt=\"\" width=\"798\" height=\"482\" \/><\/p>","protected":false},"excerpt":{"rendered":"<p>Organizaciones defensoras de derechos humanos, del territorio y del medio ambiente y casa com\u00fan, de la regi\u00f3n andina, reunidas en abril de 2022 en la ciudad de Cusco, ante la crisis pol\u00edtica y social que atraviesa el Per\u00fa y las comunidades campesinas afectadas por el proyecto minero Antapaccay &#8211; Expansi\u00f3n Tintaya &#8211; Integraci\u00f3n Coroccohuayco de [&hellip;]<\/p>\n","protected":false},"author":1,"featured_media":3427,"comment_status":"open","ping_status":"open","sticky":false,"template":"","format":"standard","meta":{"_monsterinsights_skip_tracking":false,"_monsterinsights_sitenote_active":false,"_monsterinsights_sitenote_note":"","_monsterinsights_sitenote_category":0,"_jetpack_memberships_contains_paid_content":false,"footnotes":"","jetpack_publicize_message":"","jetpack_publicize_feature_enabled":true,"jetpack_social_post_already_shared":false,"jetpack_social_options":{"image_generator_settings":{"template":"highway","default_image_id":0,"font":"","enabled":false},"version":2}},"categories":[1],"tags":[],"class_list":["post-3426","post","type-post","status-publish","format-standard","has-post-thumbnail","hentry","category-sin-categoria"],"blocksy_meta":[],"jetpack_publicize_connections":[],"jetpack_featured_media_url":"https:\/\/derechosinfronteras.pe\/wp-content\/uploads\/2022\/04\/caf-1.jpg","jetpack_sharing_enabled":true,"jetpack_likes_enabled":true,"_links":{"self":[{"href":"https:\/\/derechosinfronteras.pe\/ingles\/wp-json\/wp\/v2\/posts\/3426","targetHints":{"allow":["GET"]}}],"collection":[{"href":"https:\/\/derechosinfronteras.pe\/ingles\/wp-json\/wp\/v2\/posts"}],"about":[{"href":"https:\/\/derechosinfronteras.pe\/ingles\/wp-json\/wp\/v2\/types\/post"}],"author":[{"embeddable":true,"href":"https:\/\/derechosinfronteras.pe\/ingles\/wp-json\/wp\/v2\/users\/1"}],"replies":[{"embeddable":true,"href":"https:\/\/derechosinfronteras.pe\/ingles\/wp-json\/wp\/v2\/comments?post=3426"}],"version-history":[{"count":0,"href":"https:\/\/derechosinfronteras.pe\/ingles\/wp-json\/wp\/v2\/posts\/3426\/revisions"}],"wp:featuredmedia":[{"embeddable":true,"href":"https:\/\/derechosinfronteras.pe\/ingles\/wp-json\/wp\/v2\/media\/3427"}],"wp:attachment":[{"href":"https:\/\/derechosinfronteras.pe\/ingles\/wp-json\/wp\/v2\/media?parent=3426"}],"wp:term":[{"taxonomy":"category","embeddable":true,"href":"https:\/\/derechosinfronteras.pe\/ingles\/wp-json\/wp\/v2\/categories?post=3426"},{"taxonomy":"post_tag","embeddable":true,"href":"https:\/\/derechosinfronteras.pe\/ingles\/wp-json\/wp\/v2\/tags?post=3426"}],"curies":[{"name":"wp","href":"https:\/\/api.w.org\/{rel}","templated":true}]}}