{"id":3431,"date":"2022-04-11T15:36:23","date_gmt":"2022-04-11T20:36:23","guid":{"rendered":"http:\/\/derechosinfronteras.pe\/?p=8042"},"modified":"2022-04-11T15:36:23","modified_gmt":"2022-04-11T20:36:23","slug":"otra-vez-desaparece-una-menor-en-espinar-familia-cuestiona-accionar-de-la-policia","status":"publish","type":"post","link":"https:\/\/derechosinfronteras.pe\/ingles\/otra-vez-desaparece-una-menor-en-espinar-familia-cuestiona-accionar-de-la-policia\/","title":{"rendered":"Otra vez desaparece una menor en Espinar: Familia cuestiona accionar de la Polic\u00eda"},"content":{"rendered":"<p>Redacci\u00f3n DHSF<\/p>\n<p>A 6 d\u00edas de la desaparici\u00f3n de Leonor Labra Panocca, 13 a\u00f1os de edad, sus familiares contin\u00faan busc\u00e1ndola y exigen respuestas c\u00e9leres de las entidades correspondientes.<\/p>\n<p>El pasado martes 5 de abril denunciaron su desaparici\u00f3n. La \u00faltima vez que la vieron fue cuando sali\u00f3 de su vivienda con direcci\u00f3n a su colegio Almirante Miguel Grau, ubicado en Yauri, capital de la provincia de Espinar. Ella vest\u00eda el buzo del colegio; azul con rayas blancas.<\/p>\n<p><img fetchpriority=\"high\" decoding=\"async\" class=\"wp-image-8044 aligncenter\" src=\"http:\/\/derechosinfronteras.pe\/wp-content\/uploads\/2022\/04\/leo0-724x1024.jpg\" alt=\"\" width=\"395\" height=\"559\" \/><\/p>\n<p><strong>ACCIONAR DE LA POLIC\u00cdA <\/strong><\/p>\n<p>Tambi\u00e9n aseguraron que la denuncia de la desaparici\u00f3n la hicieron el mismo d\u00eda, mientras que la Polic\u00eda Nacional del Per\u00fa (PNP) de Espinar reci\u00e9n ayer acudi\u00f3 al domicilio de la menor para recolectar las evidencias. La familia tuvo que contratar a un abogado, quien acudi\u00f3 a la comisar\u00eda para exigir la respuesta de dichas autoridades.<\/p>\n<p>Por otro lado, la hermana de la menor desaparecida, Leonela Labra, presidenta de la Federaci\u00f3n Universitaria del Cusco, indic\u00f3 que la polic\u00eda sabe de que el tel\u00e9fono de la menor est\u00e1 en posesi\u00f3n de la familia, pero a la fecha no ha desbloqueado el m\u00f3vil, el cual podr\u00eda contener pistas de lo ocurrido.<\/p>\n<p>\u201cCuando mi mam\u00e1 llev\u00f3 la evidencia, han agarrado el celular como si fuera un objeto cualquiera, el polic\u00eda lo puso al bolsillo\u201d, mencion\u00f3 la presidenta.<\/p>\n<p>Kathe Soto, activista y representante de Mujeres Desaparecidas Per\u00fa, explic\u00f3 sobre el protocolo de actuaci\u00f3n en circunstancias de desaparici\u00f3n.<\/p>\n<p>\u201cEn las primeras 72 horas se debe articular todos los mecanismos de emergencia nacional; se debe realizar un trabajo multisectorial, activar las unidades de difusi\u00f3n, alerta de emergencia en todos los espacios, geolocalizaci\u00f3n y pedir el levantamiento del secreto telef\u00f3nico\u201d, precis\u00f3, adem\u00e1s, dijo que ello est\u00e1 a cargo de la rector\u00eda del Ministerio del Interior.<\/p>\n<p><strong>ACCIONES CIUDADANAS <\/strong><\/p>\n<p>La poblaci\u00f3n de Espinar y la ciudad del Cusco, indignada por lo sucedido, realiz\u00f3 casi todos los d\u00edas plantones y vigilias. Hoy tambi\u00e9n la ciudadan\u00eda acatar\u00e1 un plant\u00f3n, pero esta vez en la Plaza T\u00fapac Amaru, a las 3:00 p. m. para exigir que las autoridades como la PNP act\u00faen eficazmente y logren hallarla.<\/p>\n<p><img decoding=\"async\" class=\"wp-image-8046 aligncenter\" src=\"http:\/\/derechosinfronteras.pe\/wp-content\/uploads\/2022\/04\/leo-4.jpg\" alt=\"\" width=\"452\" height=\"639\" \/><\/p>\n<p>\u201cEsperamos que el general del Cusco tome el caso, que los agentes de inteligencia intervengan el celular, pedimos investigaci\u00f3n especializada, que se lleven la laptop y el celular \u201c, se\u00f1al\u00f3 la presidenta de la FUC.<\/p>\n<p>En la provincia de Espinar, desde el primer d\u00eda de la desaparici\u00f3n, familiares y amigos realizaron la b\u00fasqueda, mediante perifoneo, carteles y volantes en mano en lugares abandonados, terminales formales e informales, lugares sin alumbrado p\u00fablico, lugares congestionados, discotecas, entre otros.<\/p>\n<p><img decoding=\"async\" class=\"wp-image-8045 aligncenter\" src=\"http:\/\/derechosinfronteras.pe\/wp-content\/uploads\/2022\/04\/leo1-1024x768.jpg\" alt=\"\" width=\"515\" height=\"386\" \/><\/p>\n<p><strong>CIFRAS<\/strong><\/p>\n<p>La Defensor\u00eda del Pueblo, en el reporte \u00bfQu\u00e9 pas\u00f3 con ellas?, revel\u00f3 que en febrero de 2022, 397 ni\u00f1os\/as y adolescentes fueron reportados\/as como desaparecidos\/as. De esta cifra, 329 eran ni\u00f1as y adolescentes mujeres, mientras que, en la regi\u00f3n de Cusco, para febrero se reportaron 8 ni\u00f1as\/adolescentes desaparecidas.<\/p>\n<p>Este reporte ofrece datos desde la sistematizaci\u00f3n de notas de alertas registradas en la web de la PNP y el Portal de Personas Desaparecidas.<\/p>\n<p>Actualmente, el Ministerio de la Mujer, a trav\u00e9s del Decreto Supremo n.\u00b0 005-2022-MIMP, incluy\u00f3 la desaparici\u00f3n de mujeres, ni\u00f1as, ni\u00f1os y adolescentes como modalidad de violencia de g\u00e9nero.<\/p>\n<p>Nuestra instituci\u00f3n insta a las autoridades competentes que cumplan el protocolo de atenci\u00f3n para personas desaparecidas y act\u00faen con la debida diligencia.<\/p>\n<p>&nbsp;<\/p>","protected":false},"excerpt":{"rendered":"<p>Redacci\u00f3n DHSF A 6 d\u00edas de la desaparici\u00f3n de Leonor Labra Panocca, 13 a\u00f1os de edad, sus familiares contin\u00faan busc\u00e1ndola y exigen respuestas c\u00e9leres de las entidades correspondientes. El pasado martes 5 de abril denunciaron su desaparici\u00f3n. La \u00faltima vez que la vieron fue cuando sali\u00f3 de su vivienda con direcci\u00f3n a su colegio Almirante [&hellip;]<\/p>\n","protected":false},"author":1,"featured_media":3432,"comment_status":"open","ping_status":"open","sticky":false,"template":"","format":"standard","meta":{"_monsterinsights_skip_tracking":false,"_monsterinsights_sitenote_active":false,"_monsterinsights_sitenote_note":"","_monsterinsights_sitenote_category":0,"_jetpack_memberships_contains_paid_content":false,"footnotes":"","jetpack_publicize_message":"","jetpack_publicize_feature_enabled":true,"jetpack_social_post_already_shared":false,"jetpack_social_options":{"image_generator_settings":{"template":"highway","default_image_id":0,"font":"","enabled":false},"version":2}},"categories":[1],"tags":[],"class_list":["post-3431","post","type-post","status-publish","format-standard","has-post-thumbnail","hentry","category-sin-categoria"],"blocksy_meta":[],"jetpack_publicize_connections":[],"jetpack_featured_media_url":"https:\/\/derechosinfronteras.pe\/wp-content\/uploads\/2022\/04\/Hermana-Leo.png","jetpack_sharing_enabled":true,"jetpack_likes_enabled":true,"_links":{"self":[{"href":"https:\/\/derechosinfronteras.pe\/ingles\/wp-json\/wp\/v2\/posts\/3431","targetHints":{"allow":["GET"]}}],"collection":[{"href":"https:\/\/derechosinfronteras.pe\/ingles\/wp-json\/wp\/v2\/posts"}],"about":[{"href":"https:\/\/derechosinfronteras.pe\/ingles\/wp-json\/wp\/v2\/types\/post"}],"author":[{"embeddable":true,"href":"https:\/\/derechosinfronteras.pe\/ingles\/wp-json\/wp\/v2\/users\/1"}],"replies":[{"embeddable":true,"href":"https:\/\/derechosinfronteras.pe\/ingles\/wp-json\/wp\/v2\/comments?post=3431"}],"version-history":[{"count":0,"href":"https:\/\/derechosinfronteras.pe\/ingles\/wp-json\/wp\/v2\/posts\/3431\/revisions"}],"wp:featuredmedia":[{"embeddable":true,"href":"https:\/\/derechosinfronteras.pe\/ingles\/wp-json\/wp\/v2\/media\/3432"}],"wp:attachment":[{"href":"https:\/\/derechosinfronteras.pe\/ingles\/wp-json\/wp\/v2\/media?parent=3431"}],"wp:term":[{"taxonomy":"category","embeddable":true,"href":"https:\/\/derechosinfronteras.pe\/ingles\/wp-json\/wp\/v2\/categories?post=3431"},{"taxonomy":"post_tag","embeddable":true,"href":"https:\/\/derechosinfronteras.pe\/ingles\/wp-json\/wp\/v2\/tags?post=3431"}],"curies":[{"name":"wp","href":"https:\/\/api.w.org\/{rel}","templated":true}]}}