{"id":3434,"date":"2022-04-05T15:31:07","date_gmt":"2022-04-05T20:31:07","guid":{"rendered":"http:\/\/derechosinfronteras.pe\/?p=8038"},"modified":"2022-04-05T15:31:07","modified_gmt":"2022-04-05T20:31:07","slug":"tribunal-constitucional-reabre-las-puertas-a-la-impunidad","status":"publish","type":"post","link":"https:\/\/derechosinfronteras.pe\/ingles\/tribunal-constitucional-reabre-las-puertas-a-la-impunidad\/","title":{"rendered":"Tribunal Constitucional reabre las puertas a la impunidad"},"content":{"rendered":"<p style=\"text-align: left;\"><strong>Escribe: Yulissa Casana Mu\u00f1oz,<\/strong> <strong>coordinadora del \u00e1rea de Comunicaci\u00f3n, Incidencia y G\u00e9nero de Derechos Humanos Sin Fronteras.<\/strong><\/p>\n<p>Para no creer. A 30 a\u00f1os del autogolpe, Alberto Fujimori Fujimori muestra, una vez m\u00e1s, el poder corrupto que a\u00fan mantiene el fujimorismo dentro de algunos organismos del Estado. El Tribunal Constitucional (TC) fall\u00f3 a favor de su liberaci\u00f3n gracias al voto dirimente del juez Augusto Ferrero Costa y controvertidas posiciones de parte de otros dos tribunos.<\/p>\n<p>Esta pol\u00e9mica decisi\u00f3n es inaceptable. Viola el derecho internacional para cr\u00edmenes de lesa humanidad, expresado en convenios que el Per\u00fa suscribe, y sobre todo vulnera los derechos humanos de las v\u00edctimas de los cr\u00edmenes de La Cantuta y Barrios Altos, por los cuales fue condenado el exdictador.<\/p>\n<p>Tambi\u00e9n existen otras v\u00edctimas de la dictadura. Tal es el caso de las esterilizaciones forzadas. Desde hace m\u00e1s de 25 a\u00f1os, miles de mujeres siguen en la b\u00fasqueda de verdad, justicia y reparaciones integrales, mientras que \u00e9l, desde el 2009, permanece en una c\u00e1rcel donde goza de privilegios.<\/p>\n<p><strong>Esterilizaciones forzadas<\/strong><\/p>\n<p>Durante la d\u00e9cada del 90\u2019, que coincide con el per\u00edodo del Conflicto Armado Interno 1980- 2000, \u00e9poca m\u00e1s violenta del Per\u00fa, el gobierno de Fujimori Fujimori capt\u00f3 a mujeres de zonas rurales y urbano populares a quienes con enga\u00f1os, hostigamientos y coacciones se las esteriliz\u00f3 forzosamente. No se les brind\u00f3 acceso a la m\u00e1s amplia gama de m\u00e9todos anticonceptivos ni tampoco se les habl\u00f3 en su idioma materno.<\/p>\n<p>El objetivo era reducir el ritmo de la tasa de crecimiento poblacional por medio de procedimientos quir\u00fargicos irreversibles a mujeres (314,605, seg\u00fan la comisi\u00f3n del Congreso que investig\u00f3 en el 2000) y tambi\u00e9n a varones (22,004 aproximadamente) para reducir la pobreza. A los m\u00e9dicos se les impuso cuotas mensuales de personas a operar a cambio de incentivos y reconocimientos.<\/p>\n<p>El Ministerio de Salud lider\u00f3 el \u201cPrograma de Salud Reproductiva y Planificaci\u00f3n Familiar\u201d (1996 &#8211; 2000), a trav\u00e9s de los entonces ministros Eduardo Yong Motta, Marino Costa Bauer y Alejandro Aguinaga. Este \u00faltimo es actual congresista de la bancada Fuerza Popular y m\u00e9dico de cabecera de Alberto Fujimori.<\/p>\n<p>Actualmente los tres son procesados por ser presuntos autores del delito contra la vida, el cuerpo y la salud, lesiones graves seguidas de muerte en el contexto de grave violaci\u00f3n de derechos humanos en agravio de Mam\u00e9rita Mestanza, Alejandra Aguirre y otras. En el caso del padre de Keiko Fujimori, el proceso penal en su contra se encuentra suspendido hasta que el Gobierno de Chile se pronuncie sobre la ampliaci\u00f3n de su extradici\u00f3n por las esterilizaciones forzadas.<\/p>\n<p>Esta pol\u00edtica de esterilizaciones forzadas revela no solo un modo de dominaci\u00f3n representado simb\u00f3licamente por el poder masculino y haci\u00e9ndose extensivo al Estado, tambi\u00e9n una ideolog\u00eda y pr\u00e1ctica discriminatoria y racista que se enfocaba en exterminar por medio del cuerpo de las mujeres a comunidades y pueblos ind\u00edgenas excluidos hist\u00f3ricamente. Existen informes de la Defensor\u00eda del Pueblo y del Ministerio de Salud, as\u00ed como cientos de testimonios que aportan a la construcci\u00f3n de la memoria hist\u00f3rica de lo ocurrido a partir del 5 de abril de 1992.<\/p>\n<p><strong>No a la impunidad<\/strong><\/p>\n<p>En la senda entre la memoria y el olvido colectivo, la Asociaci\u00f3n de Mujeres Afectadas por Esterilizaciones Forzadas de Chumbivilcas se resiste a dejarse vencer por la impunidad. Su presidenta In\u00e9s Condori Anaya recibe con indignaci\u00f3n la noticia del excarcelamiento a Alberto Fujimori. \u201cComo est\u00e1n los fujimoristas (en el TC), por eso lo han favorecido. Tendremos que hacer algo. No lo vamos a permitir\u201d, declar\u00f3 con sorpresa por la noticia de la restituci\u00f3n del indulto otorgado a Fujimori en el 2017.<\/p>\n<p>Al d\u00eda siguiente la asociaci\u00f3n emiti\u00f3 un pronunciamiento que en resumen califica el fallo como insulto: \u201cNo vamos a permitir que este fallo pisotee nuestra memoria y dignidad [\u2026] tambi\u00e9n somos v\u00edctimas de la pol\u00edtica fujimorista\u201d. Adem\u00e1s, anunciaron movilizaciones e hicieron un llamado a las sobrevivientes y sus familiares a no callar.<\/p>\n<p>Se desconoce el n\u00famero exacto de mujeres fallecidas a causa de las esterilizaciones. Celia Ramos y Mam\u00e9rita Mestanza son emblemas del r\u00e9gimen que las esteriliz\u00f3 sin su consentimiento, violando sus libertades y derechos reproductivos, y caus\u00e1ndoles la muerte. La \u00faltima informaci\u00f3n que se tiene es que en el Registro de V\u00edctimas de Esterilizaciones Forzadas (Reviesfo), a cargo del Ministerio de Justicia y Derechos Humanos desde 2016, hay m\u00e1s de 8,000 denuncias, entre hombres y mujeres.<\/p>\n<p>A In\u00e9s Condori, por ejemplo, la intervinieron en el Hospital Regional de Cusco, en mayo de 1995, despu\u00e9s de 7 meses de haber dado a luz en su casa en el distrito de Santo Tom\u00e1s (Chumbivilcas). No recuerda c\u00f3mo le pusieron la anestesia, al despertar se percat\u00f3 que ten\u00eda una incisi\u00f3n en el vientre. \u201cTen\u00eda 30 a\u00f1os cuando me ligaron. Yo nunca habl\u00e9 con el doctor, no lo conozco, ni a las enfermeras\u201d.<\/p>\n<p><strong>Indulto es insulto <\/strong><\/p>\n<p>El coordinador del \u00c1rea Legal de Derechos Humanos Sin Fronteras, Helio Cruz, analiza lo sucedido dentro del TC. \u201cAlberto Fujimori fue encontrado culpable como autor mediato por el delito de homicidio calificado \u2013 asesinato (25 victimas), lesiones graves (4 victimas), secuestro agravado (2 victimas), citando la sentencia del 7 de abril de 2009. Hay m\u00e1s sentencias y otros como el que se encuentran en juicio como el caso de esterilizaciones forzadas y Pativilca. \u00a0Los cr\u00edmenes sistem\u00e1ticos organizados desde el aparato del Estado liderado por Fujimori constituyen una grave vulneraci\u00f3n de derechos humanos y a nuestra d\u00e9bil democracia. Entonces, el mensaje del TC est\u00e1 centrado en emitir sentencias desde la dictadura de los 4 votos\u201d, precis\u00f3.<\/p>\n<p>El indulto del a\u00f1o 2017 por \u201crazones humanitarias\u201d dividi\u00f3 al pa\u00eds. Por eso ahora la coyuntura pol\u00edtica y social tambi\u00e9n se complica por esta restituci\u00f3n. \u201cA la fecha sabemos que las razones sobre el estado de salud no eran ciertas porque Fujimori debe ser uno de los presos m\u00e1s caros del Per\u00fa y quien recibe atenci\u00f3n m\u00e9dica especializada y con posibilidad de atenderlo en una cl\u00ednica. La salud no est\u00e1 en cuesti\u00f3n\u201d, explica Cruz.<\/p>\n<p><strong>La CIDH preocupada<\/strong><\/p>\n<p>La Corte Interamericana de Derechos Humanos emiti\u00f3 un comunicado sobre la decisi\u00f3n del TC. Le ha dado un plazo de 1 semana al Estado peruano para que informe sobre las medidas provisionales en los casos de Barrios Altos y la Cantuta, que constituy\u00f3 una sistem\u00e1tica violaci\u00f3n de derechos humanos. Al respecto, Helio Cruz se\u00f1al\u00f3 que este organismo puede dejar sin efecto el indulto. El TC tambi\u00e9n deber\u00e1 informar al respecto.<\/p>\n<p>No cabe duda -contin\u00faa el abogado de Derechos Humanos Sin Fronteras- que nuestro rol como parte de la sociedad es hacer control social a este tipo de decisiones tan degradantes para la democracia y la vigencia de los derechos humanos, la protesta, la libertad de opini\u00f3n, la libertad de expresi\u00f3n, que deben ser los hilos conductores para cuestionar la sentencia del TC. \u201cNo se trata de la persona sino de la institucionalidad del Estado. Debemos hacer frente al autoritarismo que surge de los votos\u201d.<\/p>\n<p>El Tribunal Constitucional ha reabierto las puertas a la impunidad, por memoria y dignidad debemos cerrarla. No hacerlo es un retroceso para el Per\u00fa.<\/p>\n<p><strong>LEYENDAS<\/strong><\/p>\n<ol>\n<li><strong>El exdictador Alberto Fujimori Fujimori ser\u00e1 liberado, pese a que no cumpli\u00f3 su condena ni pag\u00f3 la reparaci\u00f3n civil.<\/strong><\/li>\n<li><strong>La poblaci\u00f3n en Cusco sali\u00f3 a protestar en rechazo al indulto de Fujimori.<\/strong><\/li>\n<li><strong>Las mujeres v\u00edctimas de las esterilizaciones forzadas cuestionan el fallo del TC.<\/strong><\/li>\n<\/ol>\n","protected":false},"excerpt":{"rendered":"<p>Escribe: Yulissa Casana Mu\u00f1oz, coordinadora del \u00e1rea de Comunicaci\u00f3n, Incidencia y G\u00e9nero de Derechos Humanos Sin Fronteras. Para no creer. A 30 a\u00f1os del autogolpe, Alberto Fujimori Fujimori muestra, una vez m\u00e1s, el poder corrupto que a\u00fan mantiene el fujimorismo dentro de algunos organismos del Estado. El Tribunal Constitucional (TC) fall\u00f3 a favor de su [&hellip;]<\/p>\n","protected":false},"author":1,"featured_media":3435,"comment_status":"open","ping_status":"open","sticky":false,"template":"","format":"standard","meta":{"_monsterinsights_skip_tracking":false,"_monsterinsights_sitenote_active":false,"_monsterinsights_sitenote_note":"","_monsterinsights_sitenote_category":0,"_jetpack_memberships_contains_paid_content":false,"footnotes":"","jetpack_publicize_message":"","jetpack_publicize_feature_enabled":true,"jetpack_social_post_already_shared":false,"jetpack_social_options":{"image_generator_settings":{"template":"highway","default_image_id":0,"font":"","enabled":false},"version":2}},"categories":[1],"tags":[],"class_list":["post-3434","post","type-post","status-publish","format-standard","has-post-thumbnail","hentry","category-sin-categoria"],"blocksy_meta":[],"jetpack_publicize_connections":[],"jetpack_featured_media_url":"https:\/\/derechosinfronteras.pe\/wp-content\/uploads\/2022\/04\/a-30-anos.jpg","jetpack_sharing_enabled":true,"jetpack_likes_enabled":true,"_links":{"self":[{"href":"https:\/\/derechosinfronteras.pe\/ingles\/wp-json\/wp\/v2\/posts\/3434","targetHints":{"allow":["GET"]}}],"collection":[{"href":"https:\/\/derechosinfronteras.pe\/ingles\/wp-json\/wp\/v2\/posts"}],"about":[{"href":"https:\/\/derechosinfronteras.pe\/ingles\/wp-json\/wp\/v2\/types\/post"}],"author":[{"embeddable":true,"href":"https:\/\/derechosinfronteras.pe\/ingles\/wp-json\/wp\/v2\/users\/1"}],"replies":[{"embeddable":true,"href":"https:\/\/derechosinfronteras.pe\/ingles\/wp-json\/wp\/v2\/comments?post=3434"}],"version-history":[{"count":0,"href":"https:\/\/derechosinfronteras.pe\/ingles\/wp-json\/wp\/v2\/posts\/3434\/revisions"}],"wp:featuredmedia":[{"embeddable":true,"href":"https:\/\/derechosinfronteras.pe\/ingles\/wp-json\/wp\/v2\/media\/3435"}],"wp:attachment":[{"href":"https:\/\/derechosinfronteras.pe\/ingles\/wp-json\/wp\/v2\/media?parent=3434"}],"wp:term":[{"taxonomy":"category","embeddable":true,"href":"https:\/\/derechosinfronteras.pe\/ingles\/wp-json\/wp\/v2\/categories?post=3434"},{"taxonomy":"post_tag","embeddable":true,"href":"https:\/\/derechosinfronteras.pe\/ingles\/wp-json\/wp\/v2\/tags?post=3434"}],"curies":[{"name":"wp","href":"https:\/\/api.w.org\/{rel}","templated":true}]}}