{"id":3436,"date":"2022-04-01T12:33:34","date_gmt":"2022-04-01T17:33:34","guid":{"rendered":"http:\/\/derechosinfronteras.pe\/?p=8031"},"modified":"2022-04-01T12:33:34","modified_gmt":"2022-04-01T17:33:34","slug":"lideresas-y-lideres-de-cusco-puno-y-apurimac-reafirman-lazos-para-la-defensa-del-territorio-frente-a-las-actividades-mineras-y-metalurgicas","status":"publish","type":"post","link":"https:\/\/derechosinfronteras.pe\/ingles\/lideresas-y-lideres-de-cusco-puno-y-apurimac-reafirman-lazos-para-la-defensa-del-territorio-frente-a-las-actividades-mineras-y-metalurgicas\/","title":{"rendered":"Lideresas y l\u00edderes reafirman lazos para la defensa del territorio frente a las actividades mineras y metal\u00fargicas"},"content":{"rendered":"<p>Redacci\u00f3n DHSF<\/p>\n<p>Durante dos d\u00edas, con la participaci\u00f3n de 40 l\u00edderes y lideresas, defensores, defensoras y representantes de organizaciones sociales de base de las regiones de Cusco, Puno y Apurimac, se desarroll\u00f3 el VII Encuentro del Espacio Interregional del Sur Andino.<\/p>\n<p>La delegaci\u00f3n de Cusco estuvo compuesta por representantes de Espinar, Chumbivilcas y Paruro, quienes estuvieron acompa\u00f1ados por el equipo de Derechos Humanos Sin Fronteras y otras organizaciones que promueven la defensa de los derechos humanos.<\/p>\n<p>\u201cEstos espacios son \u00fanicos, necesarios e importantes para debatir, discutir y visibilizar las problem\u00e1ticas de nuestras regiones y consensuar acuerdos. Espero que haya otras oportunidades como esta\u201d, se\u00f1al\u00f3 Wilbert Achahui, presidente del Frente \u00danico Distrital de Chamaca, Chumbivilcas.<\/p>\n<p><img fetchpriority=\"high\" decoding=\"async\" class=\"wp-image-8033 aligncenter\" src=\"http:\/\/derechosinfronteras.pe\/wp-content\/uploads\/2022\/04\/fot2-1024x768.jpg\" alt=\"\" width=\"631\" height=\"473\" \/><\/p>\n<p>DETALLES<br \/>\nLa invitaci\u00f3n fue hecha por la Red Muqui Sur, conformada por instituciones de la Macro Regi\u00f3n Sur del Per\u00fa (Apur\u00edmac, Cusco y Puno) y miembros de la Red Muqui Nacional, que busca promover el desarrollo sostenible, as\u00ed como la defensa de los derechos de las comunidades y poblaciones en \u00e1reas de influencia minera y metal\u00fargico.<\/p>\n<p>El primer d\u00eda del encuentro se hizo una remembranza a las y los defensores asesinados o fallecidos recientemente, entre los que se encuentra Oscar Mollohuanca Cruz de la provincia de Espinar. Asimismo, se dialog\u00f3 sobre el contexto social, pol\u00edtico, econ\u00f3mico y cultural. Mientras que, en el segundo d\u00eda, se construy\u00f3 una agenda sobre los temas que ser\u00e1n trabajados de manera articulada a nivel del sur andino junto con instituciones aliadas.<\/p>\n<p>Adem\u00e1s, se identificaron las actividades y las lecciones de aprendizaje en torno a 4 procesos fundamentales para las comunidades: Defensores, G\u00e9nero, Agua y Segunda Reforma Agraria.<\/p>\n<p>OBJETIVOS DEL ENCUENTRO<br \/>\nA continuaci\u00f3n, los principales objetivos de este encuentro realizado en Chucuito-Puno:<\/p>\n<ul>\n<li>Reencontrarse para reafirmar los lazos de solidaridad y hermandad de las organizaciones que impulsan cambios en y desde las regiones del sur andino.<\/li>\n<li>Reflexionar y analizar colectivamente los contextos pol\u00edticos, sociales, econ\u00f3micos y ambientales y la situaci\u00f3n de los derechos en sus territorios y el pa\u00eds.<\/li>\n<li>Conocer y recoger experiencias de organizaciones y luchas desde los pueblos de Bolivia, Colombia, M\u00e9xico y Chile que permitan fortalecer los propios procesos organizativos y reivindicaciones.<\/li>\n<\/ul>\n<p>\u201cEste encuentro nos permiti\u00f3 intercambiar experiencias y capacitarnos, tener estos espacios nos fortalece. Aqu\u00ed estoy aprendiendo, me estoy capacitando , y eso lo voy a transmitir y compartir en mi comunidad\u201d, indic\u00f3 Elisa Salcedo, presidenta de la organizaci\u00f3n de mujeres de Velille, distrito ubicado en la provincia de Chumbivilcas.<\/p>\n<p><img decoding=\"async\" class=\"wp-image-8034 aligncenter\" src=\"http:\/\/derechosinfronteras.pe\/wp-content\/uploads\/2022\/04\/o-1024x768.jpg\" alt=\"\" width=\"650\" height=\"487\" \/><\/p>","protected":false},"excerpt":{"rendered":"<p>Redacci\u00f3n DHSF Durante dos d\u00edas, con la participaci\u00f3n de 40 l\u00edderes y lideresas, defensores, defensoras y representantes de organizaciones sociales de base de las regiones de Cusco, Puno y Apurimac, se desarroll\u00f3 el VII Encuentro del Espacio Interregional del Sur Andino. La delegaci\u00f3n de Cusco estuvo compuesta por representantes de Espinar, Chumbivilcas y Paruro, quienes [&hellip;]<\/p>\n","protected":false},"author":1,"featured_media":3437,"comment_status":"open","ping_status":"open","sticky":false,"template":"","format":"standard","meta":{"_monsterinsights_skip_tracking":false,"_monsterinsights_sitenote_active":false,"_monsterinsights_sitenote_note":"","_monsterinsights_sitenote_category":0,"_jetpack_memberships_contains_paid_content":false,"footnotes":"","jetpack_publicize_message":"","jetpack_publicize_feature_enabled":true,"jetpack_social_post_already_shared":false,"jetpack_social_options":{"image_generator_settings":{"template":"highway","default_image_id":0,"font":"","enabled":false},"version":2}},"categories":[1],"tags":[],"class_list":["post-3436","post","type-post","status-publish","format-standard","has-post-thumbnail","hentry","category-sin-categoria"],"blocksy_meta":[],"jetpack_publicize_connections":[],"jetpack_featured_media_url":"https:\/\/derechosinfronteras.pe\/wp-content\/uploads\/2022\/04\/encuentro-punito.jpg","jetpack_sharing_enabled":true,"jetpack_likes_enabled":true,"_links":{"self":[{"href":"https:\/\/derechosinfronteras.pe\/ingles\/wp-json\/wp\/v2\/posts\/3436","targetHints":{"allow":["GET"]}}],"collection":[{"href":"https:\/\/derechosinfronteras.pe\/ingles\/wp-json\/wp\/v2\/posts"}],"about":[{"href":"https:\/\/derechosinfronteras.pe\/ingles\/wp-json\/wp\/v2\/types\/post"}],"author":[{"embeddable":true,"href":"https:\/\/derechosinfronteras.pe\/ingles\/wp-json\/wp\/v2\/users\/1"}],"replies":[{"embeddable":true,"href":"https:\/\/derechosinfronteras.pe\/ingles\/wp-json\/wp\/v2\/comments?post=3436"}],"version-history":[{"count":0,"href":"https:\/\/derechosinfronteras.pe\/ingles\/wp-json\/wp\/v2\/posts\/3436\/revisions"}],"wp:featuredmedia":[{"embeddable":true,"href":"https:\/\/derechosinfronteras.pe\/ingles\/wp-json\/wp\/v2\/media\/3437"}],"wp:attachment":[{"href":"https:\/\/derechosinfronteras.pe\/ingles\/wp-json\/wp\/v2\/media?parent=3436"}],"wp:term":[{"taxonomy":"category","embeddable":true,"href":"https:\/\/derechosinfronteras.pe\/ingles\/wp-json\/wp\/v2\/categories?post=3436"},{"taxonomy":"post_tag","embeddable":true,"href":"https:\/\/derechosinfronteras.pe\/ingles\/wp-json\/wp\/v2\/tags?post=3436"}],"curies":[{"name":"wp","href":"https:\/\/api.w.org\/{rel}","templated":true}]}}