{"id":3444,"date":"2022-03-25T15:33:31","date_gmt":"2022-03-25T20:33:31","guid":{"rendered":"http:\/\/derechosinfronteras.pe\/?p=8003"},"modified":"2022-03-25T15:33:31","modified_gmt":"2022-03-25T20:33:31","slug":"espinar-y-paruro-comparten-experiencias-en-el-iii-encuentro-internacional-de-vigilantes-y-monitores-ambientales","status":"publish","type":"post","link":"https:\/\/derechosinfronteras.pe\/ingles\/espinar-y-paruro-comparten-experiencias-en-el-iii-encuentro-internacional-de-vigilantes-y-monitores-ambientales\/","title":{"rendered":"Espinar y Paruro comparten experiencias en el III Encuentro Internacional de Vigilantes y Monitores Ambientales"},"content":{"rendered":"<p>Redacci\u00f3n DHSF<\/p>\n<p>La Asociaci\u00f3n de Vigilantes y Monitores Ambientales de Espinar (AVMAE) y monitores ambientales del distrito de Paruro, en representaci\u00f3n de la regi\u00f3n del Cusco, participaron en el III Encuentro Internacional de Vigilantes y Monitores Ambientales, realizado en la ciudad de Trujillo, los d\u00edas 23, 24 y 25 de marzo.<\/p>\n<p>En el primer d\u00eda del encuentro se realiz\u00f3 la feria de experiencias, donde la regi\u00f3n del Cusco pudo compartir el trabajo de monitoreo y vigilancia que se viene realizando en las cuencas Ca\u00f1ip\u00eda- Espinar y en la comunidad de campesina de Huillque y Accha en Paruro. Mientras que, en el segundo d\u00eda se realiz\u00f3 una salida a campo a la cuenca de Otuzco, Trujillo, con la finalidad de compartir conocimiento en el uso de los kits de monitoreo de agua.<\/p>\n<p>\u201cHemos compartido experiencias importantes sobre estrategias y metodolog\u00eda, tips sobre monitoreo y escuchado a ponentes de diferentes pa\u00edses\u00bb, se\u00f1al\u00f3 Santos Chuchullo, representante de la AVMAE.<\/p>\n<p><img fetchpriority=\"high\" decoding=\"async\" class=\"size-large wp-image-8005 aligncenter\" src=\"http:\/\/derechosinfronteras.pe\/wp-content\/uploads\/2022\/03\/avmae-liucio-1024x473.jpg\" alt=\"\" width=\"715\" height=\"330\" \/><\/p>\n<p><strong>EXPERIENCIA DE VIGILANCIA Y MONITOREO EN ESPINAR <\/strong><\/p>\n<p>La AVMAE es una organizaci\u00f3n social de voluntarias y voluntarios que realizan actividades de vigilancia y monitoreo en Espinar, desde su fundaci\u00f3n en octubre de 2017, los y las integrantes reciben capacitaci\u00f3n constante para realizar monitoreo del agua en zonas afectadas por actividades extractivas.<\/p>\n<p>En marzo del 2021, la asociaci\u00f3n apoy\u00f3 en un monitoreo en la comunidad de Huisa, Espinar, para revisar la calidad de agua para consumo humano y consumo animal, tras el pedido de una comunera de la zona, quien se percat\u00f3 de que las plantas presentaban brillos no naturales y el agua ten\u00eda un color rojizo y grasoso.<\/p>\n<p>En los resultados se pudo obtener que las aguas de consumo animal ten\u00edan pH=6 (pH \u00e1cido) y alcalinidad de 30 mg\/L (baja), dureza (20mg\/L), turbidez de agua (15 JTU) y el ox\u00edgeno (3.25 mg\/L).<\/p>\n<p>La toxic\u00f3loga Rut P\u00e9rez Saldarriaga, parte del equipo del \u00c1rea de Derechos Colectivos y Medio Ambiente de Derechos Humanos Sin Fronteras, analiz\u00f3 este hallazgo. \u201cSi bien la alcalinidad est\u00e1 dentro de los est\u00e1ndares de calidad ambiental permitidos, su valor es bajo. Esto significa que son aguas que permiten el paso de sustancias \u00e1cidas. Sumado a esto, el pH se encontraba por debajo de los est\u00e1ndares de calidad ambiental para aguas de consumo animal\u201d, declar\u00f3.<\/p>\n<p>Lo cierto es que, contin\u00faa la especialista, \u201cla turbidez de las aguas para consumo animal fue alta y el ox\u00edgeno disuelto por debajo del rango aceptable en los est\u00e1ndares de calidad ambiental, que es sobre los 5mg\/L; ambos valores dan alerta de que la cantidad de luz que ingresa es baja y, por lo tanto, no permite una adecuada oxigenaci\u00f3n para la vida de animales acu\u00e1ticos\u201d.<\/p>\n<p><strong>DETALLES DEL EVENTO <\/strong><\/p>\n<p>El encuentro de Trujillo, que concentr\u00f3 a diversas regiones del Per\u00fa: Jun\u00edn, Piura, Cerro de Pasco, Cusco, Ancash, Lima, Ayacucho, Cajamarca, Puno, Apur\u00edmac y La Libertad, tuvo como objetivos:<\/p>\n<ul>\n<li>Analizar los impactos de las actividades extractivas en los recursos h\u00eddricos en los pa\u00edses de Am\u00e9rica Latina, y elaborar propuestas de acci\u00f3n conjunta.<\/li>\n<li>Intercambiar experiencias de los comit\u00e9s de vigilancia y monitoreo, de su forma de organizaci\u00f3n, metodolog\u00edas, conocimientos y aprendizajes.<\/li>\n<li>Fortalecer el proceso de articulaci\u00f3n de los comit\u00e9s de vigilancia y monitoreo ambiental de las regiones del Per\u00fa.<\/li>\n<\/ul>\n<p>Participaron especialistas como Mirtha V\u00e1squez, expresidenta del Consejo de Ministros; Lucio Cuenca Berger, del Observatorio de Conflictos Ambientales de Chile; Sergio V\u00e1squez Rojas, director ejecutivo del Centro de Comunicaci\u00f3n y Desarrollo Andino (CENDA) y Alberto Acosta, economista, pol\u00edtico y expresidente de la Asamblea Nacional Constituyente de Ecuador. Estos dos \u00faltimos panelistas en representaci\u00f3n de Bolivia y Ecuador, respectivamente.<\/p>\n<p>Las ponencias fueron sobre miner\u00eda, agua y conflictos ecoterritoriales; contexto pol\u00edtico y actividades extractivas; extractivismo minero y vulneraci\u00f3n de derechos humanos y ambientales; s\u00edntesis del contexto extractivo y los impactos en los territorios.<\/p>\n<p>El evento permiti\u00f3 trazar actividades para exigir el reconocimiento de las\/los monitores y vigilantes comunitarios, intercambiar experiencias y fortalecer los comit\u00e9s para reactivar los espacios de vigilancia y monitoreo comunitario.<\/p>\n<p>\u201cQueremos que nuestros monitoreos sean reconocidos porque cuando hacemos denuncias ambientales no validan los resultados de los monitoreos que hacemos, nos dicen que no estamos certificados y que no hay garant\u00eda\u201d, manifest\u00f3 el monitor ambiental de la AVMAE, Santos Chuchullo.<\/p>\n<p>Finalmente, la actividad culmin\u00f3 con la articulaci\u00f3n de comit\u00e9s y la difusi\u00f3n de las conclusiones en radio Chami, una emisora local de la ciudad de Trujillo.<\/p>\n<p><img decoding=\"async\" class=\"size-large wp-image-8006 aligncenter\" src=\"http:\/\/derechosinfronteras.pe\/wp-content\/uploads\/2022\/03\/avmae-y-karem-1024x473.jpg\" alt=\"\" width=\"715\" height=\"330\" \/><\/p>","protected":false},"excerpt":{"rendered":"<p>Redacci\u00f3n DHSF La Asociaci\u00f3n de Vigilantes y Monitores Ambientales de Espinar (AVMAE) y monitores ambientales del distrito de Paruro, en representaci\u00f3n de la regi\u00f3n del Cusco, participaron en el III Encuentro Internacional de Vigilantes y Monitores Ambientales, realizado en la ciudad de Trujillo, los d\u00edas 23, 24 y 25 de marzo. En el primer d\u00eda [&hellip;]<\/p>\n","protected":false},"author":1,"featured_media":3445,"comment_status":"open","ping_status":"open","sticky":false,"template":"","format":"standard","meta":{"_monsterinsights_skip_tracking":false,"_monsterinsights_sitenote_active":false,"_monsterinsights_sitenote_note":"","_monsterinsights_sitenote_category":0,"_jetpack_memberships_contains_paid_content":false,"footnotes":"","jetpack_publicize_message":"","jetpack_publicize_feature_enabled":true,"jetpack_social_post_already_shared":false,"jetpack_social_options":{"image_generator_settings":{"template":"highway","default_image_id":0,"font":"","enabled":false},"version":2}},"categories":[1],"tags":[],"class_list":["post-3444","post","type-post","status-publish","format-standard","has-post-thumbnail","hentry","category-sin-categoria"],"blocksy_meta":[],"jetpack_publicize_connections":[],"jetpack_featured_media_url":"https:\/\/derechosinfronteras.pe\/wp-content\/uploads\/2022\/03\/web-avmae.jpg","jetpack_sharing_enabled":true,"jetpack_likes_enabled":true,"_links":{"self":[{"href":"https:\/\/derechosinfronteras.pe\/ingles\/wp-json\/wp\/v2\/posts\/3444","targetHints":{"allow":["GET"]}}],"collection":[{"href":"https:\/\/derechosinfronteras.pe\/ingles\/wp-json\/wp\/v2\/posts"}],"about":[{"href":"https:\/\/derechosinfronteras.pe\/ingles\/wp-json\/wp\/v2\/types\/post"}],"author":[{"embeddable":true,"href":"https:\/\/derechosinfronteras.pe\/ingles\/wp-json\/wp\/v2\/users\/1"}],"replies":[{"embeddable":true,"href":"https:\/\/derechosinfronteras.pe\/ingles\/wp-json\/wp\/v2\/comments?post=3444"}],"version-history":[{"count":0,"href":"https:\/\/derechosinfronteras.pe\/ingles\/wp-json\/wp\/v2\/posts\/3444\/revisions"}],"wp:featuredmedia":[{"embeddable":true,"href":"https:\/\/derechosinfronteras.pe\/ingles\/wp-json\/wp\/v2\/media\/3445"}],"wp:attachment":[{"href":"https:\/\/derechosinfronteras.pe\/ingles\/wp-json\/wp\/v2\/media?parent=3444"}],"wp:term":[{"taxonomy":"category","embeddable":true,"href":"https:\/\/derechosinfronteras.pe\/ingles\/wp-json\/wp\/v2\/categories?post=3444"},{"taxonomy":"post_tag","embeddable":true,"href":"https:\/\/derechosinfronteras.pe\/ingles\/wp-json\/wp\/v2\/tags?post=3444"}],"curies":[{"name":"wp","href":"https:\/\/api.w.org\/{rel}","templated":true}]}}