{"id":3450,"date":"2022-03-23T12:53:14","date_gmt":"2022-03-23T17:53:14","guid":{"rendered":"http:\/\/derechosinfronteras.pe\/?p=7978"},"modified":"2022-03-23T12:53:14","modified_gmt":"2022-03-23T17:53:14","slug":"lanzamiento-de-la-campana-comunicacional-cabeceras-de-cuenca-donde-nace-la-vida","status":"publish","type":"post","link":"https:\/\/derechosinfronteras.pe\/ingles\/lanzamiento-de-la-campana-comunicacional-cabeceras-de-cuenca-donde-nace-la-vida\/","title":{"rendered":"Lanzamiento de la campa\u00f1a comunicacional: \u201cCabeceras de cuenca, donde nace la vida\u201d"},"content":{"rendered":"<p>Nota de prensa<\/p>\n<p>En el marco del D\u00eda Mundial del Agua, las organizaciones parte de la Red Muqui Sur lanzaron la campa\u00f1a sobre la importancia de las cabeceras de cuenca en la regeneraci\u00f3n h\u00eddrica, clim\u00e1tica y agroecol\u00f3gica de los territorios, denominada \u201cCabeceras de cuenca, donde nace la vida\u201d, en los territorios de Cusco, Puno y Apur\u00edmac.<\/p>\n<p>La presentaci\u00f3n se realiz\u00f3 esta ma\u00f1ana en una conferencia de prensa en el Hotel Fray Bartolom\u00e9 de las Casas, ubicada en la avenida Tullumayu 465 &#8211; Cusco.<\/p>\n<p>Participaron las y los defensores ambientales de las regiones de Cusco (Microcuenca Piuray), Puno (Cuenca Jatun Ayllu) y Apur\u00edmac (Sector Hidr\u00e1ulico Medio Apur\u00edmac Pachachaca), con testimonios sobre las diversas afectaciones ambientales al recurso h\u00eddrico en sus territorios, algunos ocasionados por empresas extractivas, pasivos ambientales, vertimiento de aguas residuales, entre otras amenazas que ponen en riesgo la diversidad biol\u00f3gica, los modos de vida, salud y seguridad alimentaria de las poblaciones locales y cuyas vidas se encuentran ligadas a las cabeceras de cuenca, donde se genera el agua.<\/p>\n<p>Las cabeceras de cuencas son zonas ambientalmente vulnerables, est\u00e1n reconocidas por el Estado peruano, dado que en ellas se originan los cursos de agua de una red hidrogr\u00e1fica en todo el pa\u00eds, por su gran capacidad de almacenamiento del recurso h\u00eddrico, sin embargo, las pol\u00edticas p\u00fablicas que se implementan en favor de su cuidado y preservaci\u00f3n son escasas. Asimismo, la falta de protecci\u00f3n de los humedales, la poca vegetaci\u00f3n en las cabeceras de cuenca y los efectos de la miner\u00eda, tanto formal como informal contribuyen a su deterioro.<\/p>\n<p>Tambi\u00e9n como parte del panel estuvieron Juan V\u00edctor B\u00e9jar, Beatriz Cortez y Helio Cruz, especialista en temas de gesti\u00f3n del agua, biodiversidad y cambio clim\u00e1tico del Centro Bartolom\u00e9 de las Casas, abogada de Red Muqui y abogado de Derechos Humanos Sin Fronteras, respectivamente.<\/p>\n<p>Esta campa\u00f1a busca visibilizar los impactos que se generan en las cabeceras de cuenca y las consecuencias en los territorios, como la degradaci\u00f3n ecol\u00f3gica productiva y el uso adecuado del bien.<\/p>\n<p>Tiene como objetivos informar sobre el rol de un desarrollo territorial integral que cumplen las cabeceras de cuenca, promover el cuidado y la preservaci\u00f3n de la cobertura vegetal de la materia org\u00e1nica en la capacidad de recarga h\u00eddrica de las cabeceras de cuenca y de los territorios rurales y proponer alternativas t\u00e9cnicas ancestrales y contempor\u00e1neas sostenibles para la protecci\u00f3n y regeneraci\u00f3n de las cabeceras de cuenca y del territorio rural.<\/p>\n<p>Vale precisar que las organizaciones sociales son la base fundamental en la defensa de las caberas de cuenca en los territorios. Sin organizaci\u00f3n no hay fuerza, no hay conciencia colectiva, no hay movilizaci\u00f3n.<\/p>\n<p>Finalmente, esta campa\u00f1a comunicacional, que durar\u00e1 6 meses, es impulsada por la Red Muqui Sur. La conforman 10 instituciones: Aprodeh Apur\u00edmac, Cedep Ayllu, Derechos Humanos Sin Fronteras, Asociaci\u00f3n Arariwa, Cadep Jos\u00e9 Mar\u00eda Arguedas, CooperAcci\u00f3n, Derechos Humanos y Medio Ambiente (DHUMA), Instituto de Estudios de las Culturas Andinas (IDECA), Centro Bartolom\u00e9 de las Casas e Isa\u00edas. Esta red busca incidir, a trav\u00e9s de esta campa\u00f1a comunicacional, en los gobiernos locales, regionales y nacional en la implementaci\u00f3n del marco normativo de la protecci\u00f3n de las cabeceras de cuenca.<\/p>\n<p><a href=\"https:\/\/fb.watch\/bX0SWnP86Q\/\" target=\"_blank\" rel=\"noopener\">AQU\u00cd<\/a>, puedes escuchar la conferencia de prensa completa.<\/p>","protected":false},"excerpt":{"rendered":"<p>Nota de prensa En el marco del D\u00eda Mundial del Agua, las organizaciones parte de la Red Muqui Sur lanzaron la campa\u00f1a sobre la importancia de las cabeceras de cuenca en la regeneraci\u00f3n h\u00eddrica, clim\u00e1tica y agroecol\u00f3gica de los territorios, denominada \u201cCabeceras de cuenca, donde nace la vida\u201d, en los territorios de Cusco, Puno y [&hellip;]<\/p>\n","protected":false},"author":1,"featured_media":3451,"comment_status":"open","ping_status":"open","sticky":false,"template":"","format":"standard","meta":{"_monsterinsights_skip_tracking":false,"_monsterinsights_sitenote_active":false,"_monsterinsights_sitenote_note":"","_monsterinsights_sitenote_category":0,"_jetpack_memberships_contains_paid_content":false,"footnotes":"","jetpack_publicize_message":"","jetpack_publicize_feature_enabled":true,"jetpack_social_post_already_shared":false,"jetpack_social_options":{"image_generator_settings":{"template":"highway","default_image_id":0,"font":"","enabled":false},"version":2}},"categories":[1],"tags":[],"class_list":["post-3450","post","type-post","status-publish","format-standard","has-post-thumbnail","hentry","category-sin-categoria"],"blocksy_meta":[],"jetpack_publicize_connections":[],"jetpack_featured_media_url":"https:\/\/derechosinfronteras.pe\/wp-content\/uploads\/2022\/03\/nota-cabeceras.jpg","jetpack_sharing_enabled":true,"jetpack_likes_enabled":true,"_links":{"self":[{"href":"https:\/\/derechosinfronteras.pe\/ingles\/wp-json\/wp\/v2\/posts\/3450","targetHints":{"allow":["GET"]}}],"collection":[{"href":"https:\/\/derechosinfronteras.pe\/ingles\/wp-json\/wp\/v2\/posts"}],"about":[{"href":"https:\/\/derechosinfronteras.pe\/ingles\/wp-json\/wp\/v2\/types\/post"}],"author":[{"embeddable":true,"href":"https:\/\/derechosinfronteras.pe\/ingles\/wp-json\/wp\/v2\/users\/1"}],"replies":[{"embeddable":true,"href":"https:\/\/derechosinfronteras.pe\/ingles\/wp-json\/wp\/v2\/comments?post=3450"}],"version-history":[{"count":0,"href":"https:\/\/derechosinfronteras.pe\/ingles\/wp-json\/wp\/v2\/posts\/3450\/revisions"}],"wp:featuredmedia":[{"embeddable":true,"href":"https:\/\/derechosinfronteras.pe\/ingles\/wp-json\/wp\/v2\/media\/3451"}],"wp:attachment":[{"href":"https:\/\/derechosinfronteras.pe\/ingles\/wp-json\/wp\/v2\/media?parent=3450"}],"wp:term":[{"taxonomy":"category","embeddable":true,"href":"https:\/\/derechosinfronteras.pe\/ingles\/wp-json\/wp\/v2\/categories?post=3450"},{"taxonomy":"post_tag","embeddable":true,"href":"https:\/\/derechosinfronteras.pe\/ingles\/wp-json\/wp\/v2\/tags?post=3450"}],"curies":[{"name":"wp","href":"https:\/\/api.w.org\/{rel}","templated":true}]}}